{"id":115216,"date":"2025-12-13T09:37:10","date_gmt":"2025-12-13T09:37:10","guid":{"rendered":"https:\/\/www.europesays.com\/fi\/115216\/"},"modified":"2025-12-13T09:37:10","modified_gmt":"2025-12-13T09:37:10","slug":"rosa-merilaiselta-avoin-rakkaudentunnustus-jaajo-linnonmaalta-paljonpuhuva-huomio","status":"publish","type":"post","link":"https:\/\/www.europesays.com\/fi\/115216\/","title":{"rendered":"Rosa Meril\u00e4iselt\u00e4 avoin rakkaudentunnustus \u2013 Jaajo Linnonmaalta paljonpuhuva huomio!"},"content":{"rendered":"<p>            Seiskan arkisto, Adobe Stock\n        <\/p>\n<p class=\"subtitle \">Aiemmin t\u00e4ll\u00e4 viikolla Rosa teki jopa omalla mittapuullaan poikkeuksellisen avoimen rakkaudentunnustuksen omalle \u201dTintilleen\u201d.<\/p>\n<p class=\"article-content article-content-width !bg-background\"> ja  ovat kulttuuripariskunta par excellence.<\/p>\n<p class=\"article-content article-content-width !bg-background\">Rosa on entinen vihreiden kansanedustaja ja nykyinen KULTA ry:n p\u00e4\u00e4sihteeri.<\/p>\n<p class=\"article-content article-content-width !bg-background\">KULTA taas on kulttuuri- ja taidealan keskusj\u00e4rjest\u00f6.<\/p>\n<p>        <a itemprop=\"url\" href=\"https:\/\/www.seiska.fi\/kotimaa\/rosa-merilainen-kommentoi-fatim-diarran-vittukohua\/1614335\" rel=\"nofollow noopener\" target=\"_blank\"><\/p>\n<p>\nFatim Diarra\n<\/p>\n<p class=\"section-date\">\n        <strong class=\"article-section\" data-section=\"kotimaa\"><br \/>\n            kotimaa<br \/>\n        <\/strong><br \/>\n        16.2. 19:30\n    <\/p>\n<p>Rosa Meril\u00e4inen kommentoi Fatim Diarran \u201dvittukohua\u201d\n    <\/p>\n<p itemprop=\"description\" class=\"subtitle \">\n    Fatim Diarra syytti mediaa rasismista. Viikko sitten lauantaina h\u00e4n ehti sanoa vittu-sanan eri muodoissa per\u00e4ti 11 kertaa 37 sekunnin aikana er\u00e4\u00e4ll\u00e4 videop\u00e4tk\u00e4ll\u00e4.\n<\/p>\n<p>        <\/a><\/p>\n<p class=\"article-content article-content-width !bg-background\">Tuomas taas on kirjailija ja vapaa toimittaja.<\/p>\n<p>                <img decoding=\"async\" src=\"https:\/\/www.europesays.com\/fi\/wp-content\/uploads\/2025\/12\/2019094.webp\" width=\"576\" height=\"322\" alt=\"Rosa ja Tuomas ovat tuttu pari erin\u00e4isiss\u00e4 mielenosoituksissa.\" loading=\"lazy\" \/>            <\/p>\n<p>\n            Rosa ja Tuomas ovat tuttu pari erin\u00e4isiss\u00e4 mielenosoituksissa.<br \/>\n            AOP\n        <\/p>\n<p>Uusperhe<\/p>\n<p class=\"article-content article-content-width !bg-background\">Rosa ja Tuomas ovatkin tuttu n\u00e4ky erilaisissa kulttuuririennoissa ja kutsuvierastilaisuuksissa.<\/p>\n<p class=\"article-content article-content-width !bg-background\">Rosa oli aiemmin yhdess\u00e4  kanssa, ja heill\u00e4 on yhteinen lapsi, vuonna 2006 syntynyt .<\/p>\n<p>        <a itemprop=\"url\" href=\"https:\/\/www.seiska.fi\/kotimaa\/simo-frangen-ei-anna-pukeutumisvinkkeja-lapselleen-frans-pukeutuu-vanhojen-tansseihin-aitinsa-iltapukuun\/1267005\" rel=\"nofollow noopener\" target=\"_blank\"><\/p>\n<p class=\"section-date\">\n        <strong class=\"article-section\" data-section=\"kotimaa\"><br \/>\n            kotimaa<br \/>\n        <\/strong><br \/>\n        9.2.2024 18:45\n    <\/p>\n<p>Simo Frang\u00e9n ei anna pukeutumisvinkkej\u00e4 lapselleen &#8211; Frans pukeutuu vanhojen tansseihin \u00e4itins\u00e4 iltapukuun\n    <\/p>\n<p itemprop=\"description\" class=\"subtitle \">\n    Nakkilalaisl\u00e4ht\u00f6inen tamperelaiskoomikko ja -juontaja tunnetaan eritt\u00e4in klassisesta pukeutumistyylist\u00e4\u00e4n.\n<\/p>\n<p>        <\/a><\/p>\n<p class=\"article-content article-content-width !bg-background\">Tuomaksella taas on lapsia aiemmasta suhteestaan.<\/p>\n<p class=\"article-content article-content-width !bg-background\">Uusperhearkeaan kaksikko on jakanut eri lehdiss\u00e4 vuosien mittaan.<\/p>\n<p>                <img decoding=\"async\" src=\"https:\/\/www.europesays.com\/fi\/wp-content\/uploads\/2025\/12\/2019093.webp\" width=\"576\" height=\"735\" alt=\"Rosa oli aiemmin yhdess\u00e4 Simo Frang\u00e9nin kanssa.\" loading=\"lazy\" \/>            <\/p>\n<p>\n            Rosa oli aiemmin yhdess\u00e4 Simo Frang\u00e9nin kanssa.<br \/>\n            Allerin arkisto\n        <\/p>\n<p>Avoin rakkaudentunnustus<\/p>\n<p class=\"article-content article-content-width !bg-background\">Aiemmin t\u00e4ll\u00e4 viikolla Rosa teki jopa omalla mittapuullaan poikkeuksellisen avoimen rakkaudentunnustuksen omalle \u201dTintilleen\u201d.<\/p>\n<p class=\"article-content article-content-width !bg-background\">Rosa jakoi Instagramissa kuvan, jossa kyhj\u00f6tt\u00e4\u00e4 silm\u00e4t kiinni voipuneen Tuomaksen kainalossa koiran kanssa.<\/p>\n<p>        <a itemprop=\"url\" href=\"https:\/\/www.seiska.fi\/vain-seiskassa\/no-mutta-nyt-on-varikasta-rosa-merilainen-paparazzikuvat\/1703258\" rel=\"nofollow noopener\" target=\"_blank\"><\/p>\n<p>\nPaparazzikuvat!\n<\/p>\n<p class=\"section-date\">\n        <strong class=\"article-section\" data-section=\"vain seiskassa\"><br \/>\n            vain seiskassa<br \/>\n        <\/strong><br \/>\n        16.5. 16:00\n    <\/p>\n<p>No, mutta nyt on v\u00e4rik\u00e4st\u00e4 Rosa Meril\u00e4inen \u2013 paparazzikuvat!\n    <\/p>\n<p itemprop=\"description\" class=\"subtitle \">\n    Konkaripoliitikko k\u00e4\u00e4nsi p\u00e4it\u00e4 Helsingin Bulevardilla.\n<\/p>\n<p>        <\/a><\/p>\n<p class=\"article-content article-content-width !bg-background\">Julkaisun yhteydess\u00e4 soi henke\u00e4salpaavan kaunis  ja  Kanssasi on niin hyv\u00e4 olla.<\/p>\n<p class=\"article-content article-content-width !bg-background\"> \u2013 Olin pitk\u00e4\u00e4n poissa kotoa, ollessani muilla mailla vierahilla kirjoittamassa ja oppimassa. Sain kyll\u00e4 siell\u00e4kin kosolti halauksia, sill\u00e4 osaan niit\u00e4 pyyt\u00e4\u00e4, mutta hellyydentarpeeni on niin paljon suurempi.<\/p>\n<p>                <img decoding=\"async\" src=\"https:\/\/www.europesays.com\/fi\/wp-content\/uploads\/2025\/12\/2019091.webp\" width=\"576\" height=\"322\" alt=\"Rosa ja Tuomas ovat n\u00e4ytt\u00e4v\u00e4 pari.\" loading=\"lazy\" \/>            <\/p>\n<p>\n            Rosa ja Tuomas ovat n\u00e4ytt\u00e4v\u00e4 pari.<br \/>\n            Timo Korhonen\n        <\/p>\n<p>&#8221;Ei mill\u00e4\u00e4n meinaa&#8221;<\/p>\n<p class=\"article-content article-content-width !bg-background\">Rosa kertoo, ett\u00e4 h\u00e4nen pit\u00e4\u00e4 saada olla kainalossa, sylikk\u00e4in ja silitelt\u00e4v\u00e4n\u00e4.<\/p>\n<p class=\"article-content article-content-width !bg-background\"> \u2013 Vaikka saan rakkailtani paljon hellyytt\u00e4, se ei mill\u00e4\u00e4n meinaa riitt\u00e4\u00e4, sill\u00e4 ehdin kyll\u00e4 ihan tavallisestikin olemaan kotona aivan liian v\u00e4h\u00e4n. Kotona ollessani kietoudun puolisooni kuin painajaisissa painiskeleva muratti.<\/p>\n<p class=\"article-content article-content-width !bg-background\"> \u2013 Ved\u00e4n v\u00e4h\u00e4n v\u00e4li\u00e4 viel\u00e4 koiratkin syliini ja hautaan kasvoni heid\u00e4n pehmeisiin turkkeihinsa. Miten ikin\u00e4 kest\u00e4isin yksin\u00e4isyytt\u00e4 ja rakkauden puutetta, Rosa ruotii retorisesti.<\/p>\n<p>        <a itemprop=\"url\" href=\"https:\/\/www.seiska.fi\/kotimaa\/rosa-merilaiselta-rakkauspaivitys-katsokaa-nyt\/1515244\" rel=\"nofollow noopener\" target=\"_blank\"><\/p>\n<p class=\"section-date\">\n        <strong class=\"article-section\" data-section=\"kotimaa\"><br \/>\n            kotimaa<br \/>\n        <\/strong><br \/>\n        8.11.2024 22:00\n    <\/p>\n<p>Rosa Meril\u00e4iselt\u00e4 rakkausp\u00e4ivitys: &#8221;Katsokaa nyt&#8221;\n    <\/p>\n<p itemprop=\"description\" class=\"subtitle \">\n    My\u00f6s Rosan ja h\u00e4nen ex-miehens\u00e4 Simo Frang\u00e9nin yhteinen lapsi, Frans Frang\u00e9n saa kiitosta \u00e4itins\u00e4 p\u00e4ivityksess\u00e4.\n<\/p>\n<p>        <\/a><\/p>\n<p class=\"article-content article-content-width !bg-background\">Jotkut ovat kommentoineet p\u00e4ivityst\u00e4 pelkin syd\u00e4min.<\/p>\n<p class=\"article-content article-content-width !bg-background\"> \u2013 Tunne ja realismi eiv\u00e4t korreloi, tuumailee er\u00e4s.<\/p>\n<p>                <img decoding=\"async\" src=\"https:\/\/www.europesays.com\/fi\/wp-content\/uploads\/2025\/12\/1855005.webp\" width=\"576\" height=\"322\" alt=\"Entinen radiojuontaja, nykyinen bisnesmies Jaajo huomasi yhdenn\u00e4k\u00f6isyyden itsens\u00e4 ja Tuomas Murajan v\u00e4lill\u00e4.\" loading=\"lazy\" \/>            <\/p>\n<p>\n            Entinen radiojuontaja, nykyinen bisnesmies Jaajo huomasi yhdenn\u00e4k\u00f6isyyden itsens\u00e4 ja Tuomas Murajan v\u00e4lill\u00e4.<br \/>\n            Kai Joronen\n        <\/p>\n<p>Nyt puhuu Jaajo<\/p>\n<p class=\"article-content article-content-width !bg-background\">Joku taas ihmettelee Tuomaksen yhdenn\u00e4k\u00f6isyytt\u00e4 kuvassa itse .<\/p>\n<p class=\"article-content article-content-width !bg-background\">Jaajo jakoi omassa stoorissaan Rosan kuvan torstaina.<\/p>\n<p>        <a itemprop=\"url\" href=\"https:\/\/www.seiska.fi\/kotimaa\/rosa-merilainen-ja-tuomas-rakas-herattavat-tunteita-laitan-aina-itseni-likoon\/1579744\" rel=\"nofollow noopener\" target=\"_blank\"><\/p>\n<p class=\"section-date\">\n        <strong class=\"article-section\" data-section=\"kotimaa\"><br \/>\n            kotimaa<br \/>\n        <\/strong><br \/>\n        16.1. 20:30\n    <\/p>\n<p>Rosa Meril\u00e4inen ja Tuomas-rakas her\u00e4tt\u00e4v\u00e4t tunteita \u2013 &#8221;Laitan aina itseni likoon&#8221;\n    <\/p>\n<p itemprop=\"description\" class=\"subtitle \">\n    Simo Frang\u00e9nin ja Rosan yhteinen lapsi, Frans Frang\u00e9n, on my\u00f6s ollut esill\u00e4 julkisuudessa.\n<\/p>\n<p>        <\/a><\/p>\n<p class=\"article-content article-content-width !bg-background\"> \u2013 Kerkesin jo hetken miettim\u00e4\u00e4n, ett\u00e4 milloin Rosa on kerinnyt mun kainaloon, Jaajo naureskeli yhdenn\u00e4k\u00f6isyydelle t\u00e4m\u00e4n mieheens\u00e4, bisnesmies leukaili nyt jo poistuneessa stoorissaan.<\/p>\n","protected":false},"excerpt":{"rendered":"Seiskan arkisto, Adobe Stock Aiemmin t\u00e4ll\u00e4 viikolla Rosa teki jopa omalla mittapuullaan poikkeuksellisen avoimen rakkaudentunnustuksen omalle \u201dTintilleen\u201d. ja&hellip;\n","protected":false},"author":2,"featured_media":115217,"comment_status":"","ping_status":"","sticky":false,"template":"","format":"standard","meta":{"footnotes":""},"categories":[136],"tags":[407,137,33,31,30,2681,408,21097,21094,21096,651,32,21095,109],"class_list":{"0":"post-115216","1":"post","2":"type-post","3":"status-publish","4":"format-standard","5":"has-post-thumbnail","7":"category-julkkikset","8":"tag-celebrities","9":"tag-entertainment","10":"tag-fi","11":"tag-finland","12":"tag-finnish","13":"tag-jaajo-linnonmaa","14":"tag-julkkikset","15":"tag-kulta-ry","16":"tag-kulttuuripariskunta","17":"tag-rosa-merilainen","18":"tag-suhteet","19":"tag-suomi","20":"tag-tuomas-muraja","21":"tag-viihde"},"share_on_mastodon":{"url":"https:\/\/pubeurope.com\/@fi\/115711590097233502","error":""},"_links":{"self":[{"href":"https:\/\/www.europesays.com\/fi\/wp-json\/wp\/v2\/posts\/115216","targetHints":{"allow":["GET"]}}],"collection":[{"href":"https:\/\/www.europesays.com\/fi\/wp-json\/wp\/v2\/posts"}],"about":[{"href":"https:\/\/www.europesays.com\/fi\/wp-json\/wp\/v2\/types\/post"}],"author":[{"embeddable":true,"href":"https:\/\/www.europesays.com\/fi\/wp-json\/wp\/v2\/users\/2"}],"replies":[{"embeddable":true,"href":"https:\/\/www.europesays.com\/fi\/wp-json\/wp\/v2\/comments?post=115216"}],"version-history":[{"count":0,"href":"https:\/\/www.europesays.com\/fi\/wp-json\/wp\/v2\/posts\/115216\/revisions"}],"wp:featuredmedia":[{"embeddable":true,"href":"https:\/\/www.europesays.com\/fi\/wp-json\/wp\/v2\/media\/115217"}],"wp:attachment":[{"href":"https:\/\/www.europesays.com\/fi\/wp-json\/wp\/v2\/media?parent=115216"}],"wp:term":[{"taxonomy":"category","embeddable":true,"href":"https:\/\/www.europesays.com\/fi\/wp-json\/wp\/v2\/categories?post=115216"},{"taxonomy":"post_tag","embeddable":true,"href":"https:\/\/www.europesays.com\/fi\/wp-json\/wp\/v2\/tags?post=115216"}],"curies":[{"name":"wp","href":"https:\/\/api.w.org\/{rel}","templated":true}]}}