{"id":115228,"date":"2025-12-13T10:03:21","date_gmt":"2025-12-13T10:03:21","guid":{"rendered":"https:\/\/www.europesays.com\/fi\/115228\/"},"modified":"2025-12-13T10:03:21","modified_gmt":"2025-12-13T10:03:21","slug":"janne-katajan-ja-puolison-oudot-puuhat-ratsailla","status":"publish","type":"post","link":"https:\/\/www.europesays.com\/fi\/115228\/","title":{"rendered":"Janne Katajan ja puolison oudot puuhat \u2013 \u201dRatsailla\u201d"},"content":{"rendered":"<p>Juontaja-n\u00e4yttelij\u00e4 <strong>Janne Kataja<\/strong> piti parisuhdettaan ensin salassa. Jossakin vaiheessa puolisosta alettiin n\u00e4kem\u00e4\u00e4n vilauksia somen kautta. Nyt puoliso on esitelty kunnolla ja h\u00e4nen nimens\u00e4 on <strong>Krista<\/strong>. Parilla on yksi yhteinen lapsi, joka syntyi tasan vuosi sitten 13. joulukuuta. Pari on my\u00f6s kihloissa.<\/p>\n<p>Lue my\u00f6s: <a href=\"https:\/\/www.como.fi\/uutiset\/janne-katajalta-yllatys-nyt-se-on-julkista\/\" title=\"Janne Katajalta yll\u00e4tys: \u201dNyt se on julkista!\u201d\" class=\"underline-custom !font-montserrat !font-bold !underline-offset-4 !decoration-4 !decoration-red-600 !text-md\" rel=\"nofollow noopener\" target=\"_blank\">Janne Katajalta yll\u00e4tys: \u201dNyt se on julkista!\u201d<\/a><\/p>\n<p>Janne ja Krista ovat avanneet t\u00e4n\u00e4\u00e4n lapsensa syntym\u00e4p\u00e4iv\u00e4n\u00e4 joulukalenterin. Se tarkoitti videon julkaisua. T\u00e4m\u00e4n p\u00e4iv\u00e4n luukun nimi on \u201dratsailla\u201d.<\/p>\n<p>Lue my\u00f6s: <a href=\"https:\/\/www.como.fi\/uutiset\/janne-kataja-sukkahousut-paassa-onks-naa-puhtaat\/\" title=\"Janne Kataja sukkahousut p\u00e4\u00e4ss\u00e4: \u201dOnks n\u00e4\u00e4 puhtaat?\u201d\" class=\"underline-custom !font-montserrat !font-bold !underline-offset-4 !decoration-4 !decoration-red-600 !text-md\" rel=\"nofollow noopener\" target=\"_blank\">Janne Kataja sukkahousut p\u00e4\u00e4ss\u00e4: \u201dOnks n\u00e4\u00e4 puhtaat?\u201d<\/a><\/p>\n<p>Ratsailla tuntuu olevan Janne, joka esitt\u00e4\u00e4 ratsastusliikkeit\u00e4. Krista on videossa p\u00e4\u00e4 alhaalla peppu kohti puolisoaan. Kristan hiukset n\u00e4ytt\u00e4v\u00e4t hevosen h\u00e4nn\u00e4lt\u00e4. Janne n\u00e4ytt\u00e4\u00e4 antavan ruoskaa takana olevalle puolisolleen tai siis hevosen takaosalle.<\/p>\n<p>\u2013 Hou hou hou!! Joulukuu on jo kolmannessatoista p\u00e4iv\u00e4ss\u00e4 ja laukkaa kovasti kohti aattoa, lukee Katajan hauskassa julkaisussa.<\/p>\n<p>Lue my\u00f6s: <a href=\"https:\/\/www.como.fi\/uutiset\/janne-kataja-laistoi-kotisiivouksesta-nain-huijasi-kristaa\/\" title=\"Janne Kataja laistoi kotisiivouksesta \u2013 n\u00e4in huijasi Kristaa\" class=\"underline-custom !font-montserrat !font-bold !underline-offset-4 !decoration-4 !decoration-red-600 !text-md\" rel=\"nofollow noopener\" target=\"_blank\">Janne Kataja laistoi kotisiivouksesta \u2013 n\u00e4in huijasi Kristaa<\/a><\/p>\n<p>Video on saanut hyv\u00e4n vastaanoton ja se tuntuu huvittaneen monia.<\/p>\n<p>\u2013 Olette kyll\u00e4 aivan mahtavia vedet silmiss\u00e4 nauroin, kommentoi joku.<\/p>\n<p>\u2013 Parasta, saa kyll\u00e4 nauraa vedet silmiss\u00e4, toteaa er\u00e4s.<\/p>\n<p>\u2013 Hetki meni ennen kuin k\u00e4sitin mit\u00e4 t\u00e4ss\u00e4 tapahtuu, paljastaa yksi.<\/p>\n<p>N\u00e4et Katajan ja puolison puuhat my\u00f6s <a href=\"https:\/\/www.instagram.com\/reel\/DSMJvqDDece\/?utm_source=ig_web_copy_link&amp;igsh=MzRlODBiNWFlZA==\" target=\"_blank\" rel=\"noreferrer noopener nofollow\">t\u00e4\u00e4lt\u00e4<\/a>.<\/p>\n<p>Lue my\u00f6s: <a href=\"https:\/\/www.como.fi\/tilaa-comon-uutiskirje\/\" title=\"Tilaa Comon uutiskirje ja tied\u00e4t mist\u00e4 kahvitauolla puhutaan! Nappaa kotimaan tv-vinkit ja puheenaiheet suoraan s\u00e4hk\u00f6postiin t\u00e4st\u00e4.\" class=\"underline-custom !font-montserrat !font-bold !underline-offset-4 !decoration-4 !decoration-red-600 !text-md\" rel=\"nofollow noopener\" target=\"_blank\">Tilaa Comon uutiskirje ja tied\u00e4t mist\u00e4 kahvitauolla puhutaan! Nappaa kotimaan tv-vinkit ja puheenaiheet suoraan s\u00e4hk\u00f6postiin t\u00e4st\u00e4.<\/a><\/p>\n<p>\t\t\t<script async src=\"\/\/www.instagram.com\/embed.js\"><\/script><\/p>\n","protected":false},"excerpt":{"rendered":"Juontaja-n\u00e4yttelij\u00e4 Janne Kataja piti parisuhdettaan ensin salassa. Jossakin vaiheessa puolisosta alettiin n\u00e4kem\u00e4\u00e4n vilauksia somen kautta. Nyt puoliso on&hellip;\n","protected":false},"author":2,"featured_media":115229,"comment_status":"","ping_status":"","sticky":false,"template":"","format":"standard","meta":{"footnotes":""},"categories":[136],"tags":[407,137,33,31,30,2366,408,32,109],"class_list":{"0":"post-115228","1":"post","2":"type-post","3":"status-publish","4":"format-standard","5":"has-post-thumbnail","7":"category-julkkikset","8":"tag-celebrities","9":"tag-entertainment","10":"tag-fi","11":"tag-finland","12":"tag-finnish","13":"tag-janne-kataja","14":"tag-julkkikset","15":"tag-suomi","16":"tag-viihde"},"share_on_mastodon":{"url":"https:\/\/pubeurope.com\/@fi\/115711692212654712","error":""},"_links":{"self":[{"href":"https:\/\/www.europesays.com\/fi\/wp-json\/wp\/v2\/posts\/115228","targetHints":{"allow":["GET"]}}],"collection":[{"href":"https:\/\/www.europesays.com\/fi\/wp-json\/wp\/v2\/posts"}],"about":[{"href":"https:\/\/www.europesays.com\/fi\/wp-json\/wp\/v2\/types\/post"}],"author":[{"embeddable":true,"href":"https:\/\/www.europesays.com\/fi\/wp-json\/wp\/v2\/users\/2"}],"replies":[{"embeddable":true,"href":"https:\/\/www.europesays.com\/fi\/wp-json\/wp\/v2\/comments?post=115228"}],"version-history":[{"count":0,"href":"https:\/\/www.europesays.com\/fi\/wp-json\/wp\/v2\/posts\/115228\/revisions"}],"wp:featuredmedia":[{"embeddable":true,"href":"https:\/\/www.europesays.com\/fi\/wp-json\/wp\/v2\/media\/115229"}],"wp:attachment":[{"href":"https:\/\/www.europesays.com\/fi\/wp-json\/wp\/v2\/media?parent=115228"}],"wp:term":[{"taxonomy":"category","embeddable":true,"href":"https:\/\/www.europesays.com\/fi\/wp-json\/wp\/v2\/categories?post=115228"},{"taxonomy":"post_tag","embeddable":true,"href":"https:\/\/www.europesays.com\/fi\/wp-json\/wp\/v2\/tags?post=115228"}],"curies":[{"name":"wp","href":"https:\/\/api.w.org\/{rel}","templated":true}]}}