{"id":115230,"date":"2025-12-13T10:10:09","date_gmt":"2025-12-13T10:10:09","guid":{"rendered":"https:\/\/www.europesays.com\/fi\/115230\/"},"modified":"2025-12-13T10:10:09","modified_gmt":"2025-12-13T10:10:09","slug":"nuorten-leijonien-joukkue-mm-leirille-julki","status":"publish","type":"post","link":"https:\/\/www.europesays.com\/fi\/115230\/","title":{"rendered":"Nuorten Leijonien joukkue MM-leirille julki"},"content":{"rendered":"<p class=\"fact-box__label fact-box__label--container\">Fakta<\/p>\n<p>Nuorten Leijonien MM-leirijoukkueMaalivahdit<\/p>\n<p class=\"article-body mb-nof-24 px-nof-16\">Kerkola Patrik, KalPa Kuopio<\/p>\n<p class=\"article-body mb-nof-24 px-nof-16\">Rimpinen Petteri, Kiekko-Espoo<\/p>\n<p class=\"article-body mb-nof-24 px-nof-16\">Saarinen Kim, HPK H\u00e4meenlinna<\/p>\n<p>Puolustajat<\/p>\n<p class=\"article-body mb-nof-24 px-nof-16\">Boelius Lasse, \u00c4ss\u00e4t Pori<\/p>\n<p class=\"article-body mb-nof-24 px-nof-16\">Jokinen Mitja, TPS Turku<\/p>\n<p class=\"article-body mb-nof-24 px-nof-16\">Kiviharju Aron, HIFK Helsinki<\/p>\n<p class=\"article-body mb-nof-24 px-nof-16\">Nieminen Daniel, Pelicans Lahti<\/p>\n<p class=\"article-body mb-nof-24 px-nof-16\">Nykyri Niklas, HIFK Helsinki<\/p>\n<p class=\"article-body mb-nof-24 px-nof-16\">Piiparinen Juho, Tappara Tampere<\/p>\n<p class=\"article-body mb-nof-24 px-nof-16\">V\u00e4is\u00e4nen Veeti, Medicine Hat Tigers WHL<\/p>\n<p class=\"article-body mb-nof-24 px-nof-16\">V\u00e4lil\u00e4 Arttu, Lukko Rauma<\/p>\n<p>Hy\u00f6kk\u00e4\u00e4j\u00e4t<\/p>\n<p class=\"article-body mb-nof-24 px-nof-16\">Hemming Emil, Barrie Colts OHL<\/p>\n<p class=\"article-body mb-nof-24 px-nof-16\">Joki Atte, Lukko Rauma<\/p>\n<p class=\"article-body mb-nof-24 px-nof-16\">Kalto Onni, Oshawa Generals OHL<\/p>\n<p class=\"article-body mb-nof-24 px-nof-16\">Koivu Aatos, TPS Turku<\/p>\n<p class=\"article-body mb-nof-24 px-nof-16\">Kuhta Jasper, Ottawa 67&#8217;s OHL<\/p>\n<p class=\"article-body mb-nof-24 px-nof-16\">Miettinen Julius, Everett Silvertips WHL<\/p>\n<p class=\"article-body mb-nof-24 px-nof-16\">Pikkarainen Kasper, TPS Turku<\/p>\n<p class=\"article-body mb-nof-24 px-nof-16\">Ruohonen Heikki, Harvard University NCAA<\/p>\n<p class=\"article-body mb-nof-24 px-nof-16\">Saarelainen Joona, KalPa Kuopio<\/p>\n<p class=\"article-body mb-nof-24 px-nof-16\">Suvanto Oliver, Tappara Tampere<\/p>\n<p class=\"article-body mb-nof-24 px-nof-16\">Tuuva Leo, Lukko Rauma<\/p>\n<p class=\"article-body mb-nof-24 px-nof-16\">Vanhanen Matias, Everett Silvertips WHL<\/p>\n<p class=\"article-body mb-nof-24 px-nof-16\">Vesterinen Roope, HPK H\u00e4meenlinna<\/p>\n<p class=\"article-body mb-nof-24 px-nof-16\">Westerg\u00e5rd Max, Fr\u00f6lunda SWE<\/p>\n","protected":false},"excerpt":{"rendered":"Fakta Nuorten Leijonien MM-leirijoukkueMaalivahdit Kerkola Patrik, KalPa Kuopio Rimpinen Petteri, Kiekko-Espoo Saarinen Kim, HPK H\u00e4meenlinna Puolustajat Boelius Lasse,&hellip;\n","protected":false},"author":2,"featured_media":115231,"comment_status":"","ping_status":"","sticky":false,"template":"","format":"standard","meta":{"footnotes":""},"categories":[158],"tags":[33,31,30,34,159,32,160],"class_list":{"0":"post-115230","1":"post","2":"type-post","3":"status-publish","4":"format-standard","5":"has-post-thumbnail","7":"category-urheilu","8":"tag-fi","9":"tag-finland","10":"tag-finnish","11":"tag-ilta-sanomat","12":"tag-sports","13":"tag-suomi","14":"tag-urheilu"},"share_on_mastodon":{"url":"https:\/\/pubeurope.com\/@fi\/115711719788976305","error":""},"_links":{"self":[{"href":"https:\/\/www.europesays.com\/fi\/wp-json\/wp\/v2\/posts\/115230","targetHints":{"allow":["GET"]}}],"collection":[{"href":"https:\/\/www.europesays.com\/fi\/wp-json\/wp\/v2\/posts"}],"about":[{"href":"https:\/\/www.europesays.com\/fi\/wp-json\/wp\/v2\/types\/post"}],"author":[{"embeddable":true,"href":"https:\/\/www.europesays.com\/fi\/wp-json\/wp\/v2\/users\/2"}],"replies":[{"embeddable":true,"href":"https:\/\/www.europesays.com\/fi\/wp-json\/wp\/v2\/comments?post=115230"}],"version-history":[{"count":0,"href":"https:\/\/www.europesays.com\/fi\/wp-json\/wp\/v2\/posts\/115230\/revisions"}],"wp:featuredmedia":[{"embeddable":true,"href":"https:\/\/www.europesays.com\/fi\/wp-json\/wp\/v2\/media\/115231"}],"wp:attachment":[{"href":"https:\/\/www.europesays.com\/fi\/wp-json\/wp\/v2\/media?parent=115230"}],"wp:term":[{"taxonomy":"category","embeddable":true,"href":"https:\/\/www.europesays.com\/fi\/wp-json\/wp\/v2\/categories?post=115230"},{"taxonomy":"post_tag","embeddable":true,"href":"https:\/\/www.europesays.com\/fi\/wp-json\/wp\/v2\/tags?post=115230"}],"curies":[{"name":"wp","href":"https:\/\/api.w.org\/{rel}","templated":true}]}}