{"id":115254,"date":"2025-12-13T10:43:08","date_gmt":"2025-12-13T10:43:08","guid":{"rendered":"https:\/\/www.europesays.com\/fi\/115254\/"},"modified":"2025-12-13T10:43:08","modified_gmt":"2025-12-13T10:43:08","slug":"helikopteri-putosi-hyvinkaalla-poliisi-tutkii","status":"publish","type":"post","link":"https:\/\/www.europesays.com\/fi\/115254\/","title":{"rendered":"Helikopteri putosi Hyvink\u00e4\u00e4ll\u00e4 \u2013 poliisi tutkii"},"content":{"rendered":"<p>Helikopteri putosi opetustilanteessa.<\/p>\n<p class=\"article-body mb-nof-24 px-nof-16\">Hyvink\u00e4\u00e4n lentokent\u00e4ll\u00e4 sattui lauantaiaamup\u00e4iv\u00e4n\u00e4 onnettomuus, jossa oli osallisena ollut helikopteri.<\/p>\n<p class=\"article-body mb-nof-24 px-nof-16\">Helikopterissa on ollut meneill\u00e4\u00e4n opetustilanne.<\/p>\n<p class=\"article-body mb-nof-24 px-nof-16\">\u2013\u2009Nousun tai laskun yhteydess\u00e4 kopteri on pudonnut noin 1\u20132 metrin korkeudelta, kertoo komisario <a class=\"article-personlink\" href=\"https:\/\/www.is.fi\/haku\/?query=Ben%20Henriksson\" rel=\"nofollow noopener\" target=\"_blank\">Ben Henriksson <\/a>It\u00e4-Uudenmaan poliisilaitokselta.<\/p>\n<p class=\"article-body mb-nof-24 px-nof-16\">Onnettomuudessa ei tullut henkil\u00f6vahinkoja, mutta helikopteri meni k\u00e4ytt\u00f6kelvottomaksi.<\/p>\n<p class=\"article-body mb-nof-24 px-nof-16\">Henrikssonin mukaan ei ole viitteit\u00e4 siit\u00e4, ett\u00e4 onnettomuuteen liittyisi esimerkiksi p\u00e4ihteit\u00e4. T\u00e4ss\u00e4 vaiheessa poliisi jatkaa onnettomuuteen johtaneiden tapahtumien selvittely\u00e4.<\/p>\n<p class=\"article-body mb-nof-24 px-nof-16\">\u2013 Onnettomuustutkintakeskus sitten mahdollisesti jatkaa omalta osaltaan eteenp\u00e4in, Henriksson pohtii.<\/p>\n","protected":false},"excerpt":{"rendered":"Helikopteri putosi opetustilanteessa. Hyvink\u00e4\u00e4n lentokent\u00e4ll\u00e4 sattui lauantaiaamup\u00e4iv\u00e4n\u00e4 onnettomuus, jossa oli osallisena ollut helikopteri. Helikopterissa on ollut meneill\u00e4\u00e4n opetustilanne.&hellip;\n","protected":false},"author":2,"featured_media":1024,"comment_status":"","ping_status":"","sticky":false,"template":"","format":"standard","meta":{"footnotes":""},"categories":[5],"tags":[22,23,26,27,33,31,30,17,34,24,25,28,29,15,18,21,32,19,20,16],"class_list":{"0":"post-115254","1":"post","2":"type-post","3":"status-publish","4":"format-standard","5":"has-post-thumbnail","7":"category-otsikot","8":"tag-breaking-news","9":"tag-breakingnews","10":"tag-featured-news","11":"tag-featurednews","12":"tag-fi","13":"tag-finland","14":"tag-finnish","15":"tag-headlines","16":"tag-ilta-sanomat","17":"tag-latest-news","18":"tag-latestnews","19":"tag-main-news","20":"tag-mainnews","21":"tag-news","22":"tag-otsikot","23":"tag-paauutiset","24":"tag-suomi","25":"tag-top-stories","26":"tag-topstories","27":"tag-uutiset"},"share_on_mastodon":{"url":"https:\/\/pubeurope.com\/@fi\/115711849478741756","error":""},"_links":{"self":[{"href":"https:\/\/www.europesays.com\/fi\/wp-json\/wp\/v2\/posts\/115254","targetHints":{"allow":["GET"]}}],"collection":[{"href":"https:\/\/www.europesays.com\/fi\/wp-json\/wp\/v2\/posts"}],"about":[{"href":"https:\/\/www.europesays.com\/fi\/wp-json\/wp\/v2\/types\/post"}],"author":[{"embeddable":true,"href":"https:\/\/www.europesays.com\/fi\/wp-json\/wp\/v2\/users\/2"}],"replies":[{"embeddable":true,"href":"https:\/\/www.europesays.com\/fi\/wp-json\/wp\/v2\/comments?post=115254"}],"version-history":[{"count":0,"href":"https:\/\/www.europesays.com\/fi\/wp-json\/wp\/v2\/posts\/115254\/revisions"}],"wp:featuredmedia":[{"embeddable":true,"href":"https:\/\/www.europesays.com\/fi\/wp-json\/wp\/v2\/media\/1024"}],"wp:attachment":[{"href":"https:\/\/www.europesays.com\/fi\/wp-json\/wp\/v2\/media?parent=115254"}],"wp:term":[{"taxonomy":"category","embeddable":true,"href":"https:\/\/www.europesays.com\/fi\/wp-json\/wp\/v2\/categories?post=115254"},{"taxonomy":"post_tag","embeddable":true,"href":"https:\/\/www.europesays.com\/fi\/wp-json\/wp\/v2\/tags?post=115254"}],"curies":[{"name":"wp","href":"https:\/\/api.w.org\/{rel}","templated":true}]}}