{"id":115275,"date":"2025-12-13T11:28:08","date_gmt":"2025-12-13T11:28:08","guid":{"rendered":"https:\/\/www.europesays.com\/fi\/115275\/"},"modified":"2025-12-13T11:28:08","modified_gmt":"2025-12-13T11:28:08","slug":"pelicansin-tahtivahti-patrik-bartosak-ei-ole-kokoonpanossa","status":"publish","type":"post","link":"https:\/\/www.europesays.com\/fi\/115275\/","title":{"rendered":"Pelicansin t\u00e4htivahti Patrik Bartosak ei ole kokoonpanossa"},"content":{"rendered":"<p>Torstaina alkul\u00e4mm\u00f6ilt\u00e4 sivuun tippunut Patrik Bartosak ei ole Pelicansin kokoonpanossa, kun joukkue kohtaa t\u00e4n\u00e4\u00e4n vieraissa Kiekko-Espoon.<\/p>\n<p>Bartosak j\u00e4tti torstaina Sport-ottelun alkul\u00e4mm\u00f6t kesken. H\u00e4net oli nimetty aloittavaksi maalivahdiksi, mutta tilalle hypp\u00e4si nopealla aikataululla <strong class=\"typography-bold\">Zachary Edmond<\/strong>.<\/p>\n<p>T\u00e4n\u00e4\u00e4n Pelicans kohtaa K-Espoon, eik\u00e4 Bartosak ole ollenkaan kokoonpanossa. Edmond jatkaa aloittavana, kun luukulle taas on komennettu <strong class=\"typography-bold\">Frantisek Poletin<\/strong>.<\/p>\n<p>Lahtelaisten urheilujohtaja <strong class=\"typography-bold\">Janne Laukkanen<\/strong> kertoi perjantaina MTV Urheilulle, ettei Bartosakin tilanteen pit\u00e4isi olla &#8221;iso asia&#8221;.\u00a0<\/p>\n<p>32-vuotias Bartosak on pelannut h\u00e4ik\u00e4isev\u00e4n alkukauden. H\u00e4nt\u00e4 voidaan pit\u00e4\u00e4 syyssesongin parhaana kassarina.\u00a0<\/p>\n<p>Tshekkitorjuja on aloittanut 21 ottelua, joissa p\u00e4\u00e4stettyjen maalien keskiarvo on 1,86. Se on Liigan paras lukema. Nollapelej\u00e4 h\u00e4nell\u00e4 on jo kuusi. Listan seuraavalla maalivahdilla niit\u00e4 on vasta kolme.\u00a0<\/p>\n<p>Bartosakin otteiden laatua korostaa edess\u00e4 pelanneen joukkueen suorittaminen. Pelicansin alkukausi oli heikko, mutta se on saanut hiljalleen juonesta kiinni. T\u00e4ll\u00e4 haavaa nippu on runkosarjassa sijalla 12.<\/p>\n<p><strong class=\"typography-bold\">SM-liigaottelut lauantaina:<\/strong><\/p>\n","protected":false},"excerpt":{"rendered":"Torstaina alkul\u00e4mm\u00f6ilt\u00e4 sivuun tippunut Patrik Bartosak ei ole Pelicansin kokoonpanossa, kun joukkue kohtaa t\u00e4n\u00e4\u00e4n vieraissa Kiekko-Espoon. Bartosak j\u00e4tti&hellip;\n","protected":false},"author":2,"featured_media":115276,"comment_status":"","ping_status":"","sticky":false,"template":"","format":"standard","meta":{"footnotes":""},"categories":[158],"tags":[33,31,30,159,32,160],"class_list":{"0":"post-115275","1":"post","2":"type-post","3":"status-publish","4":"format-standard","5":"has-post-thumbnail","7":"category-urheilu","8":"tag-fi","9":"tag-finland","10":"tag-finnish","11":"tag-sports","12":"tag-suomi","13":"tag-urheilu"},"share_on_mastodon":{"url":"https:\/\/pubeurope.com\/@fi\/115712026491164559","error":""},"_links":{"self":[{"href":"https:\/\/www.europesays.com\/fi\/wp-json\/wp\/v2\/posts\/115275","targetHints":{"allow":["GET"]}}],"collection":[{"href":"https:\/\/www.europesays.com\/fi\/wp-json\/wp\/v2\/posts"}],"about":[{"href":"https:\/\/www.europesays.com\/fi\/wp-json\/wp\/v2\/types\/post"}],"author":[{"embeddable":true,"href":"https:\/\/www.europesays.com\/fi\/wp-json\/wp\/v2\/users\/2"}],"replies":[{"embeddable":true,"href":"https:\/\/www.europesays.com\/fi\/wp-json\/wp\/v2\/comments?post=115275"}],"version-history":[{"count":0,"href":"https:\/\/www.europesays.com\/fi\/wp-json\/wp\/v2\/posts\/115275\/revisions"}],"wp:featuredmedia":[{"embeddable":true,"href":"https:\/\/www.europesays.com\/fi\/wp-json\/wp\/v2\/media\/115276"}],"wp:attachment":[{"href":"https:\/\/www.europesays.com\/fi\/wp-json\/wp\/v2\/media?parent=115275"}],"wp:term":[{"taxonomy":"category","embeddable":true,"href":"https:\/\/www.europesays.com\/fi\/wp-json\/wp\/v2\/categories?post=115275"},{"taxonomy":"post_tag","embeddable":true,"href":"https:\/\/www.europesays.com\/fi\/wp-json\/wp\/v2\/tags?post=115275"}],"curies":[{"name":"wp","href":"https:\/\/api.w.org\/{rel}","templated":true}]}}