{"id":115287,"date":"2025-12-13T11:47:08","date_gmt":"2025-12-13T11:47:08","guid":{"rendered":"https:\/\/www.europesays.com\/fi\/115287\/"},"modified":"2025-12-13T11:47:08","modified_gmt":"2025-12-13T11:47:08","slug":"rosanna-kulju-julkaisi-saamansa-torkykommentin-pian-soi-puhelin","status":"publish","type":"post","link":"https:\/\/www.europesays.com\/fi\/115287\/","title":{"rendered":"Rosanna Kulju julkaisi saamansa t\u00f6rkykommentin: Pian soi puhelin"},"content":{"rendered":"<p>Rosanna Kulju sai perjantaina ilke\u00e4n viestin seuraajaltaan.<\/p>\n<p><img decoding=\"async\" class=\"image image-show image-preview\" src=\"https:\/\/www.europesays.com\/fi\/wp-content\/uploads\/2025\/12\/60e09558bebe302092d4a2b478922906312790093aae149632833e775d80f09b.jpg\" alt=\"\"\/><img decoding=\"async\" class=\"image image-show\" src=\"https:\/\/www.europesays.com\/fi\/wp-content\/uploads\/2025\/12\/1765626428_826_60e09558bebe302092d4a2b478922906312790093aae149632833e775d80f09b.jpg\" alt=\"\"\/><\/p>\n<p>Rosanna Kulju Tanssii t\u00e4htien kanssa -l\u00e4hetyksess\u00e4 28.9.2025 Atte Kajova<\/p>\n<p class=\"paragraph\">Somevaikuttaja <a href=\"https:\/\/www.iltalehti.fi\/henkilot\/Rosanna Kulju\" class=\"article-link-person-page\" rel=\"nofollow noopener\" target=\"_blank\">Rosanna Kulju<\/a>, 34, jakoi Instagram-tilins\u00e4 tarinat-osiossa erityisen r\u00e4ike\u00e4n t\u00f6rkyviestin, jonka h\u00e4n oli saanut Instagramin kautta.<\/p>\n<p class=\"paragraph\">Yksityisviestiss\u00e4 naishenkil\u00f6 onnitteli ensin Kuljua raskaudesta ja sitten h\u00e4n pyysi Kuljua pysym\u00e4\u00e4n poissa julkisuudessa.<\/p>\n<p class=\"paragraph\">\u2013  En jaksa katsoa. Sinulla ei ole mit\u00e4\u00e4n lis\u00e4\u00e4 annettavaa. Ymm\u00e4rr\u00e4n toki, ett\u00e4 rahasta joudut duunia edelleen tekem\u00e4\u00e4n, t\u00f6rkyviestiss\u00e4 kirjoitettiin perusteluiksi.<\/p>\n<p class=\"paragraph\">Naishenkil\u00f6 kommentoi Kuljun ulkon\u00e4k\u00f6\u00e4 ja vartaloa alatyylisesti. My\u00f6s Kuljun py\u00f6ristynyt raskausvatsa sai osansa naisen vihasta.<\/p>\n<p class=\"paragraph\">\u2013 Pysy maalla Pulussa ja Oulussa. Mielell\u00e4\u00e4n ilman julkisuutta, emme sinua kaipaa, viesti loppui.<\/p>\n<p class=\"paragraph\">Kulju jakoi viestin Instagram-tilins\u00e4 tarinat-osioon viestin kaikessa komeudessaan. Kulju toivotti sarkastisesti seuraajilleen hyv\u00e4\u00e4 viikonloppua  ja erityisesti viestin l\u00e4hett\u00e4j\u00e4lle.<\/p>\n<p>Yll\u00e4tt\u00e4v\u00e4 k\u00e4\u00e4nne<\/p>\n<p class=\"paragraph\">Sitten Kuljun puhelin pirisi. Kommentin l\u00e4hett\u00e4nyt henkil\u00f6 oli tuohtunut julkaisusta ja etsinyt Kuljun numeroon k\u00e4siins\u00e4.<\/p>\n<p class=\"paragraph\">\u2013 Henkil\u00f6, joka kirjoitti sen ihanan viestin soitti minulle. H\u00e4n uhkaili poliisilla ja lakimiehell\u00e4, jos en poista kyseist\u00e4 postausta. Olisi edes pyyt\u00e4nyt anteeksi, niin olisin ehdottomasti voinut keskustella asiasta, mutta ei. En jatkanut puhelua, Kulju kertoi.<\/p>\n<p class=\"paragraph\">Kulju ei poistanut tarinaa, vaan j\u00e4tti sen 96 000 seuraajansa n\u00e4ht\u00e4ville.<\/p>\n<p class=\"paragraph\">\u2013 Olen sit\u00e4 mielt\u00e4, ett\u00e4 tuo viesti oli oikeasti aika rajua teksti\u00e4 ja aikuinen kantaa mielest\u00e4ni aika paljon vastuuta omista teoistaan. Toivottavasti ei en\u00e4\u00e4 jatkossa kommentoi kenellek\u00e4\u00e4n vastaavanlaisesti, Kulju kirjoittaa.<\/p>\n<p class=\"paragraph\">Rosanna Kulju on somevaikuttaja, podcastaaja ja yritt\u00e4j\u00e4, joka nousi alun perin julkisuuteen Miss Helsinki 2015 -kisan kautta. H\u00e4n juontaa podcastia Mit\u00e4 mieless\u00e4? ja on esiintynyt eri televisiosarjoissa. Kulju jakaa el\u00e4m\u00e4\u00e4ns\u00e4 avoimesti somessa. H\u00e4n on jakanut viimeisimp\u00e4n\u00e4 matkaansa \u00e4idiksi somekanavissaan.<\/p>\n","protected":false},"excerpt":{"rendered":"Rosanna Kulju sai perjantaina ilke\u00e4n viestin seuraajaltaan. Rosanna Kulju Tanssii t\u00e4htien kanssa -l\u00e4hetyksess\u00e4 28.9.2025 Atte Kajova Somevaikuttaja Rosanna&hellip;\n","protected":false},"author":2,"featured_media":115288,"comment_status":"","ping_status":"","sticky":false,"template":"","format":"standard","meta":{"footnotes":""},"categories":[136],"tags":[35,407,137,33,31,30,101,408,53,979,103,151,32,109],"class_list":{"0":"post-115287","1":"post","2":"type-post","3":"status-publish","4":"format-standard","5":"has-post-thumbnail","7":"category-julkkikset","8":"tag-24h","9":"tag-celebrities","10":"tag-entertainment","11":"tag-fi","12":"tag-finland","13":"tag-finnish","14":"tag-ihmissuhteet","15":"tag-julkkikset","16":"tag-laki-oikeus-ja-rikos","17":"tag-sahkoinen-media","18":"tag-sosiaalikysymykset","19":"tag-sosiaalinen-media-ja-verkostoituminen","20":"tag-suomi","21":"tag-viihde"},"share_on_mastodon":{"url":"https:\/\/pubeurope.com\/@fi\/115712101409086322","error":""},"_links":{"self":[{"href":"https:\/\/www.europesays.com\/fi\/wp-json\/wp\/v2\/posts\/115287","targetHints":{"allow":["GET"]}}],"collection":[{"href":"https:\/\/www.europesays.com\/fi\/wp-json\/wp\/v2\/posts"}],"about":[{"href":"https:\/\/www.europesays.com\/fi\/wp-json\/wp\/v2\/types\/post"}],"author":[{"embeddable":true,"href":"https:\/\/www.europesays.com\/fi\/wp-json\/wp\/v2\/users\/2"}],"replies":[{"embeddable":true,"href":"https:\/\/www.europesays.com\/fi\/wp-json\/wp\/v2\/comments?post=115287"}],"version-history":[{"count":0,"href":"https:\/\/www.europesays.com\/fi\/wp-json\/wp\/v2\/posts\/115287\/revisions"}],"wp:featuredmedia":[{"embeddable":true,"href":"https:\/\/www.europesays.com\/fi\/wp-json\/wp\/v2\/media\/115288"}],"wp:attachment":[{"href":"https:\/\/www.europesays.com\/fi\/wp-json\/wp\/v2\/media?parent=115287"}],"wp:term":[{"taxonomy":"category","embeddable":true,"href":"https:\/\/www.europesays.com\/fi\/wp-json\/wp\/v2\/categories?post=115287"},{"taxonomy":"post_tag","embeddable":true,"href":"https:\/\/www.europesays.com\/fi\/wp-json\/wp\/v2\/tags?post=115287"}],"curies":[{"name":"wp","href":"https:\/\/api.w.org\/{rel}","templated":true}]}}