{"id":115300,"date":"2025-12-13T12:14:18","date_gmt":"2025-12-13T12:14:18","guid":{"rendered":"https:\/\/www.europesays.com\/fi\/115300\/"},"modified":"2025-12-13T12:14:18","modified_gmt":"2025-12-13T12:14:18","slug":"timothee-chalamet-ja-kylie-jenner-pukeutuivat-oranssiin","status":"publish","type":"post","link":"https:\/\/www.europesays.com\/fi\/115300\/","title":{"rendered":"Timoth\u00e9e Chalamet ja Kylie Jenner pukeutuivat oranssiin"},"content":{"rendered":"<p>Muoti|Elokuvaa markkinoivat Timoth\u00e9e Chalamet ja Kylie Jenner ovat tuorein esimerkki samassa v\u00e4riss\u00e4 edustavasta julkkisparista. Koostimme muistij\u00e4ljen j\u00e4tt\u00e4neit\u00e4 asuja vuosien varrelta.<\/p>\n<p>Lue tiivistelm\u00e4<\/p>\n<p>Tiivistelm\u00e4 on teko\u00e4lyn tekem\u00e4 ja ihmisen tarkistama.<\/p>\n<p class=\"article-body mb-nof-24 px-nof-16 sndp-summary-bullet-point-font\">N\u00e4yttelij\u00e4 Timoth\u00e9e Chalamet ja h\u00e4nen kumppaninsa Kylie Jenner pukeutuivat maanantaina kirkkaan oransseihin vaatteisiin Marty Supreme -elokuvan ensi-iltaan.<\/p>\n<p class=\"article-body mb-nof-24 px-nof-16 sndp-summary-bullet-point-font\">Oranssi v\u00e4ri on yksi elokuvan oheistuotteina myyt\u00e4vien vaatteiden v\u00e4rivaihtoehdoista.<\/p>\n<p class=\"article-body mb-nof-24 px-nof-16 sndp-summary-bullet-point-font\">Muutkin julkkispariskunnat ovat pukeutuneet samoihin v\u00e4reihin julkisissa tilanteissa.<\/p>\n<p class=\"article-body mb-nof-24 px-nof-16\">Uutta Marty Supreme -urheiludraamaa t\u00e4hditt\u00e4v\u00e4 <a class=\"article-personlink\" href=\"https:\/\/www.hs.fi\/haku\/?query=Timoth%C3%A9e%20Chalamet\" rel=\"nofollow noopener\" target=\"_blank\">Timoth\u00e9e Chalamet<\/a> ja h\u00e4nen kumppaninsa <a class=\"article-personlink\" href=\"https:\/\/www.hs.fi\/haku\/?query=Kylie%20Jenner\" rel=\"nofollow noopener\" target=\"_blank\">Kylie Jenner<\/a> edustivat maanantaina elokuvan ensi-iltatilaisuudessa kirkkaan oransseissa vaatteissa.<\/p>\n<p class=\"article-body mb-nof-24 px-nof-16\">Chalamet\u2019n ja Jennerin yhteensopivista asuista ovat kirjoittaneet muun muassa sanomalehdet <a class=\"article-genericlink\" href=\"https:\/\/www.nytimes.com\/2025\/12\/09\/style\/timothee-chalamet-kylie-jenner-marty-supreme.html\" rel=\"nofollow noopener\" target=\"_blank\">The New York Times<\/a> ja <a class=\"article-genericlink\" href=\"https:\/\/www.theguardian.com\/film\/2025\/dec\/12\/why-did-timothee-chalamet-and-kylie-jenner-dress-in-matching-orange\" rel=\"nofollow noopener\" target=\"_blank\">The Guardian<\/a>. Tyylivalinta ei ole j\u00e4\u00e4nyt huomaamatta my\u00f6sk\u00e4\u00e4n nettikommentoijilta.<\/p>\n<p class=\"article-body mb-nof-24 px-nof-16\">GQ-aikakauslehti <a class=\"article-genericlink\" href=\"https:\/\/www.gq.com\/story\/timothee-chalamet-marty-supreme-nahmias-merch\" rel=\"nofollow noopener\" target=\"_blank\">kirjoitti <\/a>viime kuussa Marty Supremen oheistuotteina myyt\u00e4vist\u00e4 vaatteista, kuten tuulitakeista ja huppareista. Yksi v\u00e4rivaihtoehdoista on samanlainen oranssi kuin Chalamet\u2019n ja Jennerin maanantaina k\u00e4ytt\u00e4miss\u00e4 asuissa.<\/p>\n<p class=\"article-body mb-nof-24 px-nof-16\">Suomen ensi-iltansa <a class=\"article-personlink\" href=\"https:\/\/www.hs.fi\/haku\/?query=Josh%20Safdien\" rel=\"nofollow noopener\" target=\"_blank\">Josh Safdien<\/a> ohjaama elokuva saa 23. tammikuuta.<\/p>\n<p><img decoding=\"async\" src=\"https:\/\/www.europesays.com\/fi\/wp-content\/uploads\/2025\/12\/1765628052_721_468.jpg\" alt=\"Timoth\u00e9e Chalamet ja Kylie Jenner poseerasivat maanantaina Marty Supreme -elokuvan ensi-iltatilaisuudessa Los Angelesissa.\" class=\"_Img_1rerz_1\" style=\"aspect-ratio:0.6526041666666667\" loading=\"eager\"\/><\/p>\n<p class=\"article-picture-caption\">Timoth\u00e9e Chalamet ja Kylie Jenner poseerasivat maanantaina Marty Supreme -elokuvan ensi-iltatilaisuudessa Los Angelesissa. Kuva:\u00a0Mario Anzuoni \/ Reuters<\/p>\n<p class=\"article-body mb-nof-24 px-nof-16\">Chalamet ja Jenner ovat kuitenkin vain tuorein esimerkki superjulkkispariskunnasta, joka koordinoi asunsa v\u00e4rien mukaan.<\/p>\n<p class=\"article-body mb-nof-24 px-nof-16\">Koostimme t\u00e4h\u00e4n artikkeliin huomiota her\u00e4tt\u00e4neit\u00e4 esimerkkej\u00e4 vuosien varrelta.<\/p>\n<p class=\"article-body mb-nof-24 px-nof-16\">Jalkapalloilija <a class=\"article-personlink\" href=\"https:\/\/www.hs.fi\/haku\/?query=David%20Beckham\" rel=\"nofollow noopener\" target=\"_blank\">David Beckham<\/a> ja Spice Girls -t\u00e4hti <a class=\"article-personlink\" href=\"https:\/\/www.hs.fi\/haku\/?query=Victoria%20Beckham\" rel=\"nofollow noopener\" target=\"_blank\">Victoria Beckham<\/a> n\u00e4ytt\u00e4ytyiv\u00e4t kes\u00e4kuussa 1999 muotitalo Versacen juhlissa Lontoossa mustaan nahkaan pukeutuneina.<\/p>\n<p class=\"article-body mb-nof-24 px-nof-16\">Victoria Beckham on sittemmin <a class=\"article-genericlink\" href=\"https:\/\/people.com\/style\/victoria-beckham-regrets-matching-leather-look-with-husband-david-beckham\/\" rel=\"nofollow noopener\" target=\"_blank\">sanonut<\/a>, ett\u00e4 pariskunnan lookissa on paljon pieless\u00e4.<\/p>\n<p class=\"article-body mb-nof-24 px-nof-16\">\u201dEnsinn\u00e4kin meill\u00e4 oli p\u00e4\u00e4ll\u00e4mme Guccia Versacen bileiss\u00e4, mik\u00e4 on itsess\u00e4\u00e4n ep\u00e4sopivaa\u201d, Beckham my\u00f6nsi.<\/p>\n<p><img decoding=\"async\" src=\"https:\/\/www.europesays.com\/fi\/wp-content\/uploads\/2025\/12\/1765628053_872_468.jpg\" alt=\"\" class=\"_Img_1rerz_1\" style=\"aspect-ratio:0.5135416666666667\" loading=\"eager\"\/><\/p>\n<p class=\"article-picture-caption\">Kuva:\u00a0Dave Hogan \/ Getty Images<\/p>\n<p class=\"article-body mb-nof-24 px-nof-16\">Kun Beckhamit meniv\u00e4t naimisiin samana kes\u00e4n\u00e4, oli molempien p\u00e4\u00e4ll\u00e4 purppuraa.<\/p>\n<p class=\"article-body mb-nof-24 px-nof-16\">Viime vuonna Victoria ja David Beckham juhlistivat hopeah\u00e4\u00e4p\u00e4iv\u00e4\u00e4ns\u00e4 julkaisemalla Instagram-kuvan samoissa purppuraisissa puvuissa.<\/p>\n<p class=\"article-body mb-nof-24 px-nof-16\">Pop-artistit <a class=\"article-personlink\" href=\"https:\/\/www.hs.fi\/haku\/?query=Britney%20Spears\" rel=\"nofollow noopener\" target=\"_blank\">Britney Spears<\/a> ja <a class=\"article-personlink\" href=\"https:\/\/www.hs.fi\/haku\/?query=Justin%20Timberlake\" rel=\"nofollow noopener\" target=\"_blank\">Justin Timberlake<\/a> eiv\u00e4t s\u00e4\u00e4stelleet farkkukankaassa vuoden 2001 American Music Awards -gaalassa.<\/p>\n<p class=\"article-body mb-nof-24 px-nof-16\">Spears <a class=\"article-genericlink\" href=\"https:\/\/www.independent.co.uk\/life-style\/fashion\/britney-spears-justin-timberlake-double-denim-b2434879.html\" rel=\"nofollow noopener\" target=\"_blank\">kertoi <\/a>Nainen minussa -omael\u00e4m\u00e4kerrassaan, ett\u00e4 ehdotti t\u00e4ysi-denimi\u00e4 vitsill\u00e4. Yll\u00e4tt\u00e4en h\u00e4nen tuolloinen poikayst\u00e4v\u00e4ns\u00e4 Timberlake ja Spearsin stylisti kuitenkin innostuivat ajatuksesta.<\/p>\n<p><img decoding=\"async\" src=\"https:\/\/www.europesays.com\/fi\/wp-content\/uploads\/2025\/12\/1765628054_455_468.jpg\" alt=\"\" class=\"_Img_1rerz_1\" style=\"aspect-ratio:0.6557291666666667\" loading=\"eager\"\/><\/p>\n<p class=\"article-picture-caption\">Kuva:\u00a0Frank Trapper \/ Corbis<\/p>\n<p class=\"article-body mb-nof-24 px-nof-16\">Useita hittej\u00e4 1960\u20131970-luvuilla levytt\u00e4nyt, <a class=\"article-personlink\" href=\"https:\/\/www.hs.fi\/haku\/?query=Sonny%20Bonosta\" rel=\"nofollow noopener\" target=\"_blank\">Sonny Bonosta<\/a> ja <a class=\"article-personlink\" href=\"https:\/\/www.hs.fi\/haku\/?query=Cherist%C3%A4\" rel=\"nofollow noopener\" target=\"_blank\">Cherist\u00e4<\/a> koostunut duo oli edell\u00e4k\u00e4vij\u00f6it\u00e4 pukeutumisen koordinoimisessa \u2013 ja vuodelta 1971 olevan kuvan perusteella my\u00f6s denimin runsaassa k\u00e4yt\u00f6ss\u00e4.<\/p>\n<p><img decoding=\"async\" src=\"https:\/\/www.europesays.com\/fi\/wp-content\/uploads\/2025\/12\/1765628055_461_468.jpg\" alt=\"\" class=\"_Img_1rerz_1\" style=\"aspect-ratio:0.6760416666666667\" loading=\"eager\"\/><\/p>\n<p class=\"article-picture-caption\">Kuva:\u00a0Phil Roach \/ Globe Photos<\/p>\n<p class=\"article-body mb-nof-24 px-nof-16\"><a class=\"article-personlink\" href=\"https:\/\/www.hs.fi\/haku\/?query=Rihanna\" rel=\"nofollow noopener\" target=\"_blank\">Rihanna<\/a> ja <a class=\"article-personlink\" href=\"https:\/\/www.hs.fi\/haku\/?query=Asap%20Rocky\" rel=\"nofollow noopener\" target=\"_blank\">Asap Rocky<\/a> taas valitsivat supersankarielokuvan Black Panther: Wakanda Forever (2022) ensi-iltaan v\u00e4rikseen harmaan.<\/p>\n<p><img decoding=\"async\" src=\"https:\/\/www.europesays.com\/fi\/wp-content\/uploads\/2025\/12\/1765628056_359_468.jpg\" alt=\"\" class=\"_Img_1rerz_1\" style=\"aspect-ratio:0.7609375\" loading=\"eager\"\/><\/p>\n<p class=\"article-picture-caption\">Kuva:\u00a0Axelle \/ Bauer-Griffin \/ FilmMagic<\/p>\n<p class=\"article-body mb-nof-24 px-nof-16\"><a class=\"article-personlink\" href=\"https:\/\/www.hs.fi\/haku\/?query=Ben%20Falcone\" rel=\"nofollow noopener\" target=\"_blank\">Ben Falcone<\/a> ja <a class=\"article-personlink\" href=\"https:\/\/www.hs.fi\/haku\/?query=Melissa%20McCarthy\" rel=\"nofollow noopener\" target=\"_blank\">Melissa McCarthy<\/a>, koomikoita molemmat, puolestaan vaihtoivat verkkareihin Vanity Fair -lehden Oscar-jatkoilla vuonna 2019.<\/p>\n<p><img decoding=\"async\" src=\"https:\/\/www.europesays.com\/fi\/wp-content\/uploads\/2025\/12\/1765628058_908_468.jpg\" alt=\"\" class=\"_Img_1rerz_1\" style=\"aspect-ratio:0.69375\" loading=\"eager\"\/><\/p>\n<p class=\"article-picture-caption\">Kuva:\u00a0Hubert Boesl \/ DPA<\/p>\n","protected":false},"excerpt":{"rendered":"Muoti|Elokuvaa markkinoivat Timoth\u00e9e Chalamet ja Kylie Jenner ovat tuorein esimerkki samassa v\u00e4riss\u00e4 edustavasta julkkisparista. Koostimme muistij\u00e4ljen j\u00e4tt\u00e4neit\u00e4 asuja&hellip;\n","protected":false},"author":2,"featured_media":115301,"comment_status":"","ping_status":"","sticky":false,"template":"","format":"standard","meta":{"footnotes":""},"categories":[136],"tags":[407,137,33,31,30,46,408,32,109],"class_list":{"0":"post-115300","1":"post","2":"type-post","3":"status-publish","4":"format-standard","5":"has-post-thumbnail","7":"category-julkkikset","8":"tag-celebrities","9":"tag-entertainment","10":"tag-fi","11":"tag-finland","12":"tag-finnish","13":"tag-helsingin-sanomat","14":"tag-julkkikset","15":"tag-suomi","16":"tag-viihde"},"share_on_mastodon":{"url":"https:\/\/pubeurope.com\/@fi\/115712207480017756","error":""},"_links":{"self":[{"href":"https:\/\/www.europesays.com\/fi\/wp-json\/wp\/v2\/posts\/115300","targetHints":{"allow":["GET"]}}],"collection":[{"href":"https:\/\/www.europesays.com\/fi\/wp-json\/wp\/v2\/posts"}],"about":[{"href":"https:\/\/www.europesays.com\/fi\/wp-json\/wp\/v2\/types\/post"}],"author":[{"embeddable":true,"href":"https:\/\/www.europesays.com\/fi\/wp-json\/wp\/v2\/users\/2"}],"replies":[{"embeddable":true,"href":"https:\/\/www.europesays.com\/fi\/wp-json\/wp\/v2\/comments?post=115300"}],"version-history":[{"count":0,"href":"https:\/\/www.europesays.com\/fi\/wp-json\/wp\/v2\/posts\/115300\/revisions"}],"wp:featuredmedia":[{"embeddable":true,"href":"https:\/\/www.europesays.com\/fi\/wp-json\/wp\/v2\/media\/115301"}],"wp:attachment":[{"href":"https:\/\/www.europesays.com\/fi\/wp-json\/wp\/v2\/media?parent=115300"}],"wp:term":[{"taxonomy":"category","embeddable":true,"href":"https:\/\/www.europesays.com\/fi\/wp-json\/wp\/v2\/categories?post=115300"},{"taxonomy":"post_tag","embeddable":true,"href":"https:\/\/www.europesays.com\/fi\/wp-json\/wp\/v2\/tags?post=115300"}],"curies":[{"name":"wp","href":"https:\/\/api.w.org\/{rel}","templated":true}]}}