{"id":115305,"date":"2025-12-13T12:22:13","date_gmt":"2025-12-13T12:22:13","guid":{"rendered":"https:\/\/www.europesays.com\/fi\/115305\/"},"modified":"2025-12-13T12:22:13","modified_gmt":"2025-12-13T12:22:13","slug":"pulp-fiction-stara-peter-greene-on-kuollut","status":"publish","type":"post","link":"https:\/\/www.europesays.com\/fi\/115305\/","title":{"rendered":"Pulp Fiction -stara Peter Greene on kuollut"},"content":{"rendered":"<p>Pahisrooleistaan tuttu<strong> Peter Greene <\/strong>on kuollut 60-vuotiaana. H\u00e4net l\u00f6ydettiin kuolleena kodistaan 12. joulukuuta.<\/p>\n<p>Greenen tunnetuimmat roolit lienev\u00e4t Pulp Fiction ja The Mask.<\/p>\n<p>Lue my\u00f6s: <a href=\"https:\/\/www.episodi.fi\/uutiset\/suosikkikirjailija-sophie-kinsella-on-kuollut\/\" title=\"Suosikkikirjailija Sophie Kinsella on kuollut\" class=\"underline-custom !font-montserrat !font-bold !underline-offset-4 !decoration-4 !decoration-episodi-blue !text-md\" rel=\"nofollow noopener\" target=\"_blank\">Suosikkikirjailija Sophie Kinsella on kuollut<\/a><\/p>\n<p>Lue my\u00f6s: <a href=\"https:\/\/www.episodi.fi\/uutiset\/hs-rintamakelaisten-ja-pikku-kakkosen-eila-roine-on-kuollut\/\" title=\"HS: Rintam\u00e4kel\u00e4isten ja Pikku Kakkosen Eila Roine on kuollut\" class=\"underline-custom !font-montserrat !font-bold !underline-offset-4 !decoration-4 !decoration-episodi-blue !text-md\" rel=\"nofollow noopener\" target=\"_blank\">HS: Rintam\u00e4kel\u00e4isten ja Pikku Kakkosen Eila Roine on kuollut<\/a><\/p>\n<p>H\u00e4n on n\u00e4ytellyt lukuisissa muissakin elokuvissa, kuten muun muassa Training Dayssa ja Ep\u00e4illyiss\u00e4 (The Usual Suspects).<\/p>\n<p>Greenen viimeisimpi\u00e4 rooleja John Wick -spinoff-sarjassa The Continentalissa.<\/p>\n<p>Greenell\u00e4 oli kaksi projektia tulossa:<strong> Mickey Rourken <\/strong>t\u00e4hditt\u00e4m\u00e4 Mascots sek\u00e4 From the American People: The Withdrawal of USAID -niminen dokumentti, jossa on mukana my\u00f6s <strong>Jason Alexander<\/strong> ja<strong> Kathleen Turner.<\/strong><\/p>\n<p>Lep\u00e4\u00e4 rauhassa, Peter.<\/p>\n<p>Lue my\u00f6s: <a href=\"https:\/\/www.episodi.fi\/uutiskirje\/?uutiskirjemainos=tekstilinkkimainos\" title=\"Tilaa Episodin uutiskirje ja voit voittaa leffalippuja! Nappaa tv-vinkit suoraan s\u00e4hk\u00f6postiin t\u00e4st\u00e4.\" class=\"underline-custom !font-montserrat !font-bold !underline-offset-4 !decoration-4 !decoration-episodi-blue !text-md\" rel=\"nofollow noopener\" target=\"_blank\">Tilaa Episodin uutiskirje ja voit voittaa leffalippuja! Nappaa katseluvinkit suoraan s\u00e4hk\u00f6postiin t\u00e4st\u00e4.<\/a><\/p>\n","protected":false},"excerpt":{"rendered":"Pahisrooleistaan tuttu Peter Greene on kuollut 60-vuotiaana. H\u00e4net l\u00f6ydettiin kuolleena kodistaan 12. joulukuuta. Greenen tunnetuimmat roolit lienev\u00e4t Pulp&hellip;\n","protected":false},"author":2,"featured_media":115306,"comment_status":"","ping_status":"","sticky":false,"template":"","format":"standard","meta":{"footnotes":""},"categories":[130],"tags":[137,33,31,30,4244,21104,32,109],"class_list":{"0":"post-115305","1":"post","2":"type-post","3":"status-publish","4":"format-standard","5":"has-post-thumbnail","7":"category-viihde","8":"tag-entertainment","9":"tag-fi","10":"tag-finland","11":"tag-finnish","12":"tag-in-memoriam","13":"tag-peter-greene","14":"tag-suomi","15":"tag-viihde"},"share_on_mastodon":{"url":"https:\/\/pubeurope.com\/@fi\/115712238792329083","error":""},"_links":{"self":[{"href":"https:\/\/www.europesays.com\/fi\/wp-json\/wp\/v2\/posts\/115305","targetHints":{"allow":["GET"]}}],"collection":[{"href":"https:\/\/www.europesays.com\/fi\/wp-json\/wp\/v2\/posts"}],"about":[{"href":"https:\/\/www.europesays.com\/fi\/wp-json\/wp\/v2\/types\/post"}],"author":[{"embeddable":true,"href":"https:\/\/www.europesays.com\/fi\/wp-json\/wp\/v2\/users\/2"}],"replies":[{"embeddable":true,"href":"https:\/\/www.europesays.com\/fi\/wp-json\/wp\/v2\/comments?post=115305"}],"version-history":[{"count":0,"href":"https:\/\/www.europesays.com\/fi\/wp-json\/wp\/v2\/posts\/115305\/revisions"}],"wp:featuredmedia":[{"embeddable":true,"href":"https:\/\/www.europesays.com\/fi\/wp-json\/wp\/v2\/media\/115306"}],"wp:attachment":[{"href":"https:\/\/www.europesays.com\/fi\/wp-json\/wp\/v2\/media?parent=115305"}],"wp:term":[{"taxonomy":"category","embeddable":true,"href":"https:\/\/www.europesays.com\/fi\/wp-json\/wp\/v2\/categories?post=115305"},{"taxonomy":"post_tag","embeddable":true,"href":"https:\/\/www.europesays.com\/fi\/wp-json\/wp\/v2\/tags?post=115305"}],"curies":[{"name":"wp","href":"https:\/\/api.w.org\/{rel}","templated":true}]}}