{"id":115310,"date":"2025-12-13T12:27:09","date_gmt":"2025-12-13T12:27:09","guid":{"rendered":"https:\/\/www.europesays.com\/fi\/115310\/"},"modified":"2025-12-13T12:27:09","modified_gmt":"2025-12-13T12:27:09","slug":"suomen-ja-eun-ulkopoliittinen-johto-toistaa-samaa-virheellista-viestia-venajasta-tutkija-se-nakertaa-uskottavuutta-ulkomaat","status":"publish","type":"post","link":"https:\/\/www.europesays.com\/fi\/115310\/","title":{"rendered":"Suomen ja EU:n ulkopoliittinen johto toistaa samaa virheellist\u00e4 viesti\u00e4 Ven\u00e4j\u00e4st\u00e4 \u2013 tutkija: Se nakertaa uskottavuutta | Ulkomaat"},"content":{"rendered":"<p class=\"aw-1gybjub aw-5vja16 kEtdKx kmuxyA yle__article__paragraph\">Ulkopoliittisen instituutin tutkijan Matti Pesun mukaan historialliset faktat ja vertaukset olisi hyv\u00e4 pit\u00e4\u00e4 kunnossa, vaikka Ven\u00e4j\u00e4n uhkaa halutaan painottaa.<\/p>\n<p><img decoding=\"async\" alt=\"Matti Pesu ty\u00f6huoneessaan Helsingiss\u00e4.\" src=\"https:\/\/www.europesays.com\/fi\/wp-content\/uploads\/2025\/12\/39-1095896642d6440e4d49.jpeg\" class=\"aw-1l9m598 hKVVvP\"\/><\/p>\n<p>Avaa kuvien katselu<\/p>\n<p>Matti Pesu arvioi, ett\u00e4 suomalaiset poliitikot ovat viestineet aktiivisesti Yhdysvaltojen suuntaan korostaen Ven\u00e4j\u00e4n uhkaa. Pesu kuvattiin ty\u00f6huoneellaan huhtikuussa 2023. Kuva: Silja Viitala \/ Yle<\/p>\n<p class=\"aw-1gybjub aw-1p7kakr kEtdKx cEmitX yle__article__paragraph\">Ulkoministeri <strong class=\"aw-ak79eh KyCXm yle__article__strong\">Elina<\/strong> <strong class=\"aw-ak79eh KyCXm yle__article__strong\">Valtonen<\/strong> (kok.) ja EU:n ulkoasioiden korkea edustaja <strong class=\"aw-ak79eh KyCXm yle__article__strong\">Kaja Kallas<\/strong> ovat viimeaikaisissa lausunnoissaan k\u00e4ytt\u00e4neet samankaltaista retoriikkaa Ven\u00e4j\u00e4n hy\u00f6kk\u00e4yksist\u00e4. Molempien viestit sis\u00e4lt\u00e4v\u00e4t kuitenkin virheit\u00e4.<\/p>\n<p class=\"aw-1gybjub aw-1p7kakr kEtdKx cEmitX yle__article__paragraph\"><a class=\"aw-iao6s4 iHOxEa yle__article__link\" href=\"https:\/\/x.com\/elinavaltonen\/status\/1998026889420779706\" role=\"link\" rel=\"nofollow\">Maanantaina Valtonen sanoi<\/a> haastattelussa yhdysvaltalaiselle CBS-kanavalle, ett\u00e4 \u201dviimeisen sadan vuoden aikana yksik\u00e4\u00e4n naapurimaa ei ole hy\u00f6k\u00e4nnyt Ven\u00e4j\u00e4lle. Viimeisen sadan vuoden aikana Ven\u00e4j\u00e4 on hy\u00f6k\u00e4nnyt 19:\u00e4\u00e4 naapurimaataan vastaan\u201d.<\/p>\n<p class=\"aw-1gybjub aw-1p7kakr kEtdKx cEmitX yle__article__paragraph\">Kallas puolestaan totesi <a class=\"aw-iao6s4 iHOxEa yle__article__link\" href=\"https:\/\/www.eeas.europa.eu\/eeas\/informal-foreign-affairs-council-press-conference-high-representative-kaja-kallas_en\" role=\"link\" rel=\"nofollow noopener\" target=\"_blank\">marraskuun lopussa<\/a>, ett\u00e4 \u201dviimeisen sadan vuoden aikana Ven\u00e4j\u00e4 on hy\u00f6k\u00e4nnyt yli 19 eri maahan, joihinkin jopa kolme tai nelj\u00e4 kertaa. Yksik\u00e4\u00e4n n\u00e4ist\u00e4 maista ei ole koskaan hy\u00f6k\u00e4nnyt Ven\u00e4j\u00e4lle.\u201d<\/p>\n<p class=\"aw-1gybjub aw-1p7kakr kEtdKx cEmitX yle__article__paragraph\">Ulkopoliittisen instituutin vanhempi tutkija <strong class=\"aw-ak79eh KyCXm yle__article__strong\">Matti<\/strong> <strong class=\"aw-ak79eh KyCXm yle__article__strong\">Pesu<\/strong> pit\u00e4\u00e4 Valtosen lausuntoa historiallisesti ep\u00e4tarkkana.<\/p>\n<p class=\"aw-1gybjub aw-1p7kakr kEtdKx cEmitX yle__article__paragraph\">\u2013 Kyll\u00e4 se oli hy\u00f6kk\u00e4ys, vaikka ulkopoliittinen johtomme koki, ett\u00e4 se oli perusteltu ja vaihtoehtoja ei oikeastaan ollut, Pesu toteaa viitaten Suomen toimiin jatkosodassa vuonna 1941.<\/p>\n<p>Ulkoministeri Elina Valtosen haastattelu CBS Newsill\u00e4 8.12. <\/p>\n<p class=\"aw-1gybjub aw-1p7kakr kEtdKx cEmitX yle__article__paragraph\">Pesu muistuttaa, ett\u00e4 vuonna 1941 Suomi hy\u00f6kk\u00e4si Neuvostoliittoon osana Saksan operaatio Barbarossaa. Taustalla oli pyrkimys saada takaisin talvisodassa menetetyt alueet.<\/p>\n<p class=\"aw-1gybjub aw-1p7kakr kEtdKx cEmitX yle__article__paragraph\">\u2013 Suomi halusi vahvojen turvallisuushuoliensa ja Neuvostoliiton aggressiivisuuden pelon vuoksi ottaa takaisin menetetyt alueet ja ehk\u00e4 laajentaa aluettaan entisest\u00e4\u00e4n, tutkija selitt\u00e4\u00e4.<\/p>\n<p class=\"aw-1gybjub aw-1p7kakr kEtdKx cEmitX yle__article__paragraph\">22. keskuuta 1941 natsi-Saksa hy\u00f6kk\u00e4si Neuvostoliittoon. 25. kes\u00e4kuuta Neuvostoliitto pommitti Helsinki\u00e4, koska katsoi Saksan hy\u00f6dynt\u00e4v\u00e4n Suomen aluetta hy\u00f6kk\u00e4yksess\u00e4\u00e4n.<\/p>\n<p class=\"aw-1gybjub aw-1p7kakr kEtdKx cEmitX yle__article__paragraph\"><a class=\"aw-iao6s4 iHOxEa yle__article__link\" href=\"https:\/\/yle.fi\/a\/74-20199142\" role=\"link\" rel=\"nofollow noopener\" target=\"_blank\">Helsingin yliopiston poliittisen historian professori Juhana Aunesluoman mukaan<\/a> sota k\u00e4ynnistyi Saksan suurhy\u00f6kk\u00e4yksen\u00e4, vaikka Neuvostoliitto pommittikin Suomea ensin. Alkuper\u00e4isen suunnitelman mukaan Suomen oli tarkoitus liitty\u00e4 hy\u00f6kk\u00e4ykseen vasta hieman my\u00f6hemmin.<\/p>\n<p>Viesti suunnattu Yhdysvaltoihin<\/p>\n<p class=\"aw-1gybjub aw-1p7kakr kEtdKx cEmitX yle__article__paragraph\">Valtosen ja Kallaksen samankaltaiset lausunnot her\u00e4tt\u00e4v\u00e4t kysymyksen, onko kyseess\u00e4 koordinoitu viestint\u00e4strategia.<\/p>\n<p class=\"aw-1gybjub aw-1p7kakr kEtdKx cEmitX yle__article__paragraph\">Pesu arvioi, ett\u00e4 suomalaiset poliitikot ovat viestineet aktiivisesti Yhdysvaltojen suuntaan korostaen Ven\u00e4j\u00e4n uhkaa.<\/p>\n<p class=\"aw-1gybjub aw-1p7kakr kEtdKx cEmitX yle__article__paragraph\">\u2013 Valtiojohtomme, presidentti, ulkoministeri ovat aika paljon viestineet my\u00f6s Yhdysvaltain suuntaan Ven\u00e4j\u00e4n uhkaa korostaen, mik\u00e4 liittyy siihen, ett\u00e4 Yhdysvaltoja halutaan nivoa Ukrainan rauhaprosessiin eurooppalaisten ja Ukrainan kannalta my\u00f6nteiselle linjalle.<\/p>\n<p class=\"aw-1gybjub aw-1p7kakr kEtdKx cEmitX yle__article__paragraph\">Pesun mukaan on mahdollista, ett\u00e4 Valtonen on kuullut Kallaksen esityksen ja toistanut sit\u00e4.<\/p>\n<p class=\"aw-1gybjub aw-1p7kakr kEtdKx cEmitX yle__article__paragraph\">Valtonen ei my\u00f6nt\u00e4nyt virheellisyytt\u00e4 <a class=\"aw-iao6s4 iHOxEa yle__article__link\" href=\"https:\/\/www.is.fi\/politiikka\/art-2000011685701.html\" role=\"link\" rel=\"nofollow noopener\" target=\"_blank\">Ilta-Sanomien haastattelussa<\/a>.<\/p>\n<p class=\"aw-1gybjub aw-1p7kakr kEtdKx cEmitX yle__article__paragraph\">Ven\u00e4j\u00e4n <a class=\"aw-iao6s4 iHOxEa yle__article__link\" href=\"https:\/\/t.me\/MariaVladimirovnaZakharova\/11836\" role=\"link\" rel=\"nofollow\">propaganda on jo tarttunut tilanteeseen<\/a>.<\/p>\n<p class=\"aw-1gybjub aw-1p7kakr kEtdKx cEmitX yle__article__paragraph\">\u2013 T\u00e4m\u00e4 antoi aseita Ven\u00e4j\u00e4n suunnalla hy\u00f6dynt\u00e4\u00e4 t\u00e4t\u00e4 puheenvuoroa, tutkija toteaa.<\/p>\n<p class=\"aw-1gybjub aw-1p7kakr kEtdKx cEmitX yle__article__paragraph\">Pesu korostaa, ett\u00e4 historialliset faktat ja vertaukset olisi hyv\u00e4 pit\u00e4\u00e4 kunnossa, vaikka Ven\u00e4j\u00e4n uhkaa halutaankin painottaa kansainv\u00e4lisess\u00e4 viestinn\u00e4ss\u00e4.<\/p>\n<p class=\"aw-1gybjub aw-1p7kakr kEtdKx cEmitX yle__article__paragraph\">\u2013 Kyll\u00e4 se v\u00e4h\u00e4n oman viestin uskottavuutta nakertaa.<\/p>\n","protected":false},"excerpt":{"rendered":"Ulkopoliittisen instituutin tutkijan Matti Pesun mukaan historialliset faktat ja vertaukset olisi hyv\u00e4 pit\u00e4\u00e4 kunnossa, vaikka Ven\u00e4j\u00e4n uhkaa halutaan&hellip;\n","protected":false},"author":2,"featured_media":115311,"comment_status":"","ping_status":"","sticky":false,"template":"","format":"standard","meta":{"footnotes":""},"categories":[12],"tags":[22,23,1617,26,27,33,31,30,17,1433,70,24,25,28,29,15,18,21,32,19,20,56,16,547,987],"class_list":{"0":"post-115310","1":"post","2":"type-post","3":"status-publish","4":"format-standard","5":"has-post-thumbnail","7":"category-suomi","8":"tag-breaking-news","9":"tag-breakingnews","10":"tag-euroopan-unioni","11":"tag-featured-news","12":"tag-featurednews","13":"tag-fi","14":"tag-finland","15":"tag-finnish","16":"tag-headlines","17":"tag-historia","18":"tag-kansainvalinen-politiikka","19":"tag-latest-news","20":"tag-latestnews","21":"tag-main-news","22":"tag-mainnews","23":"tag-news","24":"tag-otsikot","25":"tag-paauutiset","26":"tag-suomi","27":"tag-top-stories","28":"tag-topstories","29":"tag-ulkomaat","30":"tag-uutiset","31":"tag-venaja","32":"tag-venajan-hyokkays"},"share_on_mastodon":{"url":"https:\/\/pubeurope.com\/@fi\/115712258713436454","error":""},"_links":{"self":[{"href":"https:\/\/www.europesays.com\/fi\/wp-json\/wp\/v2\/posts\/115310","targetHints":{"allow":["GET"]}}],"collection":[{"href":"https:\/\/www.europesays.com\/fi\/wp-json\/wp\/v2\/posts"}],"about":[{"href":"https:\/\/www.europesays.com\/fi\/wp-json\/wp\/v2\/types\/post"}],"author":[{"embeddable":true,"href":"https:\/\/www.europesays.com\/fi\/wp-json\/wp\/v2\/users\/2"}],"replies":[{"embeddable":true,"href":"https:\/\/www.europesays.com\/fi\/wp-json\/wp\/v2\/comments?post=115310"}],"version-history":[{"count":0,"href":"https:\/\/www.europesays.com\/fi\/wp-json\/wp\/v2\/posts\/115310\/revisions"}],"wp:featuredmedia":[{"embeddable":true,"href":"https:\/\/www.europesays.com\/fi\/wp-json\/wp\/v2\/media\/115311"}],"wp:attachment":[{"href":"https:\/\/www.europesays.com\/fi\/wp-json\/wp\/v2\/media?parent=115310"}],"wp:term":[{"taxonomy":"category","embeddable":true,"href":"https:\/\/www.europesays.com\/fi\/wp-json\/wp\/v2\/categories?post=115310"},{"taxonomy":"post_tag","embeddable":true,"href":"https:\/\/www.europesays.com\/fi\/wp-json\/wp\/v2\/tags?post=115310"}],"curies":[{"name":"wp","href":"https:\/\/api.w.org\/{rel}","templated":true}]}}