{"id":115314,"date":"2025-12-13T12:41:08","date_gmt":"2025-12-13T12:41:08","guid":{"rendered":"https:\/\/www.europesays.com\/fi\/115314\/"},"modified":"2025-12-13T12:41:08","modified_gmt":"2025-12-13T12:41:08","slug":"tallainen-kolhu-tuli-pepe-willbergin-autoon-laulajaa-epaillaan-torkeasta-rikoksesta","status":"publish","type":"post","link":"https:\/\/www.europesays.com\/fi\/115314\/","title":{"rendered":"T\u00e4llainen kolhu tuli Pepe Willbergin autoon \u2013 Laulajaa ep\u00e4ill\u00e4\u00e4n t\u00f6rke\u00e4st\u00e4 rikoksesta"},"content":{"rendered":"<p>Poliisi tutkii kolaria t\u00f6rke\u00e4n\u00e4 liikenneturvallisuuden vaarantamisena.<\/p>\n<p><img decoding=\"async\" class=\"image image-show image-preview\" src=\"https:\/\/www.europesays.com\/fi\/wp-content\/uploads\/2025\/12\/d0fc3f8e41652de5ee026e7c255a86f5f4d4a570c7ab5a506764de3fde77c605.jpg\" alt=\"\"\/><img decoding=\"async\" class=\"image image-show\" src=\"https:\/\/www.europesays.com\/fi\/wp-content\/uploads\/2025\/12\/1765629668_523_d0fc3f8e41652de5ee026e7c255a86f5f4d4a570c7ab5a506764de3fde77c605.jpg\" alt=\"\"\/><\/p>\n<p>Pepe Willbergia ep\u00e4ill\u00e4\u00e4n t\u00f6rke\u00e4st\u00e4 liikenteen vaarantamisesta. Atte Kajova<\/p>\n<p class=\"paragraph\">Laulaja <strong>Pepe Willberg<\/strong> ja h\u00e4nen vaimonsa <strong>Pauliina Willberg<\/strong> kertovat nyt, mit\u00e4 heid\u00e4n mielest\u00e4\u00e4n tapahtui perjantaisessa onnettomuudessa Helsingin Alppilassa.<\/p>\n<p class=\"paragraph\">\u2013 Sen verran tiedet\u00e4\u00e4n ja voidaan todistaa, ett\u00e4 auton takaoveen on tullut naarmu ja ett\u00e4 Pepe ei ole todellakaan ajanut kenenk\u00e4\u00e4n yli ja j\u00e4tt\u00e4nyt ihmist\u00e4 sinne, sanoo Pauliina Willberg Iltalehdelle.<\/p>\n<p class=\"paragraph\">Pauliina l\u00e4hetti Iltalehdelle kuvan auton kyljest\u00e4, jossa n\u00e4kyy naarmu. N\u00e4et kuvan alta.<\/p>\n<p>T\u00e4lt\u00e4 n\u00e4ytt\u00e4\u00e4 Pepe Willbergin auton lommo. PAULIINA WILLBERGIN KOTIALBUMI<\/p>\n<p>Laulajan auton taka-osassa on iso naarmu. PAULIINA WILLBERGIN KOTIALBUMI<\/p>\n<p>Pepe Willberg Volvonsa ratissa. PAULIINA WILLBERGIN KOTIALBUMI<\/p>\n<p class=\"paragraph\">Willberg ja py\u00f6r\u00e4ilij\u00e4 t\u00f6rm\u00e4siv\u00e4t Aleksis Kiven kadun ja Savonkadun risteyksess\u00e4.<\/p>\n<p class=\"paragraph\">H\u00e4t\u00e4keskus sai ilmoituksen onnettomuudesta kello 11.56. Poliisi vahvisti Iltalehdelle, ett\u00e4 paikalla tuolloin ollut py\u00f6r\u00e4ilij\u00e4 loukkaantui ja toimitettiin sairaalahoitoon. Autoilija poistui paikalta ennen poliisin tuloa. Poliisi tavoitti autoilijan my\u00f6hemmin. Willbergi\u00e4 ep\u00e4ill\u00e4\u00e4n t\u00f6rke\u00e4st\u00e4 liikenneturvallisuuden vaarantamisesta.<\/p>\n<p class=\"paragraph\">Laulajan vaimo Pauliina Willberg kommentoi Iltalehdelle perjantain tapahtumia Pepen luvalla. Pariskunta on j\u00e4rkyttynyt tapahtuneesta, eik\u00e4 artisti halua tunnekuohunsa takia itse kommentoida asiaa. Pari on k\u00e4ynyt kesken\u00e4\u00e4n liikennetapahtumat l\u00e4pi.<\/p>\n<p class=\"paragraph\">Pari on sit\u00e4 mielt\u00e4, ett\u00e4 py\u00f6r\u00e4ilij\u00e4n on t\u00e4ytynyt tulla tilanteeseen kovalla vauhdilla, kun ei ole ehtinyt jarruttaa ajoissa. He uskovat py\u00f6r\u00e4ilij\u00e4n sen vuoksi osuneen Pepen ajamaan autoon.<\/p>\n<p class=\"paragraph\">\u2013 Jos se olisi ollut kova t\u00f6rm\u00e4ys, kuten jossain hirvikolarissa, niin autossa olisi lommo, mutta siin\u00e4 ei ole sit\u00e4k\u00e4\u00e4n. Nyt on puhuttu, ett\u00e4 Pepe olisi aiheuttanut kolarin. Se on kova syyt\u00f6s. Olemme sit\u00e4 mielt\u00e4, ett\u00e4 joku on ajanut autoomme pahki ja siten vahingoittanut sit\u00e4.<\/p>\n<p>Pauliina Willberg: N\u00e4in t\u00f6rm\u00e4ys tapahtui<\/p>\n<p class=\"paragraph\">Pauliina Willberg kertoo nyt, miten tilanne laulajan mukaan meni.<\/p>\n<p class=\"paragraph\">Pepe Willberg muistaa ajaneensa Aleksis Kiven kadun ja Savonkadun risteykseen hiljaisella nopeudella, koska aurinko paistoi kirkkaasti silmiin.<\/p>\n<p class=\"paragraph\">\u2013 Pepe oli my\u00f6s huomannut pihalta tulevan pakettiauton ja ohittanut sen my\u00f6hemmin, jolloin pakettiauto oli t\u00f6\u00f6t\u00e4nnyt. Nopeus on ollut alle 40 kilometri\u00e4 tunnissa, Pauliina sanoo.<\/p>\n<p class=\"paragraph\">Laulaja oli h\u00e4nen mukaansa ajanut vihreiss\u00e4 valoissa eteenp\u00e4in.<\/p>\n<p class=\"paragraph\">\u2013 Siin\u00e4 on voinut py\u00f6r\u00e4 t\u00f6rm\u00e4t\u00e4 autoon, mutta h\u00e4n ei ole havainnut sit\u00e4, kun ei ole kuulunut kuin pieni \u00e4\u00e4ni. Kun h\u00e4n on katsonut peileist\u00e4, ei ole n\u00e4kynyt mit\u00e4\u00e4n. Pepe sanoo, ettei h\u00e4n ymm\u00e4rr\u00e4, mist\u00e4 se py\u00f6r\u00e4ilij\u00e4 on yht\u00e4kki\u00e4 siihen suojatielle tullut.<\/p>\n<p>Pauliina Willberg kommentoi Iltalehdelle liikenteen tapahtumia Pepen luvalla. IL<\/p>\n<p class=\"paragraph\">Pauliinalla on oma teoriansa.<\/p>\n<p class=\"paragraph\">\u2013 Monta kertaa py\u00f6r\u00e4ilij\u00e4t menev\u00e4t sellaista vauhtia kadulla, ett\u00e4 sit\u00e4 miettii, ett\u00e4 eik\u00f6 heill\u00e4 ole mit\u00e4\u00e4n itsesuojeluvaistoa? He ajavat todella kovaa.<\/p>\n<p class=\"paragraph\">Poliisi soitti tapahtuneesta Pauliina Willbergin numeroon, koska Pepe Willbergin yrityksen auto on h\u00e4nen nimiss\u00e4\u00e4n.<\/p>\n<p class=\"paragraph\">Pauliina kertoo poliisin puhalluttaneen ainakin Pepen.<\/p>\n<p class=\"paragraph\">\u2013 Ei heill\u00e4 ollut nyt muuta sanottavaa kuin ett\u00e4 alkoholi ei liittynyt asiaan ja valot kummallakin vihre\u00e4t, Pauliina sanoo.<\/p>\n<p class=\"paragraph\">Pauliina korostaa, ettei pari tied\u00e4 kunnolla, mit\u00e4 on tapahtunut ja siksi he odottavatkin poliisitutkinnan valmistumista.<\/p>\n<p class=\"paragraph\">\u2013 Pepe tietenkin toivoo, ett\u00e4 py\u00f6r\u00e4ilij\u00e4ll\u00e4 olisi kaikki hyvin. Pahinta t\u00e4ss\u00e4 on, kun emme tied\u00e4 t\u00e4st\u00e4 mit\u00e4\u00e4n. On t\u00e4rkeint\u00e4, ett\u00e4 py\u00f6r\u00e4ilij\u00e4lle ei ole sattunut mit\u00e4\u00e4n vakavampaa, autonhan voi aina maalata, Pauliina sanoo.<\/p>\n<p>N\u00e4in Pepe kommentoi<\/p>\n<p class=\"paragraph\">Pepe Willberg on kertoi tapahtuneesta perjantaina <a href=\"https:\/\/www.facebook.com\/permalink.php?story_fbid=1467296788192959&amp;id=100047379559285&amp;ref=embed_post\" rel=\"noopener nofollow\" target=\"_blank\">Facebookissa<\/a> ja kiisti v\u00e4itteen yliajosta.<\/p>\n<p class=\"paragraph\">\u2013 Tiedoksi, ett\u00e4 en ole t\u00f6rm\u00e4nnyt, enk\u00e4 ajanut kenenk\u00e4\u00e4n yli. Tunsin raapaisu\u00e4\u00e4nen, mutta en havainnut mit\u00e4\u00e4n, h\u00e4n kirjoitti Facebookissa.<\/p>\n<p class=\"paragraph\">\u2013 Autossa oli pieni naarmu takaoven kohdalla, kun poliisi otti yhteytt\u00e4. Aurinko h\u00e4ik\u00e4isi, joten nopeuteni oli hiljainen. Valot olivat vihre\u00e4t. En n\u00e4hnyt peileist\u00e4 mit\u00e4\u00e4n erikoista. En tajunnut, ett\u00e4 jotain olisi tapahtunut.<\/p>\n","protected":false},"excerpt":{"rendered":"Poliisi tutkii kolaria t\u00f6rke\u00e4n\u00e4 liikenneturvallisuuden vaarantamisena. Pepe Willbergia ep\u00e4ill\u00e4\u00e4n t\u00f6rke\u00e4st\u00e4 liikenteen vaarantamisesta. Atte Kajova Laulaja Pepe Willberg ja&hellip;\n","protected":false},"author":2,"featured_media":115315,"comment_status":"","ping_status":"","sticky":false,"template":"","format":"standard","meta":{"footnotes":""},"categories":[136],"tags":[35,407,137,33,31,30,408,55,121,54,52,32,128,109],"class_list":{"0":"post-115314","1":"post","2":"type-post","3":"status-publish","4":"format-standard","5":"has-post-thumbnail","7":"category-julkkikset","8":"tag-24h","9":"tag-celebrities","10":"tag-entertainment","11":"tag-fi","12":"tag-finland","13":"tag-finnish","14":"tag-julkkikset","15":"tag-lainvalvonta","16":"tag-liikenne-ja-kuljetus","17":"tag-pelastuspalvelut","18":"tag-poliisi","19":"tag-suomi","20":"tag-tieliikenne","21":"tag-viihde"},"share_on_mastodon":{"url":"https:\/\/pubeurope.com\/@fi\/115712313718042264","error":""},"_links":{"self":[{"href":"https:\/\/www.europesays.com\/fi\/wp-json\/wp\/v2\/posts\/115314","targetHints":{"allow":["GET"]}}],"collection":[{"href":"https:\/\/www.europesays.com\/fi\/wp-json\/wp\/v2\/posts"}],"about":[{"href":"https:\/\/www.europesays.com\/fi\/wp-json\/wp\/v2\/types\/post"}],"author":[{"embeddable":true,"href":"https:\/\/www.europesays.com\/fi\/wp-json\/wp\/v2\/users\/2"}],"replies":[{"embeddable":true,"href":"https:\/\/www.europesays.com\/fi\/wp-json\/wp\/v2\/comments?post=115314"}],"version-history":[{"count":0,"href":"https:\/\/www.europesays.com\/fi\/wp-json\/wp\/v2\/posts\/115314\/revisions"}],"wp:featuredmedia":[{"embeddable":true,"href":"https:\/\/www.europesays.com\/fi\/wp-json\/wp\/v2\/media\/115315"}],"wp:attachment":[{"href":"https:\/\/www.europesays.com\/fi\/wp-json\/wp\/v2\/media?parent=115314"}],"wp:term":[{"taxonomy":"category","embeddable":true,"href":"https:\/\/www.europesays.com\/fi\/wp-json\/wp\/v2\/categories?post=115314"},{"taxonomy":"post_tag","embeddable":true,"href":"https:\/\/www.europesays.com\/fi\/wp-json\/wp\/v2\/tags?post=115314"}],"curies":[{"name":"wp","href":"https:\/\/api.w.org\/{rel}","templated":true}]}}