{"id":115328,"date":"2025-12-13T12:54:11","date_gmt":"2025-12-13T12:54:11","guid":{"rendered":"https:\/\/www.europesays.com\/fi\/115328\/"},"modified":"2025-12-13T12:54:11","modified_gmt":"2025-12-13T12:54:11","slug":"rattijuoppo-luisui-pain-omakotitalon-seinaa-kemissa-lappi","status":"publish","type":"post","link":"https:\/\/www.europesays.com\/fi\/115328\/","title":{"rendered":"Rattijuoppo luisui p\u00e4in omakotitalon sein\u00e4\u00e4 Kemiss\u00e4 | Lappi"},"content":{"rendered":"<p class=\"aw-1gybjub aw-5vja16 kEtdKx kmuxyA yle__article__paragraph\">Kuljettaja oli luisunut autolla mutkassa ulos tielt\u00e4 ja ajautui pihan l\u00e4pi talon sein\u00e4\u00e4n. Henkil\u00f6\u00advahingoilta v\u00e4ltyttiin, kertoo Lapin poliisi.<\/p>\n<p><img decoding=\"async\" alt=\"Poliisin hihamerkki olkavarressa.\" src=\"https:\/\/www.europesays.com\/fi\/wp-content\/uploads\/2025\/12\/39-1568418693baef4c3ae2.jpeg\" class=\"aw-1l9m598 hKVVvP\"\/><\/p>\n<p>Avaa kuvien katselu<\/p>\n<p>Talossa oli onnettomuuden aikaan ihmisi\u00e4 sis\u00e4ll\u00e4. Henkil\u00f6vahingoilta kuitenkin v\u00e4ltyttiin, kertoo Lapin poliisilaitos. Kuvituskuva. Kuva: Vesa Moilanen \/ Lehtikuva<\/p>\n<p class=\"aw-1gybjub aw-1p7kakr kEtdKx cEmitX yle__article__paragraph\">Kuljettaja luisui autolla mutkassa ulos tielt\u00e4 omakotitalon pihaan ja lopulta t\u00f6rm\u00e4si talon sein\u00e4\u00e4n. Onnettomuus tapahtui Kemiss\u00e4 perjantaina iltap\u00e4iv\u00e4ll\u00e4, kertoo Lapin poliisilaitos tiedotteessa.<\/p>\n<p class=\"aw-1gybjub aw-1p7kakr kEtdKx cEmitX yle__article__paragraph\">Poliisin mukaan talossa oli tuolloin asukkaita sis\u00e4ll\u00e4, mutta suuremmilta henkil\u00f6vahingoilta v\u00e4ltyttiin.<\/p>\n<p class=\"aw-1gybjub aw-1p7kakr kEtdKx cEmitX yle__article__paragraph\">Autoa kuljettanut mies puhalsi t\u00f6rke\u00e4n rattijuopumuksen ylitt\u00e4v\u00e4t lukemat. Lis\u00e4ksi h\u00e4nell\u00e4 ei ollut ajo-oikeutta.<\/p>\n<p class=\"aw-1gybjub aw-1p7kakr kEtdKx cEmitX yle__article__paragraph\">Poliisi tutkii asiaa t\u00f6rke\u00e4n\u00e4 liikenneturvallisuuden vaarantamisena, t\u00f6rke\u00e4n\u00e4 rattijuopumuksena ja kulkuneuvon kuljettamisena oikeudetta. Ajoneuvon omistajaa ep\u00e4ill\u00e4\u00e4n kulkuneuvon luovuttamisesta juopuneelle.<\/p>\n","protected":false},"excerpt":{"rendered":"Kuljettaja oli luisunut autolla mutkassa ulos tielt\u00e4 ja ajautui pihan l\u00e4pi talon sein\u00e4\u00e4n. Henkil\u00f6\u00advahingoilta v\u00e4ltyttiin, kertoo Lapin poliisi.&hellip;\n","protected":false},"author":2,"featured_media":115329,"comment_status":"","ping_status":"","sticky":false,"template":"","format":"standard","meta":{"footnotes":""},"categories":[12],"tags":[22,23,26,27,33,31,30,17,665,71,2187,21106,667,24,25,1161,990,2445,28,29,15,837,18,21,32,19,20,16],"class_list":{"0":"post-115328","1":"post","2":"type-post","3":"status-publish","4":"format-standard","5":"has-post-thumbnail","7":"category-suomi","8":"tag-breaking-news","9":"tag-breakingnews","10":"tag-featured-news","11":"tag-featurednews","12":"tag-fi","13":"tag-finland","14":"tag-finnish","15":"tag-headlines","16":"tag-kemi","17":"tag-kotimaa","18":"tag-kulkuneuvot","19":"tag-lapin-poliisilaitos","20":"tag-lappi","21":"tag-latest-news","22":"tag-latestnews","23":"tag-liikenne","24":"tag-liikenneonnettomuudet","25":"tag-liikenneturvallisuus","26":"tag-main-news","27":"tag-mainnews","28":"tag-news","29":"tag-onnettomuudet","30":"tag-otsikot","31":"tag-paauutiset","32":"tag-suomi","33":"tag-top-stories","34":"tag-topstories","35":"tag-uutiset"},"share_on_mastodon":{"url":"https:\/\/pubeurope.com\/@fi\/115712364979011663","error":""},"_links":{"self":[{"href":"https:\/\/www.europesays.com\/fi\/wp-json\/wp\/v2\/posts\/115328","targetHints":{"allow":["GET"]}}],"collection":[{"href":"https:\/\/www.europesays.com\/fi\/wp-json\/wp\/v2\/posts"}],"about":[{"href":"https:\/\/www.europesays.com\/fi\/wp-json\/wp\/v2\/types\/post"}],"author":[{"embeddable":true,"href":"https:\/\/www.europesays.com\/fi\/wp-json\/wp\/v2\/users\/2"}],"replies":[{"embeddable":true,"href":"https:\/\/www.europesays.com\/fi\/wp-json\/wp\/v2\/comments?post=115328"}],"version-history":[{"count":0,"href":"https:\/\/www.europesays.com\/fi\/wp-json\/wp\/v2\/posts\/115328\/revisions"}],"wp:featuredmedia":[{"embeddable":true,"href":"https:\/\/www.europesays.com\/fi\/wp-json\/wp\/v2\/media\/115329"}],"wp:attachment":[{"href":"https:\/\/www.europesays.com\/fi\/wp-json\/wp\/v2\/media?parent=115328"}],"wp:term":[{"taxonomy":"category","embeddable":true,"href":"https:\/\/www.europesays.com\/fi\/wp-json\/wp\/v2\/categories?post=115328"},{"taxonomy":"post_tag","embeddable":true,"href":"https:\/\/www.europesays.com\/fi\/wp-json\/wp\/v2\/tags?post=115328"}],"curies":[{"name":"wp","href":"https:\/\/api.w.org\/{rel}","templated":true}]}}