{"id":115330,"date":"2025-12-13T12:55:11","date_gmt":"2025-12-13T12:55:11","guid":{"rendered":"https:\/\/www.europesays.com\/fi\/115330\/"},"modified":"2025-12-13T12:55:11","modified_gmt":"2025-12-13T12:55:11","slug":"ps-otti-kunnian-milan-jaffin-karkotuksesta-professori-tama-on-totuus","status":"publish","type":"post","link":"https:\/\/www.europesays.com\/fi\/115330\/","title":{"rendered":"PS otti kunnian Milan Jaffin karkotuksesta \u2013 Professori: T\u00e4m\u00e4 on totuus"},"content":{"rendered":"<p>Professori Matti Tolvasen mukaan Milan Jaffin karkotus olisi voinut olla mahdotonta ilman hallituksen l\u00e4piajamaa lakimuutosta.<\/p>\n<p><img decoding=\"async\" class=\"image image-show image-preview\" src=\"https:\/\/www.europesays.com\/fi\/wp-content\/uploads\/2025\/12\/47dded203b6e63fcd4047a00b2b8f4344828fa20218d92ddad3c9e1380ae22ee.jpg\" alt=\"\"\/><img decoding=\"async\" class=\"image image-show\" src=\"https:\/\/www.europesays.com\/fi\/wp-content\/uploads\/2025\/12\/1765630511_338_47dded203b6e63fcd4047a00b2b8f4344828fa20218d92ddad3c9e1380ae22ee.jpg\" alt=\"\"\/><\/p>\n<p>Professori Matti Tolvasen mukaan nykyisen hallituksen ajamat lakimuutokset mahdollistivat Milan Jaffin karkotuksen. Jussi Eskola<\/p>\n<p class=\"paragraph\">Katujengihahmo <strong>Milan Jaffin<\/strong> karkotus Irakiin ei olisi v\u00e4ltt\u00e4m\u00e4tt\u00e4 ollut mahdollista ilman nykyisen hallituksen l\u00e4piviemi\u00e4 lakimuutoksia. N\u00e4in arvioi Iltalehdelle rikos- ja prosessioikeuden emeritusprofessori <strong>Matti Tolvanen<\/strong>.<\/p>\n<p class=\"paragraph\">\u2013 Ilman niit\u00e4 karkotus olisi ollut ainakin korkeamman kynnyksen takana. Ja voi olla, ettei siin\u00e4 olisi edes onnistuttu, Tolvanen sanoo.<\/p>\n<p class=\"paragraph\"><a href=\"https:\/\/www.iltalehti.fi\/politiikka\/4ac8d46b-56c7-4e59-944d-21ead265a710\" rel=\"nofollow noopener\" target=\"_blank\">Perussuomalaisten kansanedustajat<\/a> ovat sis\u00e4ministeri <strong>Mari Rantasta<\/strong> my\u00f6ten <a href=\"https:\/\/www.iltalehti.fi\/politiikka\/df83be33-fbfe-4cbf-8ab4-d7b7a47c5ad5\" rel=\"nofollow noopener\" target=\"_blank\">antaneet ymm\u00e4rt\u00e4\u00e4<\/a>, ett\u00e4 Jaffin karkotus oli perussuomalaisten ansiota.<\/p>\n<p class=\"paragraph\">Tolvasen mukaan perussuomalaiset \u201dsaattavat olla\u201d lausunnoissaan oikeassa.<\/p>\n<p class=\"paragraph\">\u2013 Hallituksen l\u00e4piajama lakimuutos oli merkitt\u00e4v\u00e4. Lain tavoite n\u00e4ytt\u00e4isi ainakin t\u00e4ss\u00e4 [Milan Jaffin] tapauksessa toteutuneen.<\/p>\n<p class=\"paragraph\">2. tammikuuta voimaan astuneen lakimuutoksen my\u00f6t\u00e4 turvapaikka ja toissijainen suojeluasema voidaan j\u00e4tt\u00e4\u00e4 my\u00f6nt\u00e4m\u00e4tt\u00e4 tai lakkauttaa vakavien rikosten perusteella.<\/p>\n<p class=\"paragraph\">Jaffin tapauksessa h\u00e4nen toissijainen suojeluasema lakkautettiin, eik\u00e4 h\u00e4nelle my\u00f6nnet\u00e4 uutta m\u00e4\u00e4r\u00e4aikaista tai pysyv\u00e4\u00e4 oleskelulupaa Suomeen.<\/p>\n<p class=\"paragraph\">Juttu jatkuu kuvan j\u00e4lkeen.<\/p>\n<p>Iltalehden tietojen mukaan Milan Jaff karkotettiin Irakiin tiistain v\u00e4lisen\u00e4 y\u00f6n\u00e4. PASI LIESIMAA<\/p>\n<p class=\"paragraph\">Vaikka perussuomalaiset ovat ottaneet tapauksesta isoimman kunnian, Tolvanen muistuttaa, ett\u00e4 laki on eduskunnan enemmist\u00f6ll\u00e4 s\u00e4\u00e4detty.<\/p>\n<p class=\"paragraph\">\u2013 Perussuomalaiset ovat olleet aloitteellisia siin\u00e4, mutta kyll\u00e4h\u00e4n EU:ssa on m\u00e4\u00e4ritelty, miss\u00e4 m\u00e4\u00e4rin maasta poistamista voi helpottaa kansallisessa lains\u00e4\u00e4d\u00e4nn\u00f6ss\u00e4.<\/p>\n<p class=\"paragraph\">Tolvanen pit\u00e4\u00e4 itse lakimuutosta hyv\u00e4n\u00e4. Se on h\u00e4nen mukaansa saanut hyv\u00e4t arviot ja on linjassa kansainv\u00e4listen sopimusten ja EU-oikeuden kanssa.<\/p>\n<p class=\"paragraph\">\u2013 Jos henkil\u00f6 syyllistyy vakavaan rikokseen, niin onhan se ihan perusteltua lakkauttaa suojeluasema. T\u00e4m\u00e4 on nyt yleinen trendi EU-maissa ja osa on toki eri mielt\u00e4kin.<\/p>\n<p class=\"paragraph\">EU:n sis\u00e4ministerit sopivat maanantaina Brysseliss\u00e4 maahanmuuttoa koskevista tiukennuksista, mukaan lukien paluuasetuksesta. Rantasen mukaan kiristyksiin on luvassa jatkoa.<\/p>\n<p class=\"paragraph\">Tolvasen mukaan jokaista lakihanketta joudutaan pohtimaan erikseen kansainv\u00e4listen sopimusten nojalla, mik\u00e4li kiristyksi\u00e4 ajetaan lis\u00e4\u00e4.<\/p>\n<p>T\u00e4st\u00e4 on kyse<\/p>\n<p class=\"paragraph\">Jaffilla ei ole Suomen kansalaisuutta, ja h\u00e4n on itse kertonut saapuneensa Suomeen pakolaiskriisin aikana.<\/p>\n<p class=\"paragraph\"><a href=\"https:\/\/www.iltalehti.fi\/kotimaa\/245154f0-ac63-4f80-8e6c-427abf3cc922\" rel=\"nofollow noopener\" target=\"_blank\">Iltalehti kertoi syyskuussa<\/a>, ett\u00e4 Maahanmuuttovirasto on peruuttanut Jaffin oleskeluluvan ja m\u00e4\u00e4r\u00e4nnyt h\u00e4net karkotettavaksi Irakiin, koska h\u00e4n on syyllistynyt useisiin vakaviin rikoksiin, muun muassa tapon yritykseen, t\u00f6rke\u00e4\u00e4n ry\u00f6st\u00f6\u00f6n ja raiskaukseen.<\/p>\n<p class=\"paragraph\">Iltalehden tietojen mukaan Jaff on nyt karkotettu Suomesta. Palautuslento Irakiin l\u00e4hti maanantain ja tiistain v\u00e4lisen\u00e4 y\u00f6n\u00e4.<\/p>\n<p class=\"paragraph\">Jaff karkotettiin Suomesta viiden muun kurdi- ja arabitaustaisen irakilaisen kanssa Freebird-yhti\u00f6n lentokoneella, joka l\u00e4hti Helsingist\u00e4, k\u00e4vi Ruotsissa ja p\u00e4\u00e4tyi It\u00e4vallan kautta Irakiin.<\/p>\n<p class=\"paragraph\"><a href=\"https:\/\/www.iltalehti.fi\/kotimaa\/e161756e-4361-49b6-ae31-23a79251d147\" rel=\"nofollow noopener\" target=\"_blank\">Iltalehti uutisoi sunnuntaina<\/a>, ett\u00e4 Helsingin hallinto-oikeus hylk\u00e4si Jaffin karkotusp\u00e4\u00e4t\u00f6ksest\u00e4\u00e4n tekem\u00e4n valituksen. P\u00e4\u00e4t\u00f6ksest\u00e4 on valitettu korkeimpaan hallinto-oikeuteen (KHO).<\/p>\n<p class=\"paragraph\">Valitus ei kuitenkaan est\u00e4 aiemmin annetun p\u00e4\u00e4t\u00f6ksen t\u00e4yt\u00e4nt\u00f6\u00f6npanoa.<\/p>\n","protected":false},"excerpt":{"rendered":"Professori Matti Tolvasen mukaan Milan Jaffin karkotus olisi voinut olla mahdotonta ilman hallituksen l\u00e4piajamaa lakimuutosta. Professori Matti Tolvasen&hellip;\n","protected":false},"author":2,"featured_media":115331,"comment_status":"","ping_status":"","sticky":false,"template":"","format":"standard","meta":{"footnotes":""},"categories":[5],"tags":[35,22,23,26,27,33,31,30,17,53,24,25,28,29,15,18,21,637,1726,38,32,19,20,16,8170],"class_list":{"0":"post-115330","1":"post","2":"type-post","3":"status-publish","4":"format-standard","5":"has-post-thumbnail","7":"category-otsikot","8":"tag-24h","9":"tag-breaking-news","10":"tag-breakingnews","11":"tag-featured-news","12":"tag-featurednews","13":"tag-fi","14":"tag-finland","15":"tag-finnish","16":"tag-headlines","17":"tag-laki-oikeus-ja-rikos","18":"tag-latest-news","19":"tag-latestnews","20":"tag-main-news","21":"tag-mainnews","22":"tag-news","23":"tag-otsikot","24":"tag-paauutiset","25":"tag-politiikka","26":"tag-rangaistukset","27":"tag-rikos","28":"tag-suomi","29":"tag-top-stories","30":"tag-topstories","31":"tag-uutiset","32":"tag-vankeus"},"share_on_mastodon":{"url":"https:\/\/pubeurope.com\/@fi\/115712368763058732","error":""},"_links":{"self":[{"href":"https:\/\/www.europesays.com\/fi\/wp-json\/wp\/v2\/posts\/115330","targetHints":{"allow":["GET"]}}],"collection":[{"href":"https:\/\/www.europesays.com\/fi\/wp-json\/wp\/v2\/posts"}],"about":[{"href":"https:\/\/www.europesays.com\/fi\/wp-json\/wp\/v2\/types\/post"}],"author":[{"embeddable":true,"href":"https:\/\/www.europesays.com\/fi\/wp-json\/wp\/v2\/users\/2"}],"replies":[{"embeddable":true,"href":"https:\/\/www.europesays.com\/fi\/wp-json\/wp\/v2\/comments?post=115330"}],"version-history":[{"count":0,"href":"https:\/\/www.europesays.com\/fi\/wp-json\/wp\/v2\/posts\/115330\/revisions"}],"wp:featuredmedia":[{"embeddable":true,"href":"https:\/\/www.europesays.com\/fi\/wp-json\/wp\/v2\/media\/115331"}],"wp:attachment":[{"href":"https:\/\/www.europesays.com\/fi\/wp-json\/wp\/v2\/media?parent=115330"}],"wp:term":[{"taxonomy":"category","embeddable":true,"href":"https:\/\/www.europesays.com\/fi\/wp-json\/wp\/v2\/categories?post=115330"},{"taxonomy":"post_tag","embeddable":true,"href":"https:\/\/www.europesays.com\/fi\/wp-json\/wp\/v2\/tags?post=115330"}],"curies":[{"name":"wp","href":"https:\/\/api.w.org\/{rel}","templated":true}]}}