{"id":115332,"date":"2025-12-13T13:07:10","date_gmt":"2025-12-13T13:07:10","guid":{"rendered":"https:\/\/www.europesays.com\/fi\/115332\/"},"modified":"2025-12-13T13:07:10","modified_gmt":"2025-12-13T13:07:10","slug":"mtv-kirsi-alm-siira-toilaili-kaatokannissa","status":"publish","type":"post","link":"https:\/\/www.europesays.com\/fi\/115332\/","title":{"rendered":"MTV: Kirsi Alm-Siira toilaili kaatok\u00e4nniss\u00e4"},"content":{"rendered":"<p>Kirsi Alm-Siira pohtii, miten mokailuun tulisi suhtautua.<\/p>\n<p class=\"article-body mb-nof-24 px-nof-16\">Uutisankkuri <a class=\"article-personlink\" href=\"https:\/\/www.is.fi\/haku\/?query=Kirsi%20Alm-Siira\" rel=\"nofollow noopener\" target=\"_blank\">Kirsi Alm-Siira<\/a> kertoo kommenttikirjoituksessaan <a class=\"article-genericlink\" href=\"https:\/\/www.mtvuutiset.fi\/artikkeli\/kirsi-alm-siiran-kommentti-pomoni-antoi-mokailun-anteeksi-olisiko-somekansa-armahtanut\/9269058\" rel=\"nofollow noopener\" target=\"_blank\">MTV:ll\u00e4<\/a>, mit\u00e4 h\u00e4n ajattelee missikohusta.<\/p>\n<p class=\"article-body mb-nof-24 px-nof-16\">Miss Suomeksi valittu <a class=\"article-personlink\" href=\"https:\/\/www.is.fi\/haku\/?query=Sarah%20Dzafce\" rel=\"nofollow noopener\" target=\"_blank\">Sarah Dzafce<\/a> joutui luopumaan kruunustaan, kun h\u00e4nest\u00e4 levisi sosiaalisessa mediassa rasistiseksi tulkittu kuva. Otoksessa Dzafce venytti silmi\u00e4\u00e4n ja kuvatekstiss\u00e4 luki \u201dkiinalaisen kaa sy\u00f6m\u00e4s\u201d.<\/p>\n<p class=\"article-body mb-nof-24 px-nof-16\">Rasismikohun seurauksena Dzafce joutui luopumaan missikruunustaan.<\/p>\n<p class=\"article-body mb-nof-24 px-nof-16\">Kirjoituksessaan Alm-Siira veikkaa, ett\u00e4 missin potkujen taustalla on \u201dsomekansa\u201d, joka tuomitsi missin kuvan. Uutisankkuri ihmettelee tekstiss\u00e4\u00e4n, eik\u00f6 ihminen saa en\u00e4\u00e4 mokailla ilman v\u00e4litt\u00f6mi\u00e4 seurauksia.<\/p>\n<p><img decoding=\"async\" src=\"https:\/\/www.europesays.com\/fi\/wp-content\/uploads\/2025\/12\/1765631229_380_468.jpg\" alt=\"Kirsi Alm-Siira on kirjoittanut kommenttitekstin, jossa kertoo avoimesti vuosien takaisesta mokastaan.\" class=\"_Img_1rerz_1\" style=\"aspect-ratio:1.5011727912431587\" loading=\"eager\"\/><\/p>\n<p class=\"article-picture-caption\">Kirsi Alm-Siira on kirjoittanut kommenttitekstin, jossa kertoo avoimesti vuosien takaisesta mokastaan. Kuva:\u00a0Eeva Valtokari \/ IS<\/p>\n<p class=\"article-body mb-nof-24 px-nof-16\">Samalla Alm-Siira kertoo omasta mokailustaan. H\u00e4n kirjoittaa, ett\u00e4 joidenkin mukaan kyseisest\u00e4 k\u00e4mm\u00e4ilyst\u00e4 olisi nykyp\u00e4iv\u00e4n\u00e4 seurannut todenn\u00e4k\u00f6isesti potkut.<\/p>\n<p class=\"article-body mb-nof-24 px-nof-16\">Alm-Siira kertoo, ett\u00e4 oli useita vuosia sitten ty\u00f6teht\u00e4v\u00e4ss\u00e4 suuressa tapahtumassa. H\u00e4n oli ollut sy\u00f6m\u00e4tt\u00e4 ja juomatta 12 tuntia. Pahinta nestevajettaan h\u00e4n kertoo paikanneensa ravintolajuomilla.<\/p>\n<p class=\"article-body mb-nof-24 px-nof-16\">\u2013 Olin umpihumalassa tunnetussa helsinkil\u00e4isess\u00e4 y\u00f6kerhossa. Vierailuni oli j\u00e4\u00e4nyt lyhyeksi, sill\u00e4 henkil\u00f6kunta ja tuttuni olivat katsoneet, ett\u00e4 minulle parempi paikka olisi kotona. Omin jaloin en kotiin p\u00e4\u00e4ssyt, h\u00e4n kirjoittaa.<\/p>\n<p class=\"article-body mb-nof-24 px-nof-16\">Alm-Siiran mukaan seuraavana p\u00e4iv\u00e4n\u00e4 h\u00e4n selvitteli illan tapahtumia, jotka eiv\u00e4t olleet \u201dkaunista kuultavaa\u201d.<\/p>\n<p class=\"article-body mb-nof-24 px-nof-16\">\u2013 Olin mokannut pahasti. Tiesin, ett\u00e4 olisi monta ihmist\u00e4, joilta minun pit\u00e4isi pyyt\u00e4\u00e4 k\u00e4ytt\u00e4ytymist\u00e4ni anteeksi, kuten ravintolahenkil\u00f6kunta, ty\u00f6kaverini, ravintolan muut asiakkaat ja yst\u00e4v\u00e4ni. Pahinta kaikista, minun olisi kerrottava t\u00e4st\u00e4 pomolleni.<\/p>\n<p class=\"article-body mb-nof-24 px-nof-16\">Pomo kuitenkin suhtautui asiaan Alm-Siiran mukaan ymm\u00e4rt\u00e4v\u00e4isesti ja seuraamuksia ei tullut. Uutisankkuri kertoo kiinnitt\u00e4neens\u00e4 sittemmin huomiota baarik\u00e4yt\u00f6kseens\u00e4. Tapaus tuli h\u00e4nen mieleens\u00e4, kun h\u00e4n on seurannut Miss Suomi -kohua ja sen seurauksia.<\/p>\n<p class=\"article-body mb-nof-24 px-nof-16\">\u2013 Eik\u00f6 nyky\u00e4\u00e4n siis voi erehty\u00e4 kertaakaan? Alm-Siira kysyy.<\/p>\n<p><img decoding=\"async\" src=\"https:\/\/www.europesays.com\/fi\/wp-content\/uploads\/2025\/12\/1765520228_253_468.jpg\" alt=\"Sarah Dzafcelta vietiin kruunu.\" class=\"_Img_1rerz_1\" style=\"aspect-ratio:1.5\" loading=\"eager\"\/><\/p>\n<p class=\"article-picture-caption\">Sarah Dzafcelta vietiin kruunu. Kuva:\u00a0Ivan Bessedin<\/p>\n<p class=\"article-body mb-nof-24 px-nof-16\">Sarah Dzafcen tapaus on ollut viime p\u00e4ivin\u00e4 laajasti otsikoissa. Kyseess\u00e4 on ensimm\u00e4inen kerta koko Miss Suomi -kisan historiassa, kun voittaja on joutunut luopumaan kruunustaan.<\/p>\n<p class=\"article-body mb-nof-24 px-nof-16\">Asia on her\u00e4tt\u00e4nyt reaktioita puolesta ja vastaan.<\/p>\n<p class=\"article-body mb-nof-24 px-nof-16\">Sosiaalisessa mediassa p\u00e4\u00e4t\u00f6s tittelin luovuttamisesta her\u00e4tti tuoreeltaan monenlaisia reaktiota. Esimerkiksi somekanava Jodelissa jotkut pohtivat, ett\u00e4 Miss Suomi -organisaatio toimi oikein.<\/p>\n<p class=\"article-body mb-nof-24 px-nof-16\">\u2013 Hienoa n\u00e4hd\u00e4, ett\u00e4 Miss Suomi -organisaatiolla on oikeasti arvoja, joita halutaan vaalia. Olen pit\u00e4nyt vain tyls\u00e4n\u00e4 kauneuskilpialuna, er\u00e4s kommentti kuului.<\/p>\n<p class=\"article-body mb-nof-24 px-nof-16\">Toisenlaisiakin mielipiteit\u00e4 on ilmaistu. Esimerkiksi Ilta-Sanomien <a class=\"article-genericlink\" href=\"https:\/\/www.facebook.com\/iltasanomat\/posts\/pfbid04Y82JA1oZN5VZxohhFPHAgZimC9JxJNTiVgybwoqwGd288YCcw4sVR1rFdTHAJfxl\" rel=\"nofollow noopener\" target=\"_blank\">Facebook-sivuilla<\/a> monet kommentoivat, ett\u00e4 p\u00e4\u00e4t\u00f6s olisi ollut liian h\u00e4t\u00e4inen tai raju.<\/p>\n<p class=\"article-body mb-nof-24 px-nof-16\">\u2013 Mielens\u00e4pahoittajan Suomi! T\u00e4m\u00e4 yhteiskunta on niin surkeassa jamassa n\u00e4iden pahoittamisien my\u00f6t\u00e4, ettei paluuta ole normaaliin. Voi luoja\u2026, er\u00e4s kirjoitti.<\/p>\n","protected":false},"excerpt":{"rendered":"Kirsi Alm-Siira pohtii, miten mokailuun tulisi suhtautua. Uutisankkuri Kirsi Alm-Siira kertoo kommenttikirjoituksessaan MTV:ll\u00e4, mit\u00e4 h\u00e4n ajattelee missikohusta. Miss&hellip;\n","protected":false},"author":2,"featured_media":115333,"comment_status":"","ping_status":"","sticky":false,"template":"","format":"standard","meta":{"footnotes":""},"categories":[136],"tags":[407,137,33,31,30,34,408,32,109],"class_list":{"0":"post-115332","1":"post","2":"type-post","3":"status-publish","4":"format-standard","5":"has-post-thumbnail","7":"category-julkkikset","8":"tag-celebrities","9":"tag-entertainment","10":"tag-fi","11":"tag-finland","12":"tag-finnish","13":"tag-ilta-sanomat","14":"tag-julkkikset","15":"tag-suomi","16":"tag-viihde"},"share_on_mastodon":{"url":"https:\/\/pubeurope.com\/@fi\/115712415903978407","error":""},"_links":{"self":[{"href":"https:\/\/www.europesays.com\/fi\/wp-json\/wp\/v2\/posts\/115332","targetHints":{"allow":["GET"]}}],"collection":[{"href":"https:\/\/www.europesays.com\/fi\/wp-json\/wp\/v2\/posts"}],"about":[{"href":"https:\/\/www.europesays.com\/fi\/wp-json\/wp\/v2\/types\/post"}],"author":[{"embeddable":true,"href":"https:\/\/www.europesays.com\/fi\/wp-json\/wp\/v2\/users\/2"}],"replies":[{"embeddable":true,"href":"https:\/\/www.europesays.com\/fi\/wp-json\/wp\/v2\/comments?post=115332"}],"version-history":[{"count":0,"href":"https:\/\/www.europesays.com\/fi\/wp-json\/wp\/v2\/posts\/115332\/revisions"}],"wp:featuredmedia":[{"embeddable":true,"href":"https:\/\/www.europesays.com\/fi\/wp-json\/wp\/v2\/media\/115333"}],"wp:attachment":[{"href":"https:\/\/www.europesays.com\/fi\/wp-json\/wp\/v2\/media?parent=115332"}],"wp:term":[{"taxonomy":"category","embeddable":true,"href":"https:\/\/www.europesays.com\/fi\/wp-json\/wp\/v2\/categories?post=115332"},{"taxonomy":"post_tag","embeddable":true,"href":"https:\/\/www.europesays.com\/fi\/wp-json\/wp\/v2\/tags?post=115332"}],"curies":[{"name":"wp","href":"https:\/\/api.w.org\/{rel}","templated":true}]}}