{"id":115345,"date":"2025-12-13T13:21:10","date_gmt":"2025-12-13T13:21:10","guid":{"rendered":"https:\/\/www.europesays.com\/fi\/115345\/"},"modified":"2025-12-13T13:21:10","modified_gmt":"2025-12-13T13:21:10","slug":"suomi-on-yhdysvaltain-kanssa-turvallisuuspolitiikasta-taysin-eri-mielta","status":"publish","type":"post","link":"https:\/\/www.europesays.com\/fi\/115345\/","title":{"rendered":"Suomi on Yhdysvaltain kanssa turvallisuuspolitiikasta t\u00e4ysin eri mielt\u00e4"},"content":{"rendered":"<p>Donald Trumpin suuri sopimus \u2013 \u201dBig Deal\u201d \u2013 voisi olla Yhdysvaltain ja EU:n palaaminen yhteisty\u00f6n tielle Ven\u00e4j\u00e4n kanssa, kirjoittaa entinen ulkoministeri Paavo V\u00e4yrynen.<\/p>\n<p class=\"paragraph\">Yhdysvaltain hallitus julkaisi \u00e4skett\u00e4in uuden kansallisen <a href=\"https:\/\/www.whitehouse.gov\/wp-content\/uploads\/2025\/12\/2025-National-Security-Strategy.pdf\" rel=\"noopener nofollow\" target=\"_blank\">turvallisuusstrategiansa<\/a>.<\/p>\n<p class=\"paragraph\">Euroopassa ja my\u00f6s Suomessa strategia on aiheuttanut h\u00e4mmennyst\u00e4 senkin vuoksi, ett\u00e4 siin\u00e4 asetetaan keskeiseksi tavoitteeksi Ven\u00e4j\u00e4n ja Euroopan v\u00e4listen suhteiden parantaminen.<\/p>\n<p class=\"paragraph\">Strategiassa Eurooppaa moititaan siit\u00e4, ett\u00e4 meilt\u00e4 puuttuu itseluottamusta suhteissamme Ven\u00e4j\u00e4\u00e4n, vaikka meill\u00e4 on siihen n\u00e4hden merkitt\u00e4v\u00e4 ylivoima l\u00e4hes joka suhteessa, ydinaseita lukuun ottamatta.<\/p>\n<p class=\"paragraph\">Strategiassa arvostellaan sit\u00e4, ett\u00e4 monet eurooppalaiset pit\u00e4v\u00e4t Ven\u00e4j\u00e4\u00e4 eksistentiaalisena uhkana.<\/p>\n<p class=\"paragraph\">Yhdysvalloilta todetaan tarvittavan huomattavia diplomaattisia ponnistuksia Euroopan ja Ven\u00e4j\u00e4n v\u00e4listen suhteitten hoitamiseen, jotta voitaisiin luoda strategista vakautta koko Euraasian mantereelle ja lievent\u00e4\u00e4 konfliktien riski\u00e4 Ven\u00e4j\u00e4n ja Euroopan valtioiden v\u00e4lill\u00e4.<\/p>\n<p class=\"paragraph\">Eurooppalaisten valtavan enemmist\u00f6n todetaan haluavan rauhaa, mutta t\u00e4m\u00e4 ei vaikuta heikkojen hallitusten politiikkaan.<\/p>\n<p class=\"paragraph\">Strategia tuo mieleeni lukuisat vuosien varrella julkaisemani kirjoitukset, joiden aiheena on ollut <strong>Donald Trumpin<\/strong> geopoliittinen \u201dBig Deal\u201d, tiivis yhteisty\u00f6 Euroopan, Ven\u00e4j\u00e4n ja Yhdysvaltain v\u00e4lill\u00e4.<\/p>\n<p class=\"paragraph\">T\u00e4st\u00e4 kirjoitin heti Trumpin valinnan j\u00e4lkeen 10.11.2016 julkaisemassani blogissa \u201dDonald Trumpin \u201dBig Deal\u201d?.<\/p>\n<p class=\"paragraph\">Kirjoitin, ett\u00e4 Yhdysvaltain uusi presidentti Donald Trump on suurten kauppojen ja sopimusten mies. Kansainv\u00e4lisess\u00e4 politiikassa h\u00e4n saattaa tavoitella jotakin samankaltaista kuin Ronald Reagan aikoinaan.<\/p>\n<p class=\"paragraph\">Voidaan sanoa, ett\u00e4 Ronald Reagan lopetti kylm\u00e4n sodan kauden. H\u00e4n k\u00e4ynnisti niin mittavan asevarustelun, ett\u00e4 talousvaikeuksista k\u00e4rsineell\u00e4 Neuvostoliitolla ei ollut varaa vastata siihen. T\u00e4m\u00e4 my\u00f6t\u00e4vaikutti historiallisten aseriisuntasopimusten solmimiseen ja lopulta my\u00f6s Neuvostoliiton ja Varsovan liiton hajoamiseen.<\/p>\n<p class=\"paragraph\">Kylm\u00e4n sodan kauden p\u00e4\u00e4tytty\u00e4 k\u00e4ynnistyi globalisaatio, jonka ansiosta monet entiset kehitysmaat ovat vaurastuneet ja haastavat nyt Yhdysvaltain taloudellisen johtoaseman. Jotkut niist\u00e4 haastavat my\u00f6s Yhdysvaltain poliittista ja ajan oloon jopa sotilaallista johtajuutta. Yhdysvalloissa koetaan, ett\u00e4 globalisaatio on vahingoittanut maan taloutta ja ty\u00f6llisyytt\u00e4.<\/p>\n<p class=\"paragraph\">K\u00e4vin blogissani l\u00e4pi kylm\u00e4n sodan kauden j\u00e4lkeen koettujen geopoliittisten muutosten seuraukset:<\/p>\n<p class=\"paragraph\">\u201dL\u00e4nsimaiden ja Ven\u00e4j\u00e4n vastakkainasettelu tiukkoine pakotteineen on ajanut Ven\u00e4j\u00e4\u00e4 yh\u00e4 tiiviimp\u00e4\u00e4n yhteisty\u00f6h\u00f6n nousevien BRICS-maiden \u2013 varsinkin Kiinan ja Intian \u2013 kanssa.<\/p>\n<p class=\"paragraph\">Donald Trumpin suuri sopimus \u2013 \u201dBig Deal\u201d \u2013 voisi olla Yhdysvaltain ja EU:n palaaminen yhteisty\u00f6n tielle Ven\u00e4j\u00e4n kanssa. Yhdess\u00e4 ne voivat rakentaa vastapainoa globaaleille kilpailijoille.<\/p>\n<p class=\"paragraph\">Suomelle olisi suuri helpotus, jos suurvaltasuhteet alkaisivat j\u00e4lleen lienty\u00e4. T\u00e4m\u00e4n hyv\u00e4ksi kannattaa tehd\u00e4 ty\u00f6t\u00e4.\u201d<\/p>\n<p class=\"paragraph\">Palasin asiaan 7. hein\u00e4kuuta 2018 julkaisemassani blogissa \u201dDonald Trumpin \u201dBig Deal\u201d etenee\u201d.<\/p>\n<p class=\"paragraph\">Kirjoitus liittyi presidentti <strong>Sauli Niinist\u00f6n<\/strong> is\u00e4nn\u00f6im\u00e4\u00e4n Donald Trumpin ja <strong>Vladimir Putinin<\/strong> tapaamiseen Helsingiss\u00e4:<\/p>\n<p class=\"paragraph\">\u201dViime aikoihin saakka on n\u00e4ytt\u00e4nyt silt\u00e4, ett\u00e4 olin erehtynyt arviossani. Trump joutui sis\u00e4poliittisten paineiden vuoksi hyv\u00e4ksym\u00e4\u00e4n jopa Ven\u00e4j\u00e4lle asetettujen pakotteiden tiukentamisen. Euroopan unioni ja Yhdysvallat ovat kauppasodan partaalla. Eurooppalaisia Nato-liittolaisia Trump on kovistellut kantamaan suurempaa taakkaa puolustusmenoista.<\/p>\n<p class=\"paragraph\">Vladimir Putinin ja Donald Trumpin tapaaminen Helsingiss\u00e4 aloittanee kehityksen, jonka kautta Yhdysvallat ja Ven\u00e4j\u00e4 palaavat yhteisty\u00f6n tielle.<\/p>\n<p class=\"paragraph\">Turvallisuuspolitiikassa t\u00e4m\u00e4 merkinnee toisen osapuolen legitiimien turvallisuusetujen huomioon ottamista, mik\u00e4 vahvistaisi kansainv\u00e4list\u00e4 turvallisuutta.<\/p>\n<p class=\"paragraph\">Osaltaan t\u00e4m\u00e4 saattaisi helpottaa my\u00f6s EU:n ja Ven\u00e4j\u00e4n suhteiden normalisoitumista. Poliittisella tasolla \u201dBig Deal\u201d alkaisi toteutua.\u201d<\/p>\n<p class=\"paragraph\">Ven\u00e4j\u00e4 ja Ukraina olivat vahvasti esill\u00e4, kun <strong>Joe Biden<\/strong> ja Donald Trump kamppailivat vuoden 2020 presidentinvaaleissa.<\/p>\n<p class=\"paragraph\">Kun Joe Biden astui voittajana Valkoiseen taloon, Yhdysvallat palasi siihen strategiaan, jota h\u00e4n oli <strong>Barack Obaman<\/strong> varapresidenttin\u00e4 toteuttanut.<\/p>\n<p class=\"paragraph\">Kev\u00e4\u00e4ll\u00e4 2021 Joe Biden ryhtyi mm. Washington Postin mukaan k\u00e4ynnist\u00e4m\u00e4\u00e4n \u201duutta kylm\u00e4\u00e4 sotaa\u201d Ven\u00e4j\u00e4n ja Kiinan johtamien autoritaaristen maiden ja Yhdysvaltain johtamien demokraattisten valtioiden v\u00e4lille.<\/p>\n<p class=\"paragraph\">T\u00e4h\u00e4n suunnitelmaan sis\u00e4ltyi my\u00f6s Suomen ja Ruotsin Nato-j\u00e4senyys. Vuoden 2021 lopulla Joe Bidenin <a href=\"https:\/\/www.paavovayrynen.fi\/2022\/05\/31\/oliko-sauli-niinisto-joe-bidenin-asialla\/\" rel=\"noopener nofollow\" target=\"_blank\">kerrotaan \u201dvokotelleen\u201d<\/a> Sauli Niinist\u00f6\u00e4 siihen, ett\u00e4 hakisimme Nato-j\u00e4senyytt\u00e4.<\/p>\n<p class=\"paragraph\">\u201dVokotteleminen\u201d ei ollut vaikeaa, kun Sauli Niinist\u00f6 oli jo aikaisemmin ryhtynyt j\u00e4senyytt\u00e4 ajamaan.<\/p>\n<p class=\"paragraph\">Vuoden 2021 lopulla Ven\u00e4j\u00e4 esitti Natolle ja Yhdysvalloille neuvotteluja Euroopan turvallisuutta vahvistavista j\u00e4rjestelyist\u00e4. Ehdotukset toimitettiin lukuisille EU:n j\u00e4senmaillekin, my\u00f6s Suomelle.<\/p>\n<p class=\"paragraph\">Ehdotuksiin ei tartuttu. Suomen hallitus presidentti Sauli Niinist\u00f6n johdolla ryhtyi aktiivisesti torjumaan neuvottelutarjousta. Tulkinta oli, ett\u00e4 Ven\u00e4j\u00e4n neuvottelualoite johtaisi siihen, ett\u00e4 Suomi menett\u00e4isi Nato-optionsa.<\/p>\n<p class=\"paragraph\">Valitettavasti ei ymm\u00e4rretty, ett\u00e4 ehdotukset olisivat olleet pohjana k\u00e4yt\u00e4ville neuvotteluille. Siit\u00e4 olisi varmaankin voitu sopia, ett\u00e4 Suomen ja Ruotsin optiot olisivat j\u00e4\u00e4neet voimaan.<\/p>\n<p class=\"paragraph\">Neuvotteluissa olisi ilmeisesti sovittu aserajoitus- ja valvontaj\u00e4rjestelyist\u00e4, jotka olisivat koskeneet kaikkia maita, my\u00f6s Ven\u00e4j\u00e4\u00e4.<\/p>\n<p class=\"paragraph\">T\u00e4m\u00e4 olisi ollut se \u201ddiili\u201d, jolla sodan puhkeaminen olisi presidentti Donald Trumpin mukaan voitu est\u00e4\u00e4.<\/p>\n<p class=\"paragraph\">Ven\u00e4j\u00e4 hy\u00f6kk\u00e4si Ukrainaan 24.2.2022.<\/p>\n<p class=\"paragraph\">Maaliskuun 20. p\u00e4iv\u00e4n\u00e4, pian Ven\u00e4j\u00e4n hy\u00f6kk\u00e4yksen j\u00e4lkeen, kirjoitin <a href=\"https:\/\/www.paavovayrynen.fi\/2022\/03\/20\/joe-bidenin-politiikasta-donald-trumpin-strategiaan\/\" rel=\"noopener nofollow\" target=\"_blank\">blogin<\/a> \u201dJoe Bidenin politiikasta Donald Trumpin strategiaan?\u201d.<\/p>\n<p class=\"paragraph\">Harmittelin sit\u00e4, ett\u00e4 Suomessa k\u00e4ydyss\u00e4 keskustelussa ei ollut juuri lainkaan k\u00e4sitelty Ukrainan kriisin kytk\u00f6ksi\u00e4 suurvaltapolitiikkaan eik\u00e4 Yhdysvaltain sis\u00e4iseen valtataisteluun:<\/p>\n<p class=\"paragraph\">\u201dOn mahdollista ja jopa todenn\u00e4k\u00f6ist\u00e4, ett\u00e4 Donald Trump valitaan vuoden 2024 vaaleissa uudelleen maan presidentiksi. N\u00e4k\u00f6piiriss\u00e4 ei ole varteenotettavaa kilpailijaa sen paremmin republikaanien kuin demokraattienkaan keskuudessa.<\/p>\n<p class=\"paragraph\">Donald Trumpin paluu muuttaisi ilmeisesti j\u00e4lleen perusteellisesti Yhdysvaltain strategian. T\u00e4m\u00e4 pit\u00e4isi Suomessa ja muuallakin Euroopassa ottaa huomioon.\u201d<\/p>\n<p class=\"paragraph\">Suomessa t\u00e4t\u00e4 mahdollisuutta ei otettu huomioon.<\/p>\n<p class=\"paragraph\">Politiikka rakennettiin kahden hyvin ep\u00e4varman kortin varaan: Joe Biden valitaan uudelleen, ja Ven\u00e4j\u00e4 h\u00e4vi\u00e4\u00e4 sodan Ukrainaa vastaan.<\/p>\n<p class=\"paragraph\">Vai kiirehdittiink\u00f6 Nato-j\u00e4senyytt\u00e4 sen vuoksi, ett\u00e4 ratkaisu saataisiin varmuuden vuoksi aikaan Bidenin presidenttikauden aikana? Pidettiink\u00f6 t\u00e4t\u00e4 viimeisen\u00e4 mahdollisuutena p\u00e4\u00e4st\u00e4 Natoon?<\/p>\n<p class=\"paragraph\">Kun Ven\u00e4j\u00e4 oli hy\u00f6k\u00e4nnyt Ukrainaan, ensimm\u00e4inen reaktio oli, ettei Suomi voi sodan aikana ryhty\u00e4 Nato-j\u00e4senyytt\u00e4 hakemaan.<\/p>\n<p class=\"paragraph\">T\u00e4ll\u00e4 kannalla oli 7.3.2022 antamassaan <a href=\"https:\/\/www.iltalehti.fi\/politiikka\/2dc221b7-e5bb-49f4-ae98-25403f9be2b6\" rel=\"nofollow noopener\" target=\"_blank\">haastattelussa<\/a> my\u00f6s Alexander Stubb. My\u00f6hemmin h\u00e4nen kantansa muuttui.<\/p>\n<p class=\"paragraph\">Jos j\u00e4senyytt\u00e4 olisi harkittu kaikessa rauhassa, siit\u00e4 p\u00e4\u00e4tt\u00e4minen olisi siirtynyt Donald Trumpin presidenttikaudelle. T\u00e4ll\u00f6in meit\u00e4 ei olisi Natoon ainakaan \u201dvokoteltu\u201d.<\/p>\n<p class=\"paragraph\">Nyt olemme joutuneet omituiseen tilanteeseen.<\/p>\n<p class=\"paragraph\">Suomi on kuulunut niihin Euroopan maihin, jotka ovat julistaneet pit\u00e4v\u00e4ns\u00e4 Ven\u00e4j\u00e4\u00e4 eksistentiaalisena uhkana eli pysyv\u00e4n\u00e4 vaarana olemassaolollemme. Kaikki yhteydet ja yhteisty\u00f6 on katkaistu. Kielenk\u00e4ytt\u00f6 on ollut jyrkemp\u00e4\u00e4 kuin muilla EU- ja Nato-mailla.<\/p>\n<p class=\"paragraph\">T\u00e4rkeimm\u00e4n liittolaisensa kanssa Suomi on turvallisuuspolitiikasta t\u00e4ysin eri mielt\u00e4.<\/p>\n<p class=\"paragraph\">Kirjoittaja on Suomen ulkopolitiikasta v\u00e4itellyt valtiotieteen tohtori, kansainv\u00e4listen suhteiden dosentti ja entinen ulkoministeri.<\/p>\n","protected":false},"excerpt":{"rendered":"Donald Trumpin suuri sopimus \u2013 \u201dBig Deal\u201d \u2013 voisi olla Yhdysvaltain ja EU:n palaaminen yhteisty\u00f6n tielle Ven\u00e4j\u00e4n kanssa,&hellip;\n","protected":false},"author":2,"featured_media":112045,"comment_status":"","ping_status":"","sticky":false,"template":"","format":"standard","meta":{"footnotes":""},"categories":[5],"tags":[35,22,23,26,27,33,31,30,17,24,25,28,29,15,18,21,142,637,144,32,19,20,16,638,143],"class_list":{"0":"post-115345","1":"post","2":"type-post","3":"status-publish","4":"format-standard","5":"has-post-thumbnail","7":"category-otsikot","8":"tag-24h","9":"tag-breaking-news","10":"tag-breakingnews","11":"tag-featured-news","12":"tag-featurednews","13":"tag-fi","14":"tag-finland","15":"tag-finnish","16":"tag-headlines","17":"tag-latest-news","18":"tag-latestnews","19":"tag-main-news","20":"tag-mainnews","21":"tag-news","22":"tag-otsikot","23":"tag-paauutiset","24":"tag-poliitikot","25":"tag-politiikka","26":"tag-presidentti","27":"tag-suomi","28":"tag-top-stories","29":"tag-topstories","30":"tag-uutiset","31":"tag-valtiovalta","32":"tag-yhdysvaltain-politiikka"},"share_on_mastodon":{"url":"https:\/\/pubeurope.com\/@fi\/115712470753324559","error":""},"_links":{"self":[{"href":"https:\/\/www.europesays.com\/fi\/wp-json\/wp\/v2\/posts\/115345","targetHints":{"allow":["GET"]}}],"collection":[{"href":"https:\/\/www.europesays.com\/fi\/wp-json\/wp\/v2\/posts"}],"about":[{"href":"https:\/\/www.europesays.com\/fi\/wp-json\/wp\/v2\/types\/post"}],"author":[{"embeddable":true,"href":"https:\/\/www.europesays.com\/fi\/wp-json\/wp\/v2\/users\/2"}],"replies":[{"embeddable":true,"href":"https:\/\/www.europesays.com\/fi\/wp-json\/wp\/v2\/comments?post=115345"}],"version-history":[{"count":0,"href":"https:\/\/www.europesays.com\/fi\/wp-json\/wp\/v2\/posts\/115345\/revisions"}],"wp:featuredmedia":[{"embeddable":true,"href":"https:\/\/www.europesays.com\/fi\/wp-json\/wp\/v2\/media\/112045"}],"wp:attachment":[{"href":"https:\/\/www.europesays.com\/fi\/wp-json\/wp\/v2\/media?parent=115345"}],"wp:term":[{"taxonomy":"category","embeddable":true,"href":"https:\/\/www.europesays.com\/fi\/wp-json\/wp\/v2\/categories?post=115345"},{"taxonomy":"post_tag","embeddable":true,"href":"https:\/\/www.europesays.com\/fi\/wp-json\/wp\/v2\/tags?post=115345"}],"curies":[{"name":"wp","href":"https:\/\/api.w.org\/{rel}","templated":true}]}}