{"id":115350,"date":"2025-12-13T13:41:13","date_gmt":"2025-12-13T13:41:13","guid":{"rendered":"https:\/\/www.europesays.com\/fi\/115350\/"},"modified":"2025-12-13T13:41:13","modified_gmt":"2025-12-13T13:41:13","slug":"felix-klara-ylen-uutuussarjan-paatahden-erikoiset-taustat-paljastuivat","status":"publish","type":"post","link":"https:\/\/www.europesays.com\/fi\/115350\/","title":{"rendered":"Felix &#038; Klara: Ylen uutuussarjan p\u00e4\u00e4t\u00e4hden erikoiset taustat paljastuivat"},"content":{"rendered":"<p>\n            Felix &amp; Klara, J\u00f3n Gnarr, Edda Bj\u00f6rgvinsdottir, 2025.<br \/>\n            YLE\n        <\/p>\n<p class=\"subtitle \">Felix &amp; Klara -n\u00e4yttelij\u00e4 J\u00f3n Gnarr on koomikko, jonka keksim\u00e4 sketsi mullisti h\u00e4nen ja islantilaisten el\u00e4m\u00e4n.<\/p>\n<p class=\"article-content article-content-width !bg-background\">El\u00e4kel\u00e4ispari Felix ja Klara ovat asuneet i\u00e4t ja ajat rakentamassaan talossa. Yli 50 vuotta kest\u00e4neen liittonsa aikana he ovat tuudittautuneet hiljaisen yksitoikkoiseen el\u00e4m\u00e4\u00e4ns\u00e4.<\/p>\n<p class=\"font-weight-bold m-font-weight-bold article-content article-content-width !bg-background\">Videolla Salatut el\u00e4m\u00e4t -n\u00e4yttelij\u00e4 Esko Kovero vastaa Googlen haetuimpiin kysymyksiin.\u00a0<\/p>\n<p class=\"article-content article-content-width !bg-background\">Kun Klaran terveys alkaa heiket\u00e4, heid\u00e4n on pakko myyd\u00e4 talonsa ja muuttaa vanhusten palvelutaloon.<\/p>\n<p>        <a itemprop=\"url\" href=\"https:\/\/www.seiska.fi\/katso\/hildur-sarjan-nayttelijat-julki\/1619212\" rel=\"nofollow noopener\" target=\"_blank\"><\/p>\n<p>\nHildur-sarja\n<\/p>\n<p class=\"section-date\">\n        <strong class=\"article-section\" data-section=\"katso\"><br \/>\n            katso<br \/>\n        <\/strong><br \/>\n        19.2. 14:24\n    <\/p>\n<p>Hildur-sarjan n\u00e4yttelij\u00e4t julki\n    <\/p>\n<p itemprop=\"description\" class=\"subtitle \">\n    Satu R\u00e4m\u00f6n menestyskirjoista teht\u00e4v\u00e4\u00e4 dekkarisarjaa kuvataan Islannissa.\n<\/p>\n<p>        <\/a><\/p>\n<p class=\"article-content article-content-width !bg-background\">Uusi el\u00e4m\u00e4 keskell\u00e4 el\u00e4kel\u00e4isyhteis\u00f6\u00e4 on Klaralle kuin piristysruiske, mutta Felix ei viihdy. H\u00e4n etsii el\u00e4m\u00e4lleen tarkoitusta ja siin\u00e4 sivussa saa pienet asiat kasvamaan suuriksi ongelmiksi.<\/p>\n<p class=\"article-content article-content-width !bg-background\">T\u00e4ss\u00e4 Ylen uuden islantilaissarjan Felix &amp; Klara juoni p\u00e4hkin\u00e4nkuoressa. Draamasarja alkaa lauantaina 13. joulukuuta TV1:ll\u00e4.\u00a0<\/p>\n<p>                <img decoding=\"async\" src=\"https:\/\/www.europesays.com\/fi\/wp-content\/uploads\/2025\/12\/2020653.webp\" width=\"576\" height=\"351\" alt=\"Felix &amp; Klara -sarjan ensimm\u00e4isell\u00e4 kaudella on kymmenen jaksoa.\" loading=\"lazy\" \/>            <\/p>\n<p>\n            Felix &amp; Klara -sarjan ensimm\u00e4isell\u00e4 kaudella on kymmenen jaksoa.<br \/>\n            YLE\n        <\/p>\n<p class=\"article-content article-content-width !bg-background\">Sarjan p\u00e4\u00e4osissa n\u00e4hd\u00e4\u00e4n islantilaiset n\u00e4yttelij\u00e4t  ja  .<\/p>\n<p class=\"article-content article-content-width !bg-background\">Molemmat kuuluvat Islannin tunnetuimpiin kasvoihin, mutta J\u00f3n ei ole ainoastaan tunnettu vaan my\u00f6s yksi maansa vihatuimmista tai\u00a0 v\u00e4hint\u00e4\u00e4n ristiriitaisimmista ihmisist\u00e4.<\/p>\n<p>Vanhemmat l\u00e4hettiv\u00e4t laitokseen<\/p>\n<p class=\"article-content article-content-width !bg-background\">J\u00f3n Gnarrin l\u00e4ht\u00f6kohdat olivat rankat. H\u00e4n \u00e4itins\u00e4 oli alkoholisti ja is\u00e4ns\u00e4 v\u00e4kivaltaisten vanhempien kasvatuksen tulos. H\u00e4n ei osannut antaa aikaa tai hellyytt\u00e4 pojalleen.<\/p>\n<p class=\"article-content article-content-width !bg-background\">Koulussa lukih\u00e4iri\u00f6st\u00e4 ja oppimisvaikeuksista k\u00e4rsinyt J\u00f3n leimattiin ongelmatapaukseksi, jolla ei olisi valoisia tulevaisuudenn\u00e4kymi\u00e4.<\/p>\n<p class=\"article-content article-content-width !bg-background\">\u2013\tOpettajat sanoivat suoraan, ett\u00e4 olin vain yksinkertaisesti tyhm\u00e4, <a href=\"https:\/\/www.theguardian.com\/world\/2014\/sep\/15\/jon-gnarr-comedian-mayor-iceland\" target=\"_blank\" rel=\"nofollow noopener\">n\u00e4yttelij\u00e4 on kertonut The Guardianin haastattelussa<\/a>.<\/p>\n<p class=\"article-content article-content-width !bg-background\">J\u00f3nille j\u00e4i ep\u00e4selv\u00e4ksi, miksi vanhemmat l\u00e4hettiv\u00e4t h\u00e4net 14-vuotiaana kauas kotoa Luoteis-Islantiin kurittomille teini-ik\u00e4isille tarkoitettuun syrj\u00e4iseen laitokseen.<\/p>\n<p class=\"article-content article-content-width !bg-background\">\u2013\tEi se koulu ollut. Ikkunoissa oli kalterit ja ovat lukittuina. Olin siell\u00e4 kaksi ja puoli vuotta.<\/p>\n<p>Sketsist\u00e4 syntyi puolue<\/p>\n<p class=\"article-content article-content-width !bg-background\">Vuonna 2008 Islantiin iski finanssikriisi. Se romahdutti maan talouden ja Islannin kruunun arvon, kaatoi pankkeja ja moninkertaisti islantilaisten velat.<\/p>\n<p>        <a itemprop=\"url\" href=\"https:\/\/www.seiska.fi\/katso\/matleena-kuusniemi-joutui-kohtaamaan-pelkonsa\/1971170\" rel=\"nofollow noopener\" target=\"_blank\"><\/p>\n<p>\nMatleena Kuusniemi\n<\/p>\n<p class=\"section-date\">\n        <strong class=\"article-section\" data-section=\"katso\"><br \/>\n            katso<br \/>\n        <\/strong><br \/>\n        29.10. 12:15\n    <\/p>\n<p>Matleena Kuusniemi joutui kohtaamaan pelkonsa\n    <\/p>\n<p itemprop=\"description\" class=\"subtitle \">\n    El\u00e4inten kanssa ty\u00f6skentely aiheutti n\u00e4yttelij\u00e4lle etuk\u00e4teen kauhunv\u00e4ristyksi\u00e4.\n<\/p>\n<p>        <\/a><\/p>\n<p class=\"article-content article-content-width !bg-background\">J\u00f3nista oli tullut televisiosta tuttu stand up -koomikko. H\u00e4n oli luonut sketsin Best-puolueesta, jonka oli tarkoitus olla pelkk\u00e4 vitsi, mutta josta yll\u00e4tt\u00e4en nousikin islantilaisten silmiss\u00e4 lupaava poliittinen puolue.<\/p>\n<p>                <img decoding=\"async\" src=\"https:\/\/www.europesays.com\/fi\/wp-content\/uploads\/2025\/12\/2020666.webp\" width=\"576\" height=\"312\" alt=\"Vastavalittu Reykjavikin pormestari J\u00f3n median huomion keskipisteen\u00e4 kes\u00e4ll\u00e4 2010.\" loading=\"lazy\" \/>            <\/p>\n<p>\n            Vastavalittu Reykjavikin pormestari J\u00f3n median huomion keskipisteen\u00e4 kes\u00e4ll\u00e4 2010.<br \/>\n            S.Olafs\/All Over Press\n        <\/p>\n<p class=\"article-content article-content-width !bg-background\">Satiirisena eleen\u00e4 ja protestina maan senhetkist\u00e4 poliittista eliitti\u00e4 kohtaan J\u00f3n l\u00e4hti mukaan p\u00e4\u00e4kaupungin Reykjavikin pormestarivaaliin.<\/p>\n<p class=\"article-content article-content-width !bg-background\">Vitsin\u00e4 keksityn puolueen logokin oli osa parodiaa.<\/p>\n<p class=\"article-content article-content-width !bg-background\">\u2013\tValitsimme rumimman typografian ja hirvitt\u00e4vimm\u00e4t v\u00e4riyhdistelm\u00e4t, h\u00e4n kirjoitti muistelmiinsa Gnarr!.<\/p>\n<p class=\"article-content article-content-width !bg-background\">Tv-v\u00e4ittely meni J\u00f3nin osalta penkin alle ja koko vaalikampanja oli pelkk\u00e4\u00e4 pilkkaa ammattipoliitikoita kohtaan. Juuri kun n\u00e4yttelij\u00e4 uskoi pelin olevan osaltaan ohi, vaaligallupit n\u00e4yttiv\u00e4t suosion nousua.<\/p>\n<p class=\"article-content article-content-width !bg-background\">Poliitikot ja politiikan asiantuntijat pitiv\u00e4t pilana koomikon uutta aluevaltausta, mutta kansa tykk\u00e4si ja kauhukseen J\u00f3n voitti vaalit.<\/p>\n<p>Asukkaat raivoissaan<\/p>\n<p class=\"article-content article-content-width !bg-background\">N\u00e4yttelij\u00e4 tiesi, ettei h\u00e4nell\u00e4 ollut mill\u00e4\u00e4n mittarilla mitattuna p\u00e4tevyytt\u00e4 maan merkitt\u00e4vimm\u00e4n kaupungin pormestarin virkaan.\u00a0<\/p>\n<p class=\"article-content article-content-width !bg-background\">Mutta kaupunki oli konkurssin partaalla, joten teht\u00e4v\u00e4 oli otettava vastaan sen vaatimalla vakavuudella.<\/p>\n<p>        <a itemprop=\"url\" href=\"https:\/\/www.seiska.fi\/katso\/satu-ramon-hildur-dekkarikirjoista-tv-sarja-jattimainen-budjetti\/1504848\" rel=\"nofollow noopener\" target=\"_blank\"><\/p>\n<p class=\"section-date\">\n        <strong class=\"article-section\" data-section=\"katso\"><br \/>\n            katso<br \/>\n        <\/strong><br \/>\n        30.10.2024 14:14\n    <\/p>\n<p>Satu R\u00e4m\u00f6n Hildur-dekkarikirjoista tv-sarja \u2013 j\u00e4ttim\u00e4inen budjetti\n    <\/p>\n<p itemprop=\"description\" class=\"subtitle \">\n    Suomalaiskirjailijan dekkarisarja toteutetaan kansainv\u00e4lisen\u00e4 yhteisty\u00f6n\u00e4\n<\/p>\n<p>        <\/a><\/p>\n<p class=\"article-content article-content-width !bg-background\">Heti alkuun J\u00f3n joutui pett\u00e4m\u00e4\u00e4n vaalilupauksensa. H\u00e4n oli luvannut kaupunkilaisille hauskanpitoa, mutta sen sijaan h\u00e4n otti isoimmat mahdolliset sakset ja aloitti menoleikkaukset.<\/p>\n<p class=\"article-content article-content-width !bg-background\">Yksi petetyist\u00e4 vaalilupauksista oli tarjota maksuttomat pyyhkeet julkisiin uimahalleihin. Reykjavikin talouskriisiss\u00e4 t\u00e4m\u00e4 oli sula mahdottomuus.<\/p>\n<p class=\"article-content article-content-width !bg-background\">\u2013\tReykjavikin asukkaat olivat raivoissaan. He kokivat tulleensa petetyiksi. Ihmiset olivat j\u00e4rkyttyneit\u00e4. He sanoivat luulleensa, ett\u00e4 kaupungista tulisi hauskempi, J\u00f3n muistaa.<\/p>\n<p class=\"article-content article-content-width !bg-background\">Politiikan vuosinaan J\u00f3n aiheutti n\u00e4rk\u00e4styst\u00e4 monissa, sill\u00e4 h\u00e4n oli ateisti, joka vastusti niin Natoa kuin paavia.<\/p>\n<p class=\"article-content article-content-width !bg-background\">J\u00f3n sai Islannin parlamentin vihat niskaansa kielt\u00e4ydytty\u00e4\u00e4n tapaamasta maassa vierailleita Naton komentajia.<\/p>\n<p class=\"article-content article-content-width !bg-background\">Mutta on J\u00f3nilla ollut kannattajansakin, ja h\u00e4nt\u00e4 on jopa kannustettu asettumaan ehdolle presidentivaaleihin.<\/p>\n<p class=\"article-content article-content-width !bg-background\">Vuonna 2014 J\u00f3n j\u00e4tti virkansa ja hajotti Best-puolueensa. H\u00e4nt\u00e4 kiinnosti enemm\u00e4n televisioviihteen tekeminen.<\/p>\n<p class=\"article-content article-content-width !bg-background\">N\u00e4yttelemisen ohessa J\u00f3n on edelleen mukana politiikassa.\u00a0<\/p>\n<p class=\"article-content article-content-width !bg-background\">H\u00e4n liittyi sosiaalidemokraatteihin, ja viime vuonna asettui ehdolle maan presidentiksi. Vaaleissa h\u00e4n sai nelj\u00e4nneksi eniten kannatusta reilun 10 prosentin \u00e4\u00e4niosuudella.<\/p>\n<p class=\"italic m-italic article-content article-content-width !bg-background\">Felix &amp; Klara alkaa lauantaina 13. joulukuuta klo 16.13 TV1:ll\u00e4 sek\u00e4 Yle Areenassa.\u00a0<\/p>\n<p>        <a itemprop=\"url\" href=\"https:\/\/www.seiska.fi\/katso\/katsojilta-yksituumainen-tuomio-ylen-uutuussarjalle\/1986601\" rel=\"nofollow noopener\" target=\"_blank\"><\/p>\n<p>\nYlen uutuussarja\n<\/p>\n<p class=\"section-date\">\n        <strong class=\"article-section\" data-section=\"katso\"><br \/>\n            katso<br \/>\n        <\/strong><br \/>\n        9.11. 07:15\n    <\/p>\n<p>Katsojilta yksituumainen tuomio Ylen uutuussarjalle\n    <\/p>\n<p itemprop=\"description\" class=\"subtitle \">\n    Samuli Edelmannin t\u00e4hditt\u00e4m\u00e4 sarja on her\u00e4tt\u00e4nyt keskustelua katsojien keskuudessa.\n<\/p>\n<p>        <\/a><\/p>\n","protected":false},"excerpt":{"rendered":"Felix &amp; Klara, J\u00f3n Gnarr, Edda Bj\u00f6rgvinsdottir, 2025. YLE Felix &amp; Klara -n\u00e4yttelij\u00e4 J\u00f3n Gnarr on koomikko, jonka&hellip;\n","protected":false},"author":2,"featured_media":115351,"comment_status":"","ping_status":"","sticky":false,"template":"","format":"standard","meta":{"footnotes":""},"categories":[130],"tags":[1192,21111,137,21110,33,31,30,15226,21109,5661,10953,1342,637,21108,21107,16130,5660,32,1753,2196,109,1149,913],"class_list":{"0":"post-115350","1":"post","2":"type-post","3":"status-publish","4":"format-standard","5":"has-post-thumbnail","7":"category-viihde","8":"tag-draamasarja","9":"tag-edda-bjorgvinsdottir","10":"tag-entertainment","11":"tag-felix-klara","12":"tag-fi","13":"tag-finland","14":"tag-finnish","15":"tag-islanti","16":"tag-jon-gnarr","17":"tag-koomikko","18":"tag-leikkaukset","19":"tag-nayttelija","20":"tag-politiikka","21":"tag-pormestari","22":"tag-puolue","23":"tag-reykjavik","24":"tag-stand-up","25":"tag-suomi","26":"tag-tv1","27":"tag-vaalit","28":"tag-viihde","29":"tag-yle","30":"tag-yle-areena"},"share_on_mastodon":{"url":"https:\/\/pubeurope.com\/@fi\/115712549608680466","error":""},"_links":{"self":[{"href":"https:\/\/www.europesays.com\/fi\/wp-json\/wp\/v2\/posts\/115350","targetHints":{"allow":["GET"]}}],"collection":[{"href":"https:\/\/www.europesays.com\/fi\/wp-json\/wp\/v2\/posts"}],"about":[{"href":"https:\/\/www.europesays.com\/fi\/wp-json\/wp\/v2\/types\/post"}],"author":[{"embeddable":true,"href":"https:\/\/www.europesays.com\/fi\/wp-json\/wp\/v2\/users\/2"}],"replies":[{"embeddable":true,"href":"https:\/\/www.europesays.com\/fi\/wp-json\/wp\/v2\/comments?post=115350"}],"version-history":[{"count":0,"href":"https:\/\/www.europesays.com\/fi\/wp-json\/wp\/v2\/posts\/115350\/revisions"}],"wp:featuredmedia":[{"embeddable":true,"href":"https:\/\/www.europesays.com\/fi\/wp-json\/wp\/v2\/media\/115351"}],"wp:attachment":[{"href":"https:\/\/www.europesays.com\/fi\/wp-json\/wp\/v2\/media?parent=115350"}],"wp:term":[{"taxonomy":"category","embeddable":true,"href":"https:\/\/www.europesays.com\/fi\/wp-json\/wp\/v2\/categories?post=115350"},{"taxonomy":"post_tag","embeddable":true,"href":"https:\/\/www.europesays.com\/fi\/wp-json\/wp\/v2\/tags?post=115350"}],"curies":[{"name":"wp","href":"https:\/\/api.w.org\/{rel}","templated":true}]}}