{"id":115354,"date":"2025-12-13T13:45:09","date_gmt":"2025-12-13T13:45:09","guid":{"rendered":"https:\/\/www.europesays.com\/fi\/115354\/"},"modified":"2025-12-13T13:45:09","modified_gmt":"2025-12-13T13:45:09","slug":"lavastettuja-teloituksia-ja-sahkoiskuja-nain-venaja-kohtelee-sotavankeja","status":"publish","type":"post","link":"https:\/\/www.europesays.com\/fi\/115354\/","title":{"rendered":"Lavastettuja teloituksia ja s\u00e4hk\u00f6iskuja &#8211; n\u00e4in Ven\u00e4j\u00e4 kohtelee sotavankeja"},"content":{"rendered":"<p class=\"ai-optimize-6 ai-optimize-introduction\">Ven\u00e4j\u00e4 kiduttaa j\u00e4rjestelm\u00e4llisesti ukrainalaisia sotavankeja, selvi\u00e4\u00e4 ihmisoikeusj\u00e4rjest\u00f6 Human Rights Watchin tuoreesta raportista. Asiasta kertoo <a href=\"https:\/\/www.pravda.com.ua\/eng\/news\/2025\/12\/13\/8011659\/\" target=\"_blank\" rel=\"noopener nofollow\">Ukrainska Pravda<\/a>.<\/p>\n<p class=\"ai-optimize-7\">Human Rights Watchin raportti perustuu haastatteluihin satojen vapautettujen sotavankien kanssa. Heid\u00e4n kertomuksensa kertovat karua kuvaa siit\u00e4, miten Ven\u00e4j\u00e4 kohtelee vangittuja ukrainalaissotilaita.<\/p>\n<p class=\"ai-optimize-8\">Ep\u00e4inhimillinen kohtelu on raportin mukaan j\u00e4rjestelm\u00e4llist\u00e4 ja tarkoituksellista.<\/p>\n<p class=\"ai-optimize-9\">\u2013 Fyysinen ja psyykkinen kidutus on laajalle levinnyt k\u00e4yt\u00e4nt\u00f6, jolla pyrit\u00e4\u00e4n murtamaan vankien itsetunto ja ihmisarvo, raportissa kerrotaan.<\/p>\n<p class=\"ai-optimize-10\">Sotilaiden kertomusten mukaan olot sotavankileireill\u00e4 ovat karut. Ruoka on sy\u00f6m\u00e4kelvotonta, hygienia puutteellista, eik\u00e4 terveydenhuoltoa ole saatavilla edes vakavasti loukkaantuneille vangeille. Vankeja hakataan, pakotetaan taipumaan ep\u00e4luonnollisiin asentoihin sek\u00e4 estet\u00e4\u00e4n nukkumasta.<\/p>\n<p class=\"ai-optimize-10\">Lis\u00e4ksi vankeja vied\u00e4\u00e4n lavastettuihin teloituksiin ja heille annetaan s\u00e4hk\u00f6iskuja. Raportti kertoo my\u00f6s menettelyst\u00e4, jossa koirien annetaan hy\u00f6k\u00e4t\u00e4 vankien kimppuun.<\/p>\n<p class=\"ai-optimize-11\">My\u00f6s seksuaalinen v\u00e4kivalta on arkip\u00e4iv\u00e4\u00e4.<\/p>\n<p class=\"ai-optimize-13\">\u2013 Kaikki paitsi yksi [vanki] kertoivat seksuaalisesta v\u00e4kivallasta, mukaan lukien raiskauksista ja sen uhasta, pakotetusta riisutumisesta, n\u00f6yryytt\u00e4misest\u00e4 ja s\u00e4hk\u00f6iskuista sukupuolielimiin, raportissa kerrotaan.<\/p>\n<p class=\"ai-optimize-14\">\u2013 Yksi Lysyt\u0161anskin l\u00e4hettyvill\u00e4 vangiksi j\u00e4\u00e4nyt sotilas kertoo ven\u00e4l\u00e4issotilaan pilkanneen h\u00e4nen tatuointiaan, jossa luki \u201dVoima ja kunnia\u201d, ja pakottivat h\u00e4net istumaan pullon p\u00e4\u00e4lle painaen samalla h\u00e4nen olkap\u00e4it\u00e4\u00e4n.<\/p>\n<p class=\"ai-optimize-15\">Er\u00e4s 50-vuotias kersantti kertoo raportissa ven\u00e4l\u00e4isten raa\u2019asta v\u00e4kivallasta. Vangiksi j\u00e4\u00e4ty\u00e4\u00e4n ven\u00e4l\u00e4iset veiv\u00e4t h\u00e4net hyl\u00e4ttyyn taloon, sitoivat h\u00e4net tuoliin ja antoivat s\u00e4hk\u00f6iskuja 2-3 tunnin ajan, k\u00e4ytt\u00e4en apunaan muun muassa kentt\u00e4puhelinta.<\/p>\n<p class=\"ai-optimize-16\">Lis\u00e4ksi i\u00e4k\u00e4st\u00e4 kersanttia hakattiin kumipampuilla, kepeill\u00e4, kiv\u00e4\u00e4rinperill\u00e4 ja mailalla. Samalla ven\u00e4l\u00e4iset vaativat h\u00e4nelt\u00e4 tietoja ukrainalaisjoukkojen sijainnista.<\/p>\n<p class=\"ai-optimize-17\">Human Rights Watch painottaa raportissaan, ett\u00e4 ven\u00e4l\u00e4isjoukkojen toiminta on Geneven sopimuksen vastaista. Sotavankien kiduttaminen on sotarikos.<\/p>\n<p class=\"ai-optimize-18\">Aiemmin syyskuussa YK:n ihmisoikeusvaltuutettu raportoi, ett\u00e4 my\u00f6s 90 prosenttia ven\u00e4l\u00e4isten vangeiksi j\u00e4\u00e4neist\u00e4 siviileist\u00e4 oli joutunut kidutuksen uhriksi.<\/p>\n<p>Poimintoja videosis\u00e4ll\u00f6ist\u00e4mme<\/p>\n","protected":false},"excerpt":{"rendered":"Ven\u00e4j\u00e4 kiduttaa j\u00e4rjestelm\u00e4llisesti ukrainalaisia sotavankeja, selvi\u00e4\u00e4 ihmisoikeusj\u00e4rjest\u00f6 Human Rights Watchin tuoreesta raportista. Asiasta kertoo Ukrainska Pravda. Human Rights&hellip;\n","protected":false},"author":2,"featured_media":115355,"comment_status":"","ping_status":"","sticky":false,"template":"","format":"standard","meta":{"footnotes":""},"categories":[14],"tags":[22,23,26,27,33,31,30,17,24,25,28,29,15,18,21,32,19,20,56,16,987,59,60,61],"class_list":{"0":"post-115354","1":"post","2":"type-post","3":"status-publish","4":"format-standard","5":"has-post-thumbnail","7":"category-ulkomaat","8":"tag-breaking-news","9":"tag-breakingnews","10":"tag-featured-news","11":"tag-featurednews","12":"tag-fi","13":"tag-finland","14":"tag-finnish","15":"tag-headlines","16":"tag-latest-news","17":"tag-latestnews","18":"tag-main-news","19":"tag-mainnews","20":"tag-news","21":"tag-otsikot","22":"tag-paauutiset","23":"tag-suomi","24":"tag-top-stories","25":"tag-topstories","26":"tag-ulkomaat","27":"tag-uutiset","28":"tag-venajan-hyokkays","29":"tag-world","30":"tag-world-news","31":"tag-worldnews"},"share_on_mastodon":{"url":"https:\/\/pubeurope.com\/@fi\/115712565239187594","error":""},"_links":{"self":[{"href":"https:\/\/www.europesays.com\/fi\/wp-json\/wp\/v2\/posts\/115354","targetHints":{"allow":["GET"]}}],"collection":[{"href":"https:\/\/www.europesays.com\/fi\/wp-json\/wp\/v2\/posts"}],"about":[{"href":"https:\/\/www.europesays.com\/fi\/wp-json\/wp\/v2\/types\/post"}],"author":[{"embeddable":true,"href":"https:\/\/www.europesays.com\/fi\/wp-json\/wp\/v2\/users\/2"}],"replies":[{"embeddable":true,"href":"https:\/\/www.europesays.com\/fi\/wp-json\/wp\/v2\/comments?post=115354"}],"version-history":[{"count":0,"href":"https:\/\/www.europesays.com\/fi\/wp-json\/wp\/v2\/posts\/115354\/revisions"}],"wp:featuredmedia":[{"embeddable":true,"href":"https:\/\/www.europesays.com\/fi\/wp-json\/wp\/v2\/media\/115355"}],"wp:attachment":[{"href":"https:\/\/www.europesays.com\/fi\/wp-json\/wp\/v2\/media?parent=115354"}],"wp:term":[{"taxonomy":"category","embeddable":true,"href":"https:\/\/www.europesays.com\/fi\/wp-json\/wp\/v2\/categories?post=115354"},{"taxonomy":"post_tag","embeddable":true,"href":"https:\/\/www.europesays.com\/fi\/wp-json\/wp\/v2\/tags?post=115354"}],"curies":[{"name":"wp","href":"https:\/\/api.w.org\/{rel}","templated":true}]}}