{"id":115360,"date":"2025-12-13T13:59:15","date_gmt":"2025-12-13T13:59:15","guid":{"rendered":"https:\/\/www.europesays.com\/fi\/115360\/"},"modified":"2025-12-13T13:59:15","modified_gmt":"2025-12-13T13:59:15","slug":"william-bostadlokken-loukkaantui-vakavasti-yhdysvalloissa","status":"publish","type":"post","link":"https:\/\/www.europesays.com\/fi\/115360\/","title":{"rendered":"William Bostadlokken loukkaantui vakavasti Yhdysvalloissa"},"content":{"rendered":"<p>Norjalaisurheilijaa hoidetaan Denveriss\u00e4.<\/p>\n<p class=\"article-body mb-nof-24 px-nof-16\">Norjalainen kumparelaskija <a class=\"article-personlink\" href=\"https:\/\/www.is.fi\/haku\/?query=William%20Bostadl%C3%B6kken\" rel=\"nofollow noopener\" target=\"_blank\">William Bostadl\u00f6kken<\/a> on loukkaantunut vakavasti kaaduttuaan harjoituksissa Yhdysvalloissa Denverin osavaltiossa.<\/p>\n<p class=\"article-body mb-nof-24 px-nof-16\"><a class=\"article-genericlink\" href=\"https:\/\/www.nettavisen.no\/sport\/norsk-friski-hap-innlagt-pa-sykehus-i-usa\/s\/5-95-2776106\" rel=\"nofollow noopener\" target=\"_blank\">Nettavisen<\/a> kertoo, ett\u00e4 Bostadl\u00f6kken k\u00e4rsi kaatumisessa murtumia muun muassa sel\u00e4n alueelle. H\u00e4net leikattiin Denveriss\u00e4 keskiviikkona.<\/p>\n<p class=\"article-body mb-nof-24 px-nof-16\">\u2013 William on tajuissaan ja tietoinen ymp\u00e4rist\u00f6st\u00e4\u00e4n. H\u00e4n saa hyv\u00e4\u00e4 hoitoa Denveriss\u00e4. On liian aikaista sanoa mit\u00e4\u00e4n muuta h\u00e4nen tilanteestaan, muuta kuin ett\u00e4 vammat ovat vakavia. Seuraavat p\u00e4iv\u00e4t tulevat kertomaan meille enemm\u00e4n, Norjan maajoukkueen l\u00e4\u00e4k\u00e4ri <a class=\"article-personlink\" href=\"https:\/\/www.is.fi\/haku\/?query=Andreas%20Persson\" rel=\"nofollow noopener\" target=\"_blank\">Andreas Persson<\/a> kertoo.<\/p>\n<p class=\"article-body mb-nof-24 px-nof-16\">Nettavisenin mukaan Bostadl\u00f6kkenin vanhemmat ovat matkustamassa Norjasta Yhdysvaltoihin. My\u00f6s maajoukkueen urheilujohtaja <a class=\"article-personlink\" href=\"https:\/\/www.is.fi\/haku\/?query=Christoffer%20Schach\" rel=\"nofollow noopener\" target=\"_blank\">Christoffer Schach<\/a> on Bostadl\u00f6kkenin luona sairaalassa.<\/p>\n<p class=\"article-body mb-nof-24 px-nof-16\">20-vuotias Bostadlokken valittiin hiljattain Norjan joukkueeseen It\u00e4vallan Stubaissa kisattavaan maailmancupin avausosakilpailuun.<\/p>\n","protected":false},"excerpt":{"rendered":"Norjalaisurheilijaa hoidetaan Denveriss\u00e4. Norjalainen kumparelaskija William Bostadl\u00f6kken on loukkaantunut vakavasti kaaduttuaan harjoituksissa Yhdysvalloissa Denverin osavaltiossa. Nettavisen kertoo, ett\u00e4&hellip;\n","protected":false},"author":2,"featured_media":115361,"comment_status":"","ping_status":"","sticky":false,"template":"","format":"standard","meta":{"footnotes":""},"categories":[136],"tags":[407,137,33,31,30,34,408,32,109],"class_list":{"0":"post-115360","1":"post","2":"type-post","3":"status-publish","4":"format-standard","5":"has-post-thumbnail","7":"category-julkkikset","8":"tag-celebrities","9":"tag-entertainment","10":"tag-fi","11":"tag-finland","12":"tag-finnish","13":"tag-ilta-sanomat","14":"tag-julkkikset","15":"tag-suomi","16":"tag-viihde"},"share_on_mastodon":{"url":"https:\/\/pubeurope.com\/@fi\/115712620185528628","error":""},"_links":{"self":[{"href":"https:\/\/www.europesays.com\/fi\/wp-json\/wp\/v2\/posts\/115360","targetHints":{"allow":["GET"]}}],"collection":[{"href":"https:\/\/www.europesays.com\/fi\/wp-json\/wp\/v2\/posts"}],"about":[{"href":"https:\/\/www.europesays.com\/fi\/wp-json\/wp\/v2\/types\/post"}],"author":[{"embeddable":true,"href":"https:\/\/www.europesays.com\/fi\/wp-json\/wp\/v2\/users\/2"}],"replies":[{"embeddable":true,"href":"https:\/\/www.europesays.com\/fi\/wp-json\/wp\/v2\/comments?post=115360"}],"version-history":[{"count":0,"href":"https:\/\/www.europesays.com\/fi\/wp-json\/wp\/v2\/posts\/115360\/revisions"}],"wp:featuredmedia":[{"embeddable":true,"href":"https:\/\/www.europesays.com\/fi\/wp-json\/wp\/v2\/media\/115361"}],"wp:attachment":[{"href":"https:\/\/www.europesays.com\/fi\/wp-json\/wp\/v2\/media?parent=115360"}],"wp:term":[{"taxonomy":"category","embeddable":true,"href":"https:\/\/www.europesays.com\/fi\/wp-json\/wp\/v2\/categories?post=115360"},{"taxonomy":"post_tag","embeddable":true,"href":"https:\/\/www.europesays.com\/fi\/wp-json\/wp\/v2\/tags?post=115360"}],"curies":[{"name":"wp","href":"https:\/\/api.w.org\/{rel}","templated":true}]}}