{"id":115364,"date":"2025-12-13T14:07:10","date_gmt":"2025-12-13T14:07:10","guid":{"rendered":"https:\/\/www.europesays.com\/fi\/115364\/"},"modified":"2025-12-13T14:07:10","modified_gmt":"2025-12-13T14:07:10","slug":"yhdysvaltalaisnayttelija-peter-greene-on-kuollut-uutisia-lyhyesti","status":"publish","type":"post","link":"https:\/\/www.europesays.com\/fi\/115364\/","title":{"rendered":"Yhdysvaltalais\u00adn\u00e4yttelij\u00e4 Peter Greene on kuollut | Uutisia lyhyesti"},"content":{"rendered":"<p class=\"aw-1gybjub aw-5vja16 kEtdKx kmuxyA yle__article__paragraph\">Greene tunnettiin pahis\u00adrooleistaan muun muassa elokuvista Pulp Fiction ja The Mask.<\/p>\n<p><img decoding=\"async\" alt=\"Mustavalkokuva Peter Greenest\u00e4.\" src=\"https:\/\/www.europesays.com\/fi\/wp-content\/uploads\/2025\/12\/39-1569255693d6d423a916.jpeg\" class=\"aw-1l9m598 hKVVvP\"\/><\/p>\n<p>Avaa kuvien katselu<\/p>\n<p>Peter Greene teki urallaan kaikkiaan l\u00e4hes sata elokuvaroolia. Arkistokuva vuodelta 2012. Kuva: Craig Barritt \/ Getty Images<\/p>\n<p>15:33\u2022P\u00e4ivitetty 15:37<\/p>\n<p class=\"aw-1gybjub aw-1p7kakr kEtdKx cEmitX yle__article__paragraph\">N\u00e4yttelij\u00e4 Peter Greene on kuollut, kertoo <a class=\"aw-iao6s4 iHOxEa yle__article__link\" href=\"https:\/\/nypost.com\/2025\/12\/12\/us-news\/peter-greene-pulp-fiction-and-the-mask-actor-found-dead-at-60-inside-his-nyc-apartment\/\" role=\"link\" rel=\"nofollow noopener\" target=\"_blank\">New York Post<\/a>. Greene oli kuollessaan 60-vuotias.<\/p>\n<p class=\"aw-1gybjub aw-1p7kakr kEtdKx cEmitX yle__article__paragraph\">Peter Greene muistetaan Pulp Fiction ja The Mask -elokuvista. N\u00e4yttelij\u00e4n pitk\u00e4aikainen manageri <strong class=\"aw-ak79eh KyCXm yle__article__strong\">Gregg Edwards<\/strong> vahvisti kuoleman lehdelle.<\/p>\n<p class=\"aw-1gybjub aw-1p7kakr kEtdKx cEmitX yle__article__paragraph\">Greene l\u00f6ydettiin perjantaina iltap\u00e4iv\u00e4ll\u00e4 Lower East Sidella sijaitsevasta asunnostaan elottomana ja h\u00e4net todettiin kuolleeksi poliisin toimesta. Poliisin mukaan kuolemaan ei ep\u00e4ill\u00e4 liittyv\u00e4n rikosta, mutta kuolinsyy selvitet\u00e4\u00e4n oikeusl\u00e4\u00e4ketieteellisess\u00e4 tutkimuksessa.<\/p>\n<p class=\"aw-1gybjub aw-1p7kakr kEtdKx cEmitX yle__article__paragraph\">Greene tunnettiin erityisesti pahisrooleista: muun muassa <strong class=\"aw-ak79eh KyCXm yle__article__strong\">Quentin Tarantinon<\/strong> ohjaaman Pulp Fictionin sadistisena vartijana ja <strong class=\"aw-ak79eh KyCXm yle__article__strong\">Chuck Russelin<\/strong> ohjaaman The Maskin rikollispomona <strong class=\"aw-ak79eh KyCXm yle__article__strong\">Jim Carreyn<\/strong> vastan\u00e4yttelij\u00e4n\u00e4.<\/p>\n<p class=\"aw-1gybjub aw-1p7kakr kEtdKx cEmitX yle__article__paragraph\">Greene oli aloittamassa tammikuussa kuvaukset Mickey Rourken kanssa. H\u00e4n teki urallaan kaikkiaan l\u00e4hes sata elokuvaroolia, my\u00f6s muun muassa elokuvista: Laws of Gravity, Clean, Shaven, Blue Streak ja Training Day.<\/p>\n","protected":false},"excerpt":{"rendered":"Greene tunnettiin pahis\u00adrooleistaan muun muassa elokuvista Pulp Fiction ja The Mask. Avaa kuvien katselu Peter Greene teki urallaan&hellip;\n","protected":false},"author":2,"featured_media":115365,"comment_status":"","ping_status":"","sticky":false,"template":"","format":"standard","meta":{"footnotes":""},"categories":[130],"tags":[155,137,33,31,30,4169,108,4223,32,140,109,619],"class_list":{"0":"post-115364","1":"post","2":"type-post","3":"status-publish","4":"format-standard","5":"has-post-thumbnail","7":"category-viihde","8":"tag-elokuvat","9":"tag-entertainment","10":"tag-fi","11":"tag-finland","12":"tag-finnish","13":"tag-hollywood","14":"tag-kulttuuri","15":"tag-kuolleet","16":"tag-suomi","17":"tag-tv-ja-elokuvat","18":"tag-viihde","19":"tag-yhdysvallat"},"share_on_mastodon":{"url":"https:\/\/pubeurope.com\/@fi\/115712652053815837","error":""},"_links":{"self":[{"href":"https:\/\/www.europesays.com\/fi\/wp-json\/wp\/v2\/posts\/115364","targetHints":{"allow":["GET"]}}],"collection":[{"href":"https:\/\/www.europesays.com\/fi\/wp-json\/wp\/v2\/posts"}],"about":[{"href":"https:\/\/www.europesays.com\/fi\/wp-json\/wp\/v2\/types\/post"}],"author":[{"embeddable":true,"href":"https:\/\/www.europesays.com\/fi\/wp-json\/wp\/v2\/users\/2"}],"replies":[{"embeddable":true,"href":"https:\/\/www.europesays.com\/fi\/wp-json\/wp\/v2\/comments?post=115364"}],"version-history":[{"count":0,"href":"https:\/\/www.europesays.com\/fi\/wp-json\/wp\/v2\/posts\/115364\/revisions"}],"wp:featuredmedia":[{"embeddable":true,"href":"https:\/\/www.europesays.com\/fi\/wp-json\/wp\/v2\/media\/115365"}],"wp:attachment":[{"href":"https:\/\/www.europesays.com\/fi\/wp-json\/wp\/v2\/media?parent=115364"}],"wp:term":[{"taxonomy":"category","embeddable":true,"href":"https:\/\/www.europesays.com\/fi\/wp-json\/wp\/v2\/categories?post=115364"},{"taxonomy":"post_tag","embeddable":true,"href":"https:\/\/www.europesays.com\/fi\/wp-json\/wp\/v2\/tags?post=115364"}],"curies":[{"name":"wp","href":"https:\/\/api.w.org\/{rel}","templated":true}]}}