{"id":115380,"date":"2025-12-13T14:32:08","date_gmt":"2025-12-13T14:32:08","guid":{"rendered":"https:\/\/www.europesays.com\/fi\/115380\/"},"modified":"2025-12-13T14:32:08","modified_gmt":"2025-12-13T14:32:08","slug":"avengers-doomsdayn-trailerit-julkaistaan-marvelille-erikoisella-tavalla-jotkut-jaavat-nuolemaan-nappejaan","status":"publish","type":"post","link":"https:\/\/www.europesays.com\/fi\/115380\/","title":{"rendered":"Avengers: Doomsdayn trailerit julkaistaan Marvelille erikoisella tavalla \u2013 jotkut j\u00e4\u00e4v\u00e4t nuolemaan n\u00e4ppej\u00e4\u00e4n"},"content":{"rendered":"<p>Disney ja Marvel Studios etsiv\u00e4t uusia keinoja hypemarkkinoinnilleen. Uusi strategia ly\u00f6 yhteen kaksi miljardien dollareiden arvoista franchisea, joten Disney ei voi kuin voittaa.<\/p>\n<p>Avengers: Doomsday saa ensimm\u00e4isen trailerinsa tasan viikon p\u00e4\u00e4st\u00e4. Se tulee tapahtumaan aivan uudella tavalla.<\/p>\n<p>Lue my\u00f6s: <a href=\"https:\/\/www.episodi.fi\/uutiset\/seuraava-marvel-leffa-on-purkissa-odotetaan-miljardihittia\/\" title=\"Seuraava Marvel-leffa on purkissa \u2013 odotetaan miljardihitti\u00e4\" class=\"underline-custom !font-montserrat !font-bold !underline-offset-4 !decoration-4 !decoration-episodi-blue !text-md\" rel=\"nofollow noopener\" target=\"_blank\">Seuraava Marvel-leffa on purkissa \u2013 odotetaan miljardihitti\u00e4<\/a><\/p>\n<p>Lue my\u00f6s: <a href=\"https:\/\/www.episodi.fi\/uutiset\/terminator-ohjaajan-tekemasta-billie-eilish-konserttitallenteesta-julkaistiin-traileri-tallaista-tekniikkaa-ei-ole-ennen-kaytetty\/\" title=\"Terminator-ohjaajan tekem\u00e4st\u00e4 Billie Eilish -konserttitallenteesta julkaistiin traileri \u2013 \u201dT\u00e4llaista tekniikkaa ei ole ennen k\u00e4ytetty\u201d\" class=\"underline-custom !font-montserrat !font-bold !underline-offset-4 !decoration-4 !decoration-episodi-blue !text-md\" rel=\"nofollow noopener\" target=\"_blank\">Terminator-ohjaajan tekem\u00e4st\u00e4 Billie Eilish -konserttitallenteesta julkaistiin traileri \u2013 \u201dT\u00e4llaista tekniikkaa ei ole ennen k\u00e4ytetty\u201d<\/a><\/p>\n<p>Nimitt\u00e4in traileri esitet\u00e4\u00e4n Avatar: Fire and Ashin n\u00e4yt\u00f6ksiss\u00e4 viikon ajan.<\/p>\n<p>Ensimm\u00e4isen trailerin j\u00e4lkeen julkaistaan toinen, joka py\u00f6rii viikon ennen Fire and Ashia. Sen j\u00e4lkeen kolmas ja nelj\u00e4s samalla strategialla.<\/p>\n<p>Huomaatteko mit\u00e4 t\u00e4ss\u00e4 haetaan? Maksimaalista tuottoa Avatarille Kostajien hypen avulla. Joku saattaa k\u00e4yd\u00e4 katsomassa Avatarin jopa nelj\u00e4 kertaa pelk\u00e4st\u00e4\u00e4n n\u00e4iden Doomsday-trailerien takia.<\/p>\n<p>Strategia on aivan uusi, joten katsotaan miten siin\u00e4 tulee k\u00e4ym\u00e4\u00e4n.<\/p>\n<p>T\u00e4m\u00e4 on my\u00f6s toisella tavalla mielenkiintoinen uutinen. Ottaen huomioon <strong>James Cameronin<\/strong> puheet siit\u00e4, ett\u00e4 mik\u00e4li Fire and Ash ei menesty, ei nelosta ja vitosta tulla tekem\u00e4\u00e4n, joten onko leffan ennakkohype sakannut?<\/p>\n<p>Lue my\u00f6s: <a href=\"https:\/\/www.episodi.fi\/uutiset\/james-cameron-haluaisi-tunkea-nappinsa-godzilla-minus-oneen\/\" title=\"James Cameron haluaisi tunkea n\u00e4ppins\u00e4 Godzilla Minus Oneen\" class=\"underline-custom !font-montserrat !font-bold !underline-offset-4 !decoration-4 !decoration-episodi-blue !text-md\" rel=\"nofollow noopener\" target=\"_blank\">James Cameron haluaisi tunkea n\u00e4ppins\u00e4 Godzilla Minus Oneen<\/a><\/p>\n<p>Eiv\u00e4tk\u00f6 liput ole myyneet odotetulla tavalla, joten Disney ja Marvel kehittiv\u00e4t strategian, jolla kaksi j\u00e4ttil\u00e4ist\u00e4 yhdistet\u00e4\u00e4n ja Marvel-fanit sidotaan Avatariin?<\/p>\n<p>Spekulointiahan t\u00e4m\u00e4 tietenkin on. Avatar: Fire and Ash saa Suomessa ensi-iltansa 17.12., joten ensi viikon viikonloppu tulee kertomaan paljon.<\/p>\n<p>L\u00e4hde: <a href=\"https:\/\/screenrant.com\/avengers-doomsday-trailer-mcu-record-break\/\" target=\"_blank\" rel=\"noreferrer noopener nofollow\">ScreenRant<\/a><\/p>\n","protected":false},"excerpt":{"rendered":"Disney ja Marvel Studios etsiv\u00e4t uusia keinoja hypemarkkinoinnilleen. Uusi strategia ly\u00f6 yhteen kaksi miljardien dollareiden arvoista franchisea, joten&hellip;\n","protected":false},"author":2,"featured_media":115381,"comment_status":"","ping_status":"","sticky":false,"template":"","format":"standard","meta":{"footnotes":""},"categories":[131],"tags":[1093,809,298,155,137,33,173,31,30,434,3282,172,32,109],"class_list":{"0":"post-115380","1":"post","2":"type-post","3":"status-publish","4":"format-standard","5":"has-post-thumbnail","7":"category-elokuvat","8":"tag-avatar-fire-and-ash","9":"tag-avengers-doomsday","10":"tag-disney","11":"tag-elokuvat","12":"tag-entertainment","13":"tag-fi","14":"tag-film","15":"tag-finland","16":"tag-finnish","17":"tag-james-cameron","18":"tag-marvel","19":"tag-movies","20":"tag-suomi","21":"tag-viihde"},"share_on_mastodon":{"url":"https:\/\/pubeurope.com\/@fi\/115712749940594548","error":""},"_links":{"self":[{"href":"https:\/\/www.europesays.com\/fi\/wp-json\/wp\/v2\/posts\/115380","targetHints":{"allow":["GET"]}}],"collection":[{"href":"https:\/\/www.europesays.com\/fi\/wp-json\/wp\/v2\/posts"}],"about":[{"href":"https:\/\/www.europesays.com\/fi\/wp-json\/wp\/v2\/types\/post"}],"author":[{"embeddable":true,"href":"https:\/\/www.europesays.com\/fi\/wp-json\/wp\/v2\/users\/2"}],"replies":[{"embeddable":true,"href":"https:\/\/www.europesays.com\/fi\/wp-json\/wp\/v2\/comments?post=115380"}],"version-history":[{"count":0,"href":"https:\/\/www.europesays.com\/fi\/wp-json\/wp\/v2\/posts\/115380\/revisions"}],"wp:featuredmedia":[{"embeddable":true,"href":"https:\/\/www.europesays.com\/fi\/wp-json\/wp\/v2\/media\/115381"}],"wp:attachment":[{"href":"https:\/\/www.europesays.com\/fi\/wp-json\/wp\/v2\/media?parent=115380"}],"wp:term":[{"taxonomy":"category","embeddable":true,"href":"https:\/\/www.europesays.com\/fi\/wp-json\/wp\/v2\/categories?post=115380"},{"taxonomy":"post_tag","embeddable":true,"href":"https:\/\/www.europesays.com\/fi\/wp-json\/wp\/v2\/tags?post=115380"}],"curies":[{"name":"wp","href":"https:\/\/api.w.org\/{rel}","templated":true}]}}