{"id":115412,"date":"2025-12-13T15:08:14","date_gmt":"2025-12-13T15:08:14","guid":{"rendered":"https:\/\/www.europesays.com\/fi\/115412\/"},"modified":"2025-12-13T15:08:14","modified_gmt":"2025-12-13T15:08:14","slug":"liverpool-ei-kaipaa-mo-salahia-avausmaali-jo-46-sekunnin-pelin-jalkeen","status":"publish","type":"post","link":"https:\/\/www.europesays.com\/fi\/115412\/","title":{"rendered":"Liverpool ei kaipaa Mo Salahia \u2013\u2009Avausmaali jo 46 sekunnin pelin j\u00e4lkeen"},"content":{"rendered":"<p>Arsenal-legenda ep\u00e4ilee, ett\u00e4 Mo Salah pelaa t\u00e4n\u00e4\u00e4n viimeisen ottelunsa Liverpool-paidassa. <\/p>\n<p><img decoding=\"async\" class=\"image image-show image-preview\" src=\"https:\/\/www.europesays.com\/fi\/wp-content\/uploads\/2025\/12\/58f078cb53f0ef60beb961323fab71483362a9a0bafde559c1b0051d48a1bfeb.jpg\" alt=\"\"\/><img decoding=\"async\" class=\"image image-show\" src=\"https:\/\/www.europesays.com\/fi\/wp-content\/uploads\/2025\/12\/1765638494_865_58f078cb53f0ef60beb961323fab71483362a9a0bafde559c1b0051d48a1bfeb.jpg\" alt=\"\"\/><\/p>\n<p>Mo Salah aloittaa Brighton-pelin vaihtopenkilt\u00e4.  AOP<\/p>\n<p class=\"paragraph\"><strong>Paul Merson<\/strong> on brittifutiksen ikoneista.<\/p>\n<p class=\"paragraph\">57-vuotias Arsenal-legenda voitti vanhan ykk\u00f6sdivarin mestaruuden kahdesti ennen sen muuttumista Valioliigaksi ja juhli Tykkimiesten kanssa viel\u00e4 Euroopan Cup-voittajien cupin voittoa 1994.<\/p>\n<p class=\"paragraph\">Merson tunnetaan my\u00f6s alkoholi-, kokaiini- ja uhkapeliongelmistaan.<\/p>\n<p class=\"paragraph\">Ehk\u00e4 sen takia h\u00e4n asettui poikkeuksellisen selv\u00e4sti valtavirtaa vastaan my\u00f6s <strong>Mo Salahin<\/strong> tilanteessa. Hyvin monet asiantuntijat ovat vaatineet, ett\u00e4 Salah vet\u00e4isi sanansa takaisin ja pyyt\u00e4isi anteeksi, jos h\u00e4n mielii yh\u00e4 takaisin Liverpoolin pelaavaan kokoonpanoon.<\/p>\n<p class=\"paragraph\">\u2013\u2009Olen Salahin puolella. Minusta h\u00e4nt\u00e4 on kritisoitu liikaa. Ehkei h\u00e4nen olisi pit\u00e4nyt tehd\u00e4 sit\u00e4, mit\u00e4 teki, mutta h\u00e4nkin on vain ihminen, Merson aloitti Sky Sportsilla.<\/p>\n<p class=\"paragraph\">Salah \u201dsynti\u201d on se, ett\u00e4 h\u00e4n k\u00e4yt\u00e4nn\u00f6ss\u00e4 heitti kaikki muut joukkuetoverinsa bussin alle kritisoiden omaa tippumistaan vaihtopenkille.<\/p>\n<p class=\"paragraph\">\u2013\u2009H\u00e4n on voittaja. H\u00e4nen tilastonsa laidalta \u2013\u2009maalit ja sy\u00f6t\u00f6t \u2013\u2009ovat uskomattomia. Emme tule koskaan n\u00e4kem\u00e4\u00e4n vastaavia, Merson jatkoi.<\/p>\n<p class=\"paragraph\">\u2013<\/p>\n","protected":false},"excerpt":{"rendered":"Arsenal-legenda ep\u00e4ilee, ett\u00e4 Mo Salah pelaa t\u00e4n\u00e4\u00e4n viimeisen ottelunsa Liverpool-paidassa. Mo Salah aloittaa Brighton-pelin vaihtopenkilt\u00e4. AOP Paul Merson&hellip;\n","protected":false},"author":2,"featured_media":115413,"comment_status":"","ping_status":"","sticky":false,"template":"","format":"standard","meta":{"footnotes":""},"categories":[5],"tags":[35,22,23,26,27,33,31,30,17,43,42,1745,1984,24,25,28,29,1623,15,18,21,32,19,20,16],"class_list":{"0":"post-115412","1":"post","2":"type-post","3":"status-publish","4":"format-standard","5":"has-post-thumbnail","7":"category-otsikot","8":"tag-24h","9":"tag-breaking-news","10":"tag-breakingnews","11":"tag-featured-news","12":"tag-featurednews","13":"tag-fi","14":"tag-finland","15":"tag-finnish","16":"tag-headlines","17":"tag-jalkapallo","18":"tag-jalkapalloon-perustuvat-lajit","19":"tag-jalkapallopelaajat","20":"tag-jalkapallopelaajat-miehet","21":"tag-latest-news","22":"tag-latestnews","23":"tag-main-news","24":"tag-mainnews","25":"tag-miesten-jalkapallo","26":"tag-news","27":"tag-otsikot","28":"tag-paauutiset","29":"tag-suomi","30":"tag-top-stories","31":"tag-topstories","32":"tag-uutiset"},"share_on_mastodon":{"url":"https:\/\/pubeurope.com\/@fi\/115712891618786189","error":""},"_links":{"self":[{"href":"https:\/\/www.europesays.com\/fi\/wp-json\/wp\/v2\/posts\/115412","targetHints":{"allow":["GET"]}}],"collection":[{"href":"https:\/\/www.europesays.com\/fi\/wp-json\/wp\/v2\/posts"}],"about":[{"href":"https:\/\/www.europesays.com\/fi\/wp-json\/wp\/v2\/types\/post"}],"author":[{"embeddable":true,"href":"https:\/\/www.europesays.com\/fi\/wp-json\/wp\/v2\/users\/2"}],"replies":[{"embeddable":true,"href":"https:\/\/www.europesays.com\/fi\/wp-json\/wp\/v2\/comments?post=115412"}],"version-history":[{"count":0,"href":"https:\/\/www.europesays.com\/fi\/wp-json\/wp\/v2\/posts\/115412\/revisions"}],"wp:featuredmedia":[{"embeddable":true,"href":"https:\/\/www.europesays.com\/fi\/wp-json\/wp\/v2\/media\/115413"}],"wp:attachment":[{"href":"https:\/\/www.europesays.com\/fi\/wp-json\/wp\/v2\/media?parent=115412"}],"wp:term":[{"taxonomy":"category","embeddable":true,"href":"https:\/\/www.europesays.com\/fi\/wp-json\/wp\/v2\/categories?post=115412"},{"taxonomy":"post_tag","embeddable":true,"href":"https:\/\/www.europesays.com\/fi\/wp-json\/wp\/v2\/tags?post=115412"}],"curies":[{"name":"wp","href":"https:\/\/api.w.org\/{rel}","templated":true}]}}