{"id":115416,"date":"2025-12-13T15:20:10","date_gmt":"2025-12-13T15:20:10","guid":{"rendered":"https:\/\/www.europesays.com\/fi\/115416\/"},"modified":"2025-12-13T15:20:10","modified_gmt":"2025-12-13T15:20:10","slug":"amy-schumer-ja-chris-fischer-eroavat","status":"publish","type":"post","link":"https:\/\/www.europesays.com\/fi\/115416\/","title":{"rendered":"Amy Schumer ja Chris Fischer eroavat"},"content":{"rendered":"<p><strong>Amy Schumer <\/strong>n\u00e4htiin joulukuun alussa ilman kihlasormustaan. Fanit alkoivat spekuloimaan, onko seitsem\u00e4n vuotta naimisissa ollut pariskunta eroamassa.<\/p>\n<p>Schumer ja <strong>Chris Fischer <\/strong>meniv\u00e4t naimisiin helmikuussa 2018, ja saivat <strong>Gene<\/strong>-nimisen pojan heti seuraavana vuonna.<\/p>\n<p>Lue my\u00f6s: <a href=\"https:\/\/www.episodi.fi\/uutiset\/emily-ratajkowski-kritisoi-katy-perryn-meemiksi-muodostunutta-avaruuslentoa\/\" title=\"Emily Ratajkowski kritisoi Katy Perryn meemiksi muodostunutta avaruuslentoa\" class=\"underline-custom !font-montserrat !font-bold !underline-offset-4 !decoration-4 !decoration-episodi-blue !text-md\" rel=\"nofollow noopener\" target=\"_blank\">Emily Ratajkowski kritisoi Katy Perryn meemiksi muodostunutta avaruuslentoa<\/a><\/p>\n<p>Lue my\u00f6s: <a href=\"https:\/\/www.episodi.fi\/uutiset\/mata-vattu-haisee-madame-web-ja-francis-ford-coppola-olivat-voitokkaita-razzieissa\/\" title=\"M\u00e4t\u00e4 vattu haisee: Madame Web ja Francis Ford Coppola olivat voitokkaita Razzieissa\" class=\"underline-custom !font-montserrat !font-bold !underline-offset-4 !decoration-4 !decoration-episodi-blue !text-md\" rel=\"nofollow noopener\" target=\"_blank\">M\u00e4t\u00e4 vattu haisee: Madame Web ja Francis Ford Coppola olivat voitokkaita Razzieissa<\/a><\/p>\n<p>Schumer kertoi erosta Instagramissa.<\/p>\n<p>\u2013 Blah blah blah. Chris ja min\u00e4 olemme tehneet vaikean p\u00e4\u00e4t\u00f6ksen p\u00e4\u00e4tt\u00e4\u00e4 avioliittomme seitsem\u00e4n vuoden j\u00e4lkeen. Rakastamme toisiamme yh\u00e4 kovasti ja keskitymme jatkossakin poikamme kasvattamiseen. Toivomme, ett\u00e4 ihmiset kunnioittavat yksityisyytt\u00e4mme t\u00e4ss\u00e4 vaiheessa, Schumer kirjoittaa.<\/p>\n<p>Schumer kertoi samalla, etteiv\u00e4t h\u00e4nen uudet terveelliset el\u00e4m\u00e4ntapansa ole johtaneet eroon. H\u00e4n vihjaili kuitenkin jonkinlaisista ongelmista jo kuukausi sitten Instagram-videolla.<\/p>\n<p>\u2013 Se, mit\u00e4 minun ja Chrisin v\u00e4lill\u00e4 lopulta tapahtuu, ei liity mitenk\u00e4\u00e4n painonpudotukseen tai autismiin, Schumer kertoi videollaan viitaten Fischerin autismidiagnoosiin.<\/p>\n<p>\u2013 Pidet\u00e4\u00e4n peukkuja, ett\u00e4 selvi\u00e4mme t\u00e4st\u00e4. H\u00e4n on paras.<\/p>\n<p>Alla Schumerin julkaisu.<\/p>\n<p>Lue my\u00f6s: <a href=\"https:\/\/www.episodi.fi\/uutiskirje\/?uutiskirjemainos=tekstilinkkimainos\" title=\"Tilaa Episodin uutiskirje ja voit voittaa leffalippuja! Nappaa tv-vinkit suoraan s\u00e4hk\u00f6postiin t\u00e4st\u00e4.\" class=\"underline-custom !font-montserrat !font-bold !underline-offset-4 !decoration-4 !decoration-episodi-blue !text-md\" rel=\"nofollow noopener\" target=\"_blank\">Tilaa Episodin uutiskirje ja voit voittaa leffalippuja! Nappaa katseluvinkit suoraan s\u00e4hk\u00f6postiin t\u00e4st\u00e4.<\/a><\/p>\n","protected":false},"excerpt":{"rendered":"Amy Schumer n\u00e4htiin joulukuun alussa ilman kihlasormustaan. Fanit alkoivat spekuloimaan, onko seitsem\u00e4n vuotta naimisissa ollut pariskunta eroamassa. Schumer&hellip;\n","protected":false},"author":2,"featured_media":115417,"comment_status":"","ping_status":"","sticky":false,"template":"","format":"standard","meta":{"footnotes":""},"categories":[136],"tags":[13201,2759,407,21116,137,33,31,30,408,32,109],"class_list":{"0":"post-115416","1":"post","2":"type-post","3":"status-publish","4":"format-standard","5":"has-post-thumbnail","7":"category-julkkikset","8":"tag-amy-schumer","9":"tag-avioero","10":"tag-celebrities","11":"tag-chris-fischer","12":"tag-entertainment","13":"tag-fi","14":"tag-finland","15":"tag-finnish","16":"tag-julkkikset","17":"tag-suomi","18":"tag-viihde"},"share_on_mastodon":{"url":"https:\/\/pubeurope.com\/@fi\/115712938724486754","error":""},"_links":{"self":[{"href":"https:\/\/www.europesays.com\/fi\/wp-json\/wp\/v2\/posts\/115416","targetHints":{"allow":["GET"]}}],"collection":[{"href":"https:\/\/www.europesays.com\/fi\/wp-json\/wp\/v2\/posts"}],"about":[{"href":"https:\/\/www.europesays.com\/fi\/wp-json\/wp\/v2\/types\/post"}],"author":[{"embeddable":true,"href":"https:\/\/www.europesays.com\/fi\/wp-json\/wp\/v2\/users\/2"}],"replies":[{"embeddable":true,"href":"https:\/\/www.europesays.com\/fi\/wp-json\/wp\/v2\/comments?post=115416"}],"version-history":[{"count":0,"href":"https:\/\/www.europesays.com\/fi\/wp-json\/wp\/v2\/posts\/115416\/revisions"}],"wp:featuredmedia":[{"embeddable":true,"href":"https:\/\/www.europesays.com\/fi\/wp-json\/wp\/v2\/media\/115417"}],"wp:attachment":[{"href":"https:\/\/www.europesays.com\/fi\/wp-json\/wp\/v2\/media?parent=115416"}],"wp:term":[{"taxonomy":"category","embeddable":true,"href":"https:\/\/www.europesays.com\/fi\/wp-json\/wp\/v2\/categories?post=115416"},{"taxonomy":"post_tag","embeddable":true,"href":"https:\/\/www.europesays.com\/fi\/wp-json\/wp\/v2\/tags?post=115416"}],"curies":[{"name":"wp","href":"https:\/\/api.w.org\/{rel}","templated":true}]}}