{"id":115418,"date":"2025-12-13T15:25:12","date_gmt":"2025-12-13T15:25:12","guid":{"rendered":"https:\/\/www.europesays.com\/fi\/115418\/"},"modified":"2025-12-13T15:25:12","modified_gmt":"2025-12-13T15:25:12","slug":"tanaan-tvssa-jason-stathamin-toimintaelokuva-sai-patevaa-jatkoa-vuonna-2005","status":"publish","type":"post","link":"https:\/\/www.europesays.com\/fi\/115418\/","title":{"rendered":"T\u00e4n\u00e4\u00e4n tv:ss\u00e4: Jason Stathamin toimintaelokuva sai p\u00e4tev\u00e4\u00e4 jatkoa vuonna 2005"},"content":{"rendered":"<p>T\u00e4n\u00e4\u00e4n n\u00e4hd\u00e4\u00e4n televisiossa vuonna 2005 valmistunut Transporter 2.<\/p>\n<p><strong>Jason Statham<\/strong> on entinen palkkasoturi Frank Martin, joka tunnetaan nimell\u00e4 The Transporter. H\u00e4n hoitaa arvokkaimmat ja vaarallisimmat kuljetukset. T\u00e4ll\u00e4 kertaa h\u00e4n saa teht\u00e4v\u00e4kseen toimia rikkaan perheen pienen pojan kuskina. Kun poika kaapataan, Frank joutuu ep\u00e4ilyksien kohteeksi.<\/p>\n<p>Naisp\u00e4\u00e4osassa blonditappajana n\u00e4hd\u00e4\u00e4n ensimm\u00e4isess\u00e4 elokuvaroolissaan mallina ty\u00f6skennellyt <strong>Kate Nauta<\/strong>, jonka teht\u00e4v\u00e4 on l\u00e4hinn\u00e4 olla tuhma ja n\u00e4ytt\u00e4\u00e4 pornahtavalle. Tytt\u00f6 on kuin j\u00e4nnitt\u00e4v\u00e4 risteytys <strong>Brigitte Nielseni\u00e4<\/strong> ja <strong>Milla Jovovichia<\/strong>.<\/p>\n<p>Transporter 2 on teknisess\u00e4 mieless\u00e4 taitavasti tehty toimintapl\u00e4j\u00e4ys, jossa riitt\u00e4\u00e4 vauhtia koko vajaan puolitoistatuntisen verran ja lajityyppikliseet kierr\u00e4tet\u00e4\u00e4n mallikkaasti.<\/p>\n<p>Lue my\u00f6s: <a href=\"https:\/\/www.episodi.fi\/uutiset\/jason-stathamin-suosittu-toimintahulina-saa-jatkoa-statham-palaa-rooliinsa\/\" title=\"Jason Stathamin suosittu toimintahulina saa jatkoa \u2013\u00a0Statham palaa rooliinsa\" class=\"underline-custom !font-montserrat !font-bold !underline-offset-4 !decoration-4 !decoration-episodi-blue !text-md\" rel=\"nofollow noopener\" target=\"_blank\">Jason Stathamin suosittu toimintahulina saa jatkoa \u2013\u00a0Statham palaa rooliinsa<\/a><\/p>\n<p>Ranskalaistuotannon ohjauksesta vastaa ykk\u00f6sosan tapaan <strong>Louis Leterrier<\/strong> ja tuottajana on t\u00e4ll\u00e4kin kertaa<strong> Luc Besson.<\/strong><\/p>\n<p>Transporter 2 esitet\u00e4\u00e4n Subilla lauantaina 13.12.2025 klo 22.15. Elokuva l\u00f6ytyy ensimm\u00e4isen osan ohella my\u00f6s Disney Plussasta. Katso traileri alta.<\/p>\n<p>Arvio: Kalle V\u00e4ist\u00f6<\/p>\n<p><img loading=\"lazy\" decoding=\"async\" alt=\"YouTube video\" width=\"480\" height=\"360\" data-pin-nopin=\"true\" nopin=\"nopin\" class=\"perfmatters-lazy\" src=\"https:\/\/www.europesays.com\/fi\/wp-content\/uploads\/2025\/10\/1760701509_792_hqdefault.jpg\"\/><\/p>\n<p>Lue my\u00f6s: <a href=\"https:\/\/www.episodi.fi\/uutiskirje\/?uutiskirjemainos=tekstilinkkimainos\" title=\"Tilaa Episodin uutiskirje ja voit voittaa leffalippuja! Nappaa tv-vinkit suoraan s\u00e4hk\u00f6postiin t\u00e4st\u00e4.\" class=\"underline-custom !font-montserrat !font-bold !underline-offset-4 !decoration-4 !decoration-episodi-blue !text-md\" rel=\"nofollow noopener\" target=\"_blank\">Tilaa Episodin uutiskirje ja voit voittaa leffalippuja! Nappaa katseluvinkit suoraan s\u00e4hk\u00f6postiin t\u00e4st\u00e4.<\/a><\/p>\n","protected":false},"excerpt":{"rendered":"T\u00e4n\u00e4\u00e4n n\u00e4hd\u00e4\u00e4n televisiossa vuonna 2005 valmistunut Transporter 2. Jason Statham on entinen palkkasoturi Frank Martin, joka tunnetaan nimell\u00e4&hellip;\n","protected":false},"author":2,"featured_media":115419,"comment_status":"","ping_status":"","sticky":false,"template":"","format":"standard","meta":{"footnotes":""},"categories":[131],"tags":[566,155,137,33,173,31,30,172,32,139,109],"class_list":{"0":"post-115418","1":"post","2":"type-post","3":"status-publish","4":"format-standard","5":"has-post-thumbnail","7":"category-elokuvat","8":"tag-disney-plus","9":"tag-elokuvat","10":"tag-entertainment","11":"tag-fi","12":"tag-film","13":"tag-finland","14":"tag-finnish","15":"tag-movies","16":"tag-suomi","17":"tag-tv-ohjelmat","18":"tag-viihde"},"share_on_mastodon":{"url":"https:\/\/pubeurope.com\/@fi\/115712958516610803","error":""},"_links":{"self":[{"href":"https:\/\/www.europesays.com\/fi\/wp-json\/wp\/v2\/posts\/115418","targetHints":{"allow":["GET"]}}],"collection":[{"href":"https:\/\/www.europesays.com\/fi\/wp-json\/wp\/v2\/posts"}],"about":[{"href":"https:\/\/www.europesays.com\/fi\/wp-json\/wp\/v2\/types\/post"}],"author":[{"embeddable":true,"href":"https:\/\/www.europesays.com\/fi\/wp-json\/wp\/v2\/users\/2"}],"replies":[{"embeddable":true,"href":"https:\/\/www.europesays.com\/fi\/wp-json\/wp\/v2\/comments?post=115418"}],"version-history":[{"count":0,"href":"https:\/\/www.europesays.com\/fi\/wp-json\/wp\/v2\/posts\/115418\/revisions"}],"wp:featuredmedia":[{"embeddable":true,"href":"https:\/\/www.europesays.com\/fi\/wp-json\/wp\/v2\/media\/115419"}],"wp:attachment":[{"href":"https:\/\/www.europesays.com\/fi\/wp-json\/wp\/v2\/media?parent=115418"}],"wp:term":[{"taxonomy":"category","embeddable":true,"href":"https:\/\/www.europesays.com\/fi\/wp-json\/wp\/v2\/categories?post=115418"},{"taxonomy":"post_tag","embeddable":true,"href":"https:\/\/www.europesays.com\/fi\/wp-json\/wp\/v2\/tags?post=115418"}],"curies":[{"name":"wp","href":"https:\/\/api.w.org\/{rel}","templated":true}]}}