{"id":115430,"date":"2025-12-13T15:34:12","date_gmt":"2025-12-13T15:34:12","guid":{"rendered":"https:\/\/www.europesays.com\/fi\/115430\/"},"modified":"2025-12-13T15:34:12","modified_gmt":"2025-12-13T15:34:12","slug":"telian-laajakaistahairio-saatiin-korjattua-hs-fi","status":"publish","type":"post","link":"https:\/\/www.europesays.com\/fi\/115430\/","title":{"rendered":"Telian laajakaistah\u00e4iri\u00f6 saatiin korjattua | HS.fi"},"content":{"rendered":"<p>Uusimaa|H\u00e4iri\u00f6 havaittiin puolenp\u00e4iv\u00e4n aikaan ja saatiin korjattua iltap\u00e4iv\u00e4\u00e4n menness\u00e4.<\/p>\n<p class=\"article-body mb-nof-24 px-nof-16\">Telian kiinte\u00e4ss\u00e4 verkossa oli lauantaina Uudellamaalla h\u00e4iri\u00f6it\u00e4.<\/p>\n<p class=\"article-body mb-nof-24 px-nof-16\">Yhti\u00f6n tiedotteen mukaan laajakaistan h\u00e4iri\u00f6n aiheutti puoliltap\u00e4ivin havaittu laitevika, joka saatiin korjattua iltap\u00e4iv\u00e4ll\u00e4 nelj\u00e4n aikoihin. Yhteydet toimivat j\u00e4lleen normaalisti.<\/p>\n<p class=\"article-body mb-nof-24 px-nof-16\">Tiedotteen mukaan h\u00e4iri\u00f6 n\u00e4kyi internetin toimimattomuutena osalla Telian kiinte\u00e4n verkon laajakaista-asiakkaista. Vika ei vaikuttanut koko Telian verkkoon, eik\u00e4 koskettanut kaikkia laajakaista-asiakkaita. Yhti\u00f6n mukaan sen mobiiliverkko on toiminut normaalisti.<\/p>\n<p class=\"article-body mb-nof-24 px-nof-16\">Aiemmin korjaustoimenpiteiden arvioitiin kest\u00e4v\u00e4n kello 20.30 saakka, mutta korjaaminen onnistuikin arvioitua nopeammin.<\/p>\n","protected":false},"excerpt":{"rendered":"Uusimaa|H\u00e4iri\u00f6 havaittiin puolenp\u00e4iv\u00e4n aikaan ja saatiin korjattua iltap\u00e4iv\u00e4\u00e4n menness\u00e4. Telian kiinte\u00e4ss\u00e4 verkossa oli lauantaina Uudellamaalla h\u00e4iri\u00f6it\u00e4. Yhti\u00f6n tiedotteen&hellip;\n","protected":false},"author":2,"featured_media":96697,"comment_status":"","ping_status":"","sticky":false,"template":"","format":"standard","meta":{"footnotes":""},"categories":[5],"tags":[22,23,26,27,33,31,30,17,46,24,25,28,29,15,18,21,32,19,20,16],"class_list":{"0":"post-115430","1":"post","2":"type-post","3":"status-publish","4":"format-standard","5":"has-post-thumbnail","7":"category-otsikot","8":"tag-breaking-news","9":"tag-breakingnews","10":"tag-featured-news","11":"tag-featurednews","12":"tag-fi","13":"tag-finland","14":"tag-finnish","15":"tag-headlines","16":"tag-helsingin-sanomat","17":"tag-latest-news","18":"tag-latestnews","19":"tag-main-news","20":"tag-mainnews","21":"tag-news","22":"tag-otsikot","23":"tag-paauutiset","24":"tag-suomi","25":"tag-top-stories","26":"tag-topstories","27":"tag-uutiset"},"share_on_mastodon":{"url":"https:\/\/pubeurope.com\/@fi\/115712993732960756","error":""},"_links":{"self":[{"href":"https:\/\/www.europesays.com\/fi\/wp-json\/wp\/v2\/posts\/115430","targetHints":{"allow":["GET"]}}],"collection":[{"href":"https:\/\/www.europesays.com\/fi\/wp-json\/wp\/v2\/posts"}],"about":[{"href":"https:\/\/www.europesays.com\/fi\/wp-json\/wp\/v2\/types\/post"}],"author":[{"embeddable":true,"href":"https:\/\/www.europesays.com\/fi\/wp-json\/wp\/v2\/users\/2"}],"replies":[{"embeddable":true,"href":"https:\/\/www.europesays.com\/fi\/wp-json\/wp\/v2\/comments?post=115430"}],"version-history":[{"count":0,"href":"https:\/\/www.europesays.com\/fi\/wp-json\/wp\/v2\/posts\/115430\/revisions"}],"wp:featuredmedia":[{"embeddable":true,"href":"https:\/\/www.europesays.com\/fi\/wp-json\/wp\/v2\/media\/96697"}],"wp:attachment":[{"href":"https:\/\/www.europesays.com\/fi\/wp-json\/wp\/v2\/media?parent=115430"}],"wp:term":[{"taxonomy":"category","embeddable":true,"href":"https:\/\/www.europesays.com\/fi\/wp-json\/wp\/v2\/categories?post=115430"},{"taxonomy":"post_tag","embeddable":true,"href":"https:\/\/www.europesays.com\/fi\/wp-json\/wp\/v2\/tags?post=115430"}],"curies":[{"name":"wp","href":"https:\/\/api.w.org\/{rel}","templated":true}]}}