{"id":115431,"date":"2025-12-13T15:46:10","date_gmt":"2025-12-13T15:46:10","guid":{"rendered":"https:\/\/www.europesays.com\/fi\/115431\/"},"modified":"2025-12-13T15:46:10","modified_gmt":"2025-12-13T15:46:10","slug":"somevaikuttaja-denise-ivonne-jarvis-gongora-on-kuollut","status":"publish","type":"post","link":"https:\/\/www.europesays.com\/fi\/115431\/","title":{"rendered":"Somevaikuttaja Denise Ivonne Jarvis Gongora on kuollut"},"content":{"rendered":"<p>Vaikuttaja oli kuollessaan 33-vuotias.<\/p>\n<p class=\"article-body mb-nof-24 px-nof-16\">\u00c4\u00e4rimm\u00e4isist\u00e4 kauneusleikkauksistaan tunnettu Somevaikuttaja <a class=\"article-personlink\" href=\"https:\/\/www.is.fi\/haku\/?query=Mary%20Magdalene\" rel=\"nofollow noopener\" target=\"_blank\">Mary Magdalene<\/a>, oikealta nimelt\u00e4\u00e4n <a class=\"article-personlink\" href=\"https:\/\/www.is.fi\/haku\/?query=Denise%20Ivonne%20Jarvis%20Gongora\" rel=\"nofollow noopener\" target=\"_blank\">Denise Ivonne Jarvis Gongora<\/a>, on kuollut.<\/p>\n<p class=\"article-body mb-nof-24 px-nof-16\">H\u00e4net l\u00f6ydettiin kuolleena Thaimaan Phuketissa. H\u00e4n oli 33-vuotias.<\/p>\n<p class=\"article-body mb-nof-24 px-nof-16\">Asiasta uutisoi muun muassa <a class=\"article-genericlink\" href=\"https:\/\/www.dailymail.co.uk\/tvshowbiz\/article-15373447\/mary-magdalene-surgery-death-thailand.html\" rel=\"nofollow noopener\" target=\"_blank\">Daily Mail<\/a>.<\/p>\n<p class=\"article-body mb-nof-24 px-nof-16\">Daily Mail kertoo Magdalenen pudonneen hotellin yhdeks\u00e4nnen kerroksen parvekkeelta. Meksikolais-kanadalainen vaikuttaja l\u00f6ydettiin kuolleena Patong Hotel -nimisen hotellin parkkipaikalta kello 13.30 paikallista aikaa. Lehden mukaan h\u00e4n kirjautui hotelliin vain tunteja ennen kuolemaansa.<\/p>\n<p class=\"article-body mb-nof-24 px-nof-16\">Vaikuttajan ruumis kiid\u00e4tettiin l\u00e4heiseen sairaalaan kuolinsyyn selvitt\u00e4mist\u00e4 varten.<\/p>\n<p class=\"article-body mb-nof-24 px-nof-16\">Magdalene oli jakanut vain pari p\u00e4iv\u00e4\u00e4 ennen kuolemaansa Instagramissa kaksi kuvankaappausta <a class=\"article-personlink\" href=\"https:\/\/www.is.fi\/haku\/?query=Jim%20Carreyn\" rel=\"nofollow noopener\" target=\"_blank\">Jim Carreyn<\/a> t\u00e4hditt\u00e4m\u00e4st\u00e4 The Truman Show -elokuvasta.<\/p>\n<p class=\"article-body mb-nof-24 px-nof-16\">\u2013 Sit\u00e4 varalta, etten n\u00e4e teit\u00e4: hyv\u00e4\u00e4 iltap\u00e4iv\u00e4\u00e4, hyv\u00e4\u00e4 iltaa ja hyv\u00e4\u00e4 y\u00f6t\u00e4, Carreyn esitt\u00e4m\u00e4 hahmo Truman Burbank toivottaa ja kumartaa.<\/p>\n<p class=\"article-body mb-nof-24 px-nof-16\">Magdalene yll\u00e4piti useampia Instagram-tilej\u00e4, ja niill\u00e4 kaikilla oli toista sataa tuhatta seuraajaa. Yhden nimeksi h\u00e4n vaihtoi ennen kuolemaansa Marymagdelenedied, \u201dMary Magdelene kuoli\u201d.<\/p>\n<p class=\"article-body mb-nof-24 px-nof-16\">Magdelene tuli tunnetuksi \u00e4\u00e4rimm\u00e4isist\u00e4 kehonmuokkauksistaan ja kauneusleikkauksistaan. H\u00e4n oli tatuoinut suurimman osan kehostaan ja suurennuttanut rintojaan reilusti.<\/p>\n<p class=\"article-body mb-nof-24 px-nof-16\">Vuonna 2023 h\u00e4n nousi otsikoihin, kun h\u00e4n kertoi 95J-kuppikoon rintaimplanttinsa r\u00e4j\u00e4ht\u00e4neen.<\/p>\n<p class=\"article-body mb-nof-24 px-nof-16\">R\u00e4j\u00e4ht\u00e4misen syyt\u00e4 ei ole kerrottu julkisuuteen, mutta on Daily Mailin mukaan Magdelenen fanit ovat spekuloineet, ett\u00e4 h\u00e4n olisi t\u00e4ytt\u00e4nyt jo valmiiksi varsin valtavia rintojaan liikaa lis\u00e4laajentimien avulla.<\/p>\n<p class=\"article-body mb-nof-24 px-nof-16\">Laajentimet ovat joidenkin implanttien ominaisuus, jonka avulla potilas voi itse t\u00e4ytt\u00e4\u00e4 ne suolaliuoksella implantin neulan ja portin kautta, mist\u00e4 Gongora usein kehui.<\/p>\n<p class=\"article-body mb-nof-24 px-nof-16\">H\u00e4nen leikkauksensa johtivat malliin useisiin terveysongelmiin.<\/p>\n<p class=\"article-body mb-nof-24 px-nof-16\">Vuonna 2022 somevaikuttaja paljasti, ett\u00e4 h\u00e4n ei en\u00e4\u00e4 pystynyt sulkemaan suutaan, koska h\u00e4nen huuliinsa oli tehty niin monta leikkausta.<\/p>\n<p class=\"article-body mb-nof-24 px-nof-16\">H\u00e4net vietiin my\u00f6s kiireellisesti ensiapuun, kun yksi h\u00e4nen rintojensa tatuoinneista tulehtui, mik\u00e4 johti mahdollisesti hengenvaaralliseen verenmyrkytykseen.<\/p>\n<p class=\"article-body mb-nof-24 px-nof-16\">Viime aikoina h\u00e4n melkein sokeutui tatuoidessaan silm\u00e4munansa siniseksi ja keltaiseksi.<\/p>\n<p class=\"article-body mb-nof-24 px-nof-16\">Vuotta ennen kuolemaansa Mary oli alkanut tatuoida koko yl\u00e4vartaloaan puhtaalla mustalla musteella.<\/p>\n","protected":false},"excerpt":{"rendered":"Vaikuttaja oli kuollessaan 33-vuotias. \u00c4\u00e4rimm\u00e4isist\u00e4 kauneusleikkauksistaan tunnettu Somevaikuttaja Mary Magdalene, oikealta nimelt\u00e4\u00e4n Denise Ivonne Jarvis Gongora, on kuollut.&hellip;\n","protected":false},"author":2,"featured_media":115432,"comment_status":"","ping_status":"","sticky":false,"template":"","format":"standard","meta":{"footnotes":""},"categories":[136],"tags":[407,137,33,31,30,34,408,32,109],"class_list":{"0":"post-115431","1":"post","2":"type-post","3":"status-publish","4":"format-standard","5":"has-post-thumbnail","7":"category-julkkikset","8":"tag-celebrities","9":"tag-entertainment","10":"tag-fi","11":"tag-finland","12":"tag-finnish","13":"tag-ilta-sanomat","14":"tag-julkkikset","15":"tag-suomi","16":"tag-viihde"},"share_on_mastodon":{"url":"https:\/\/pubeurope.com\/@fi\/115713040914364686","error":""},"_links":{"self":[{"href":"https:\/\/www.europesays.com\/fi\/wp-json\/wp\/v2\/posts\/115431","targetHints":{"allow":["GET"]}}],"collection":[{"href":"https:\/\/www.europesays.com\/fi\/wp-json\/wp\/v2\/posts"}],"about":[{"href":"https:\/\/www.europesays.com\/fi\/wp-json\/wp\/v2\/types\/post"}],"author":[{"embeddable":true,"href":"https:\/\/www.europesays.com\/fi\/wp-json\/wp\/v2\/users\/2"}],"replies":[{"embeddable":true,"href":"https:\/\/www.europesays.com\/fi\/wp-json\/wp\/v2\/comments?post=115431"}],"version-history":[{"count":0,"href":"https:\/\/www.europesays.com\/fi\/wp-json\/wp\/v2\/posts\/115431\/revisions"}],"wp:featuredmedia":[{"embeddable":true,"href":"https:\/\/www.europesays.com\/fi\/wp-json\/wp\/v2\/media\/115432"}],"wp:attachment":[{"href":"https:\/\/www.europesays.com\/fi\/wp-json\/wp\/v2\/media?parent=115431"}],"wp:term":[{"taxonomy":"category","embeddable":true,"href":"https:\/\/www.europesays.com\/fi\/wp-json\/wp\/v2\/categories?post=115431"},{"taxonomy":"post_tag","embeddable":true,"href":"https:\/\/www.europesays.com\/fi\/wp-json\/wp\/v2\/tags?post=115431"}],"curies":[{"name":"wp","href":"https:\/\/api.w.org\/{rel}","templated":true}]}}