{"id":115439,"date":"2025-12-13T15:54:11","date_gmt":"2025-12-13T15:54:11","guid":{"rendered":"https:\/\/www.europesays.com\/fi\/115439\/"},"modified":"2025-12-13T15:54:11","modified_gmt":"2025-12-13T15:54:11","slug":"is-beata-leppilampi-avautuu-mikon-ahdistelukohusta","status":"publish","type":"post","link":"https:\/\/www.europesays.com\/fi\/115439\/","title":{"rendered":"IS: Beata Leppilampi avautuu Mikon ahdistelukohusta"},"content":{"rendered":"<p>            Seiskan arkisto\n        <\/p>\n<p class=\"subtitle \">Mikko Leppilampi on ollut viime vuodet aika lailla pois julkisuudesta ahdistelusyyt\u00f6sten vuoksi.<\/p>\n<p class=\"article-content article-content-width !bg-background\"> ja  ovat n\u00e4ytt\u00e4v\u00e4 aviopari.<\/p>\n<p class=\"article-content article-content-width !bg-background\">Pariskunta tapasi alkujaan vuonna 2018, ja h\u00e4it\u00e4 tanssittiin vuonna 2021.<\/p>\n<p class=\"article-content article-content-width !bg-background\">Espoon Westendiss\u00e4 asuvalla pariskunnalla on my\u00f6s kaksi yhteist\u00e4 lasta: vuonna 2021 syntynyt  ja vuonna 2023 syntynyt .<\/p>\n<p>        <a itemprop=\"url\" href=\"https:\/\/www.seiska.fi\/kotimaa\/mikko-leppilampi-yllatysuutinen\/2007420\" rel=\"nofollow noopener\" target=\"_blank\"><\/p>\n<p>\nMikko Leppilampi\n<\/p>\n<p class=\"section-date\">\n        <strong class=\"article-section\" data-section=\"kotimaa\"><br \/>\n            kotimaa<br \/>\n        <\/strong><br \/>\n        30.11. 16:30\n    <\/p>\n<p>Mikko Leppilampi: Yll\u00e4tysuutinen!\n    <\/p>\n<p>        <\/a><\/p>\n<p class=\"article-content article-content-width !bg-background\">Mikko on ollut viime vuodet aika lailla pois julkisuudesta, joskin aivan viime aikoina mies on aktivoitunut erityisesti LinkedInin puolella.<\/p>\n<p>                <img decoding=\"async\" src=\"https:\/\/www.europesays.com\/fi\/wp-content\/uploads\/2025\/12\/1916461.webp\" width=\"576\" height=\"322\" alt=\"Mikko muistetaan erityisesti uransa alussa 'ensirakastajan' rooleistaan n\u00e4yttelij\u00e4n\u00e4.\" loading=\"lazy\" \/>            <\/p>\n<p>\n            Mikko muistetaan erityisesti uransa alussa &#8221;ensirakastajan&#8221; rooleistaan n\u00e4yttelij\u00e4n\u00e4.<br \/>\n            Timo Korhonen\n        <\/p>\n<p>Ahdistelusyyt\u00f6kset<\/p>\n<p class=\"article-content article-content-width !bg-background\">Hiljaisuuden syy on ollut selv\u00e4.<\/p>\n<p class=\"article-content article-content-width !bg-background\">Mikko joutui kohun keskelle vuonna 2023, kun Seiska uutisoi, ett\u00e4 Mikon ep\u00e4iltiin ahdistelleen naista asiakaspalvelutilanteessa Inarissa Ivalo-sarjan kuvausten aikana.<\/p>\n<p>        <a itemprop=\"url\" href=\"https:\/\/www.seiska.fi\/kotimaa\/vau-mika-komistus-tassa-on-mikko-leppilammen-isa\/1958921\" rel=\"nofollow noopener\" target=\"_blank\"><\/p>\n<p>\nVau, mik\u00e4 komistus!\n<\/p>\n<p class=\"section-date\">\n        <strong class=\"article-section\" data-section=\"kotimaa\"><br \/>\n            kotimaa<br \/>\n        <\/strong><br \/>\n        13.10. 08:59\n    <\/p>\n<p>Vau, mik\u00e4 komistus! T\u00e4ss\u00e4 on Mikko Leppilammen is\u00e4\n    <\/p>\n<p itemprop=\"description\" class=\"subtitle \">\n    Mikko on tehnyt my\u00f6s musiikkia, mutta se lienee tullut ainakin osittain verenperint\u00f6n\u00e4.\n<\/p>\n<p>        <\/a><\/p>\n<p class=\"article-content article-content-width !bg-background\">Marraskuussa 2024 kuitenkin uutisoitiin, ettei Leppilampi saanut syytett\u00e4 seksuaalisesta ahdistelusta, sill\u00e4 syytt\u00e4j\u00e4 teki asiassa syytt\u00e4m\u00e4tt\u00e4j\u00e4tt\u00e4misp\u00e4\u00e4t\u00f6ksen.<\/p>\n<p class=\"article-content article-content-width !bg-background\">Mikko oli kuitenkin senkin j\u00e4lkeen hiljaa ja on vasta viime aikoina alkanut n\u00e4ky\u00e4.<\/p>\n<p>                <img decoding=\"async\" src=\"https:\/\/www.europesays.com\/fi\/wp-content\/uploads\/2025\/12\/1985279.webp\" width=\"576\" height=\"322\" alt=\"Beata Leppilampi saapui viime kes\u00e4n\u00e4 ennakkotiedoista poiketen Savonlinnan oopperajuhlien kutsuvierastilaisuuteen ilman Mikkoa.\" loading=\"lazy\" \/>            <\/p>\n<p>\n            Beata Leppilampi saapui viime kes\u00e4n\u00e4 ennakkotiedoista poiketen Savonlinnan oopperajuhlien kutsuvierastilaisuuteen ilman Mikkoa.<br \/>\n            Matti Matikainen\n        <\/p>\n<p>Mikko kertoi, miksi vaikeni<\/p>\n<p class=\"article-content article-content-width !bg-background\"><a href=\"https:\/\/www.mtv.fi\/video\/12d82b4aa0db23c86ed8\/sunnuntaina-26-lokakuuta\" target=\"_blank\" rel=\"nofollow noopener\">Huomenta Suomessa Mikko ruoti asiaa lokakuussa ja kertoi<\/a> vet\u00e4ytyneens\u00e4 julkisuudesta oikeusprosessin suojelemiseksi.<\/p>\n<p class=\"article-content article-content-width !bg-background\">\u2013 Jos ajatellaan oikeudellista prosessia ja sit\u00e4 haluaa kunnioittaa, niin en voi enk\u00e4 my\u00f6sk\u00e4\u00e4n halua l\u00e4hte\u00e4 puhumaan siit\u00e4 muissa foorumeissa.. julkisesti joillain palstoilla tai muutenkin, Mikko tuumi .<\/p>\n<p>        <a itemprop=\"url\" href=\"https:\/\/www.seiska.fi\/kotimaa\/mikko-leppilammelta-syvallinen-ulostulos-ehka-ma-en-enaa-kelpaa\/1922901\" rel=\"nofollow noopener\" target=\"_blank\"><\/p>\n<p>\nSyv\u00e4llinen ulostulos\n<\/p>\n<p class=\"section-date\">\n        <strong class=\"article-section\" data-section=\"kotimaa\"><br \/>\n            kotimaa<br \/>\n        <\/strong><br \/>\n        7.9. 16:30\n    <\/p>\n<p>Mikko Leppilammelta syv\u00e4llinen ulostulos: &#8221;Ehk\u00e4 m\u00e4 en en\u00e4\u00e4 kelpaa&#8221;\n    <\/p>\n<p itemprop=\"description\" class=\"subtitle \">\n    Mikko on viime aikoina ryhtynyt melko filosofiseksi ruotiessaan omaa el\u00e4m\u00e4\u00e4ns\u00e4 ja mainostaessaan puhujakeikkojaan.\n<\/p>\n<p>        <\/a><\/p>\n<p class=\"article-content article-content-width !bg-background\">\u2013 Se vastuu mink\u00e4 m\u00e4 pystyin siin\u00e4 hetkell\u00e4 kantamaan oli se ett\u00e4 prosessi oli k\u00e4ynniss\u00e4 ja m\u00e4 kunnioitan sit\u00e4, ja mulla on vastuu my\u00f6s siit\u00e4 ett\u00e4 mun perhe voi hyvin ja m\u00e4 itse voin. En keksinyt parempaa ratkaisua, kuin olla noilla foorumeilla hiljaa, h\u00e4n jatkoi.<\/p>\n<p>                <img decoding=\"async\" src=\"https:\/\/www.europesays.com\/fi\/wp-content\/uploads\/2025\/12\/2007425.webp\" width=\"576\" height=\"322\" alt=\"Beata seisoi Mikon rinnalla kohunkin aikana.\" loading=\"lazy\" \/>            <\/p>\n<p>\n            Beata seisoi Mikon rinnalla kohunkin aikana.<br \/>\n            Timo Korhonen\n        <\/p>\n<p>Nyt puhuu Beata<\/p>\n<p class=\"article-content article-content-width !bg-background\">Nyt Beata on antanut <a href=\"https:\/\/www.is.fi\/viihde\/art-2000011626896.html\" target=\"_blank\" rel=\"nofollow noopener\">Ilta-Sanomille laajan haastattelun, jossa h\u00e4n kertoo muun muassa<\/a> \u00e4itiydest\u00e4 sek\u00e4 h\u00e4nen ja Mikon keskin\u00e4isest\u00e4 suhteestaan sek\u00e4 parina ett\u00e4 vanhempina.<\/p>\n<p class=\"article-content article-content-width !bg-background\">Beata sivuaa my\u00f6s Mikon kohua, joka ei kuitenkaan h\u00e4nen mukaansa vaikuttanut heid\u00e4n parisuhteeseensa.<\/p>\n<p>        <a itemprop=\"url\" href=\"https:\/\/www.seiska.fi\/kotimaa\/mikko-leppilammelta-isoja-uutisia-on-aika-puhua\/1911755\" rel=\"nofollow noopener\" target=\"_blank\"><\/p>\n<p>\nMikko Leppilampi\n<\/p>\n<p class=\"section-date\">\n        <strong class=\"article-section\" data-section=\"kotimaa\"><br \/>\n            kotimaa<br \/>\n        <\/strong><br \/>\n        27.8. 17:00\n    <\/p>\n<p>Mikko Leppilammelta isoja uutisia: &#8221;On aika puhua&#8221;\n    <\/p>\n<p itemprop=\"description\" class=\"subtitle \">\n    Mikkoa ei ole viime aikoina juuri julkisuudessa n\u00e4kynyt.\n<\/p>\n<p>        <\/a><\/p>\n<p class=\"article-content article-content-width !bg-background\">\u2013 Me olemme tiimi, ja tunnen Mikon kokonaan. Tied\u00e4n kaiken h\u00e4nest\u00e4, Beata naulaa IS:lle.<\/p>\n<p class=\"article-content article-content-width !bg-background\">\u2013 Tied\u00e4n, ett\u00e4 h\u00e4n on paras aviomies, paras is\u00e4 ja varmasti yksi vahvimmista ihmisist\u00e4, ket\u00e4 tied\u00e4n. H\u00e4n on minun mieheni ja valitsisin h\u00e4net joka ikinen p\u00e4iv\u00e4, Beata lis\u00e4\u00e4.<\/p>\n","protected":false},"excerpt":{"rendered":"Seiskan arkisto Mikko Leppilampi on ollut viime vuodet aika lailla pois julkisuudesta ahdistelusyyt\u00f6sten vuoksi. ja ovat n\u00e4ytt\u00e4v\u00e4 aviopari.&hellip;\n","protected":false},"author":2,"featured_media":115440,"comment_status":"","ping_status":"","sticky":false,"template":"","format":"standard","meta":{"footnotes":""},"categories":[130],"tags":[8044,3369,137,400,33,31,30,212,4424,10457,32,109],"class_list":{"0":"post-115439","1":"post","2":"type-post","3":"status-publish","4":"format-standard","5":"has-post-thumbnail","7":"category-viihde","8":"tag-ahdistelusyytokset","9":"tag-beata-leppilampi","10":"tag-entertainment","11":"tag-espoo","12":"tag-fi","13":"tag-finland","14":"tag-finnish","15":"tag-lifestyle","16":"tag-mikko-leppilampi","17":"tag-oikeusprosessi","18":"tag-suomi","19":"tag-viihde"},"share_on_mastodon":{"url":"https:\/\/pubeurope.com\/@fi\/115713072778684057","error":""},"_links":{"self":[{"href":"https:\/\/www.europesays.com\/fi\/wp-json\/wp\/v2\/posts\/115439","targetHints":{"allow":["GET"]}}],"collection":[{"href":"https:\/\/www.europesays.com\/fi\/wp-json\/wp\/v2\/posts"}],"about":[{"href":"https:\/\/www.europesays.com\/fi\/wp-json\/wp\/v2\/types\/post"}],"author":[{"embeddable":true,"href":"https:\/\/www.europesays.com\/fi\/wp-json\/wp\/v2\/users\/2"}],"replies":[{"embeddable":true,"href":"https:\/\/www.europesays.com\/fi\/wp-json\/wp\/v2\/comments?post=115439"}],"version-history":[{"count":0,"href":"https:\/\/www.europesays.com\/fi\/wp-json\/wp\/v2\/posts\/115439\/revisions"}],"wp:featuredmedia":[{"embeddable":true,"href":"https:\/\/www.europesays.com\/fi\/wp-json\/wp\/v2\/media\/115440"}],"wp:attachment":[{"href":"https:\/\/www.europesays.com\/fi\/wp-json\/wp\/v2\/media?parent=115439"}],"wp:term":[{"taxonomy":"category","embeddable":true,"href":"https:\/\/www.europesays.com\/fi\/wp-json\/wp\/v2\/categories?post=115439"},{"taxonomy":"post_tag","embeddable":true,"href":"https:\/\/www.europesays.com\/fi\/wp-json\/wp\/v2\/tags?post=115439"}],"curies":[{"name":"wp","href":"https:\/\/api.w.org\/{rel}","templated":true}]}}