{"id":115445,"date":"2025-12-13T15:59:09","date_gmt":"2025-12-13T15:59:09","guid":{"rendered":"https:\/\/www.europesays.com\/fi\/115445\/"},"modified":"2025-12-13T15:59:09","modified_gmt":"2025-12-13T15:59:09","slug":"kiinalaiset-mediat-noteerasivat-miss-suomen-rasismikohun","status":"publish","type":"post","link":"https:\/\/www.europesays.com\/fi\/115445\/","title":{"rendered":"Kiinalaiset mediat noteerasivat Miss Suomen rasismikohun"},"content":{"rendered":"<p>Miss Suomi|My\u00f6s Kiinan valtioon osittain kytk\u00f6ksiss\u00e4 olevat mediat ovat uutisoineet aiheesta.<\/p>\n<p>Lue tiivistelm\u00e4<\/p>\n<p>Tiivistelm\u00e4 on teko\u00e4lyn tekem\u00e4 ja ihmisen tarkistama.<\/p>\n<p class=\"article-body mb-nof-24 px-nof-16 sndp-summary-bullet-point-font\">Aasialaiset mediat ovat uutisoineet Miss Suomi Sarah Dzafcen rasismikohusta ja perussuomalaisten poliitikkojen vastauksesta kohuun.<\/p>\n<p class=\"article-body mb-nof-24 px-nof-16 sndp-summary-bullet-point-font\">Dzafce menetti kruununsa torstaina, koska h\u00e4n julkaisi kuvan, jossa h\u00e4n venytti silmi\u00e4\u00e4n taakse, mik\u00e4 tulkitaan aasialaisia halventavaksi.<\/p>\n<p class=\"article-body mb-nof-24 px-nof-16 sndp-summary-bullet-point-font\">Perussuomalaiset poliitikot, mukaan lukien eduskunnan entinen varapuhemies Juho Eerola, julkaisivat vastauksena samanlaisia kuvia.<\/p>\n<p class=\"article-body mb-nof-24 px-nof-16 sndp-summary-bullet-point-font\">Kiinalaismediat Sina ja Guancha.cn, joilla on kytk\u00f6ksi\u00e4 Kiinan hallintoon, ovat uutisoineet tapauksesta.<\/p>\n<p class=\"article-body mb-nof-24 px-nof-16\">Aasialaiset mediat ovat noteeranneet Miss Suomi -kruununsa menett\u00e4neen <a class=\"article-personlink\" href=\"https:\/\/www.hs.fi\/haku\/?query=Sarah%20Dzafcen\" rel=\"nofollow noopener\" target=\"_blank\">Sarah Dzafcen<\/a> ymp\u00e4rill\u00e4 py\u00f6riv\u00e4n rasismikohun.<\/p>\n<p class=\"article-body mb-nof-24 px-nof-16\">Syyskuussa kruunattu Dzafce menetti missin tittelins\u00e4 torstaina, koska oli julkaissut paheksuntaa her\u00e4tt\u00e4neen kuvan, jossa h\u00e4n venytti silmi\u00e4\u00e4n taakse. Ele tulkitaan yleisesti aasialaistaustaisia ihmisi\u00e4 halventavaksi ja rasistiseksi.<\/p>\n<p class=\"article-body mb-nof-24 px-nof-16\">Kritiikkin\u00e4 Miss Suomi -organisaation toimintaa kohtaan perussuomalaiset poliitikot ovat julkaisseet samanlaisia kuvia venytetyist\u00e4 silmist\u00e4. Heid\u00e4n joukossaan oli my\u00f6s eduskunnan entinen varapuhemies <a class=\"article-personlink\" href=\"https:\/\/www.hs.fi\/haku\/?query=Juho%20Eerola\" rel=\"nofollow noopener\" target=\"_blank\">Juho Eerola<\/a>.<\/p>\n<p class=\"article-body mb-nof-24 px-nof-16\">Useampi suuri aasialainen media on julkaissut Dzafcesta ja perussuomalaisista uutisia ja kuvia. N\u00e4in olivat tehneet esimerkiksi kiinalainen <a class=\"article-genericlink\" href=\"https:\/\/cj.sina.com.cn\/articles\/view\/1887344341\/707e96d502001p9g0\" rel=\"nofollow noopener\" target=\"_blank\">Sina<\/a>, hongkongilainen <a class=\"article-genericlink\" href=\"https:\/\/www.scmp.com\/news\/world\/europe\/article\/3336295\/miss-finland-loses-her-crown-due-anti-chinese-racism-scandal?module=perpetual_scroll_0&amp;pgtype=article\" rel=\"nofollow noopener\" target=\"_blank\">South China Morning Post<\/a>, intialainen <a class=\"article-genericlink\" href=\"https:\/\/economictimes.indiatimes.com\/us\/news\/miss-finland-2025-dethroned-over-viral-anti-chinese-eye-slanting-gesture-in-racist-photo-scandal\/articleshow\/125945910.cms?from=mdr\" rel=\"nofollow noopener\" target=\"_blank\">The Economic Times<\/a> sek\u00e4 taiwanilainen uutissivusto <a class=\"article-genericlink\" href=\"https:\/\/www.cna.com.tw\/news\/aopl\/202512130023.aspx\" rel=\"nofollow noopener\" target=\"_blank\">CNA<\/a>.<\/p>\n<p class=\"article-body mb-nof-24 px-nof-16\">Ilta-Sanomat <a class=\"article-genericlink\" href=\"https:\/\/www.is.fi\/viihde\/art-2000011685450.html\" rel=\"nofollow noopener\" target=\"_blank\">uutisoi <\/a>perjantaina kiinalaisnaisesta, joka esitt\u00e4ytyi Miss Suomi -organisaation tiedotustilaisuudessa toimittajana, vaikka ei todellisuudessa ollut median toimittaja. Nainen kuvasi Dzafcesta videon, jossa h\u00e4n kehotti t\u00e4t\u00e4 pyyt\u00e4m\u00e4\u00e4n kiinalaisilta anteeksi.<\/p>\n<p class=\"article-body mb-nof-24 px-nof-16\">Julkisuudessa on spekuloitu, ett\u00e4 Dzafcesta kuvattua anteeksipyynt\u00f6videota voisi k\u00e4ytt\u00e4\u00e4 osana valtiollista informaatiovaikuttamista.<\/p>\n<p class=\"article-body mb-nof-24 px-nof-16\">Informaatiovaikuttamisesta voidaan puhua esimerkiksi, jos suurvallat tai ei-valtiolliset toimijat lietsovat kohteesta, kuten Suomesta, kielteist\u00e4 kuvaa maailmalle.<\/p>\n<p class=\"article-body mb-nof-24 px-nof-16\">Ylen Ykk\u00f6saamussa lauantaina vieraana ollut Euroopan hybridiuhkien torjunnan osaamiskeskuksen johtaja <a class=\"article-personlink\" href=\"https:\/\/www.hs.fi\/haku\/?query=Teija%20Tiilikainen\" rel=\"nofollow noopener\" target=\"_blank\">Teija Tiilikainen<\/a> <a class=\"article-genericlink\" href=\"https:\/\/areena.yle.fi\/1-72626959?gsid=e6b551b1-b094-4173-b507-50748995623e\" rel=\"nofollow noopener\" target=\"_blank\">kommentoi <\/a>tapausta yleisell\u00e4 tasolla menem\u00e4tt\u00e4 yksityiskohtiin Dzafcen kohussa.<\/p>\n<p class=\"article-body mb-nof-24 px-nof-16\">H\u00e4n sanoi, ett\u00e4 missin anteeksipyynt\u00f6videota voisi periaatteessa k\u00e4ytt\u00e4\u00e4 poliittisiin tarkoituksiin asiayhteydest\u00e4\u00e4n irrotettuna.<\/p>\n<p class=\"article-body mb-nof-24 px-nof-16\">Tiilikaisen mukaan on kuitenkin vaikea n\u00e4ytt\u00e4\u00e4, kuka tai mik\u00e4 taho vaikuttaa ja mihin.<\/p>\n<p class=\"article-body mb-nof-24 px-nof-16\">HS tavoitti Tiilikaisen lauantaina puhelimessa, mutta h\u00e4n ei kommentoinut tapausta Ylen haastattelua enemp\u00e4\u00e4, koska ei ollut perehtynyt siihen riitt\u00e4v\u00e4sti.<\/p>\n<p class=\"article-body mb-nof-24 px-nof-16\">HS tarkisti lauantaina, oliko Kiinan valtioon kytk\u00f6ksiss\u00e4 oleva media nostanut rasismikohun uutisaiheekseen.<\/p>\n<p class=\"article-body mb-nof-24 px-nof-16\">Maaliskuussa julkaistu Euroopan unionin <a class=\"article-genericlink\" href=\"https:\/\/www.eeas.europa.eu\/sites\/default\/files\/documents\/2025\/EEAS-3nd-ThreatReport-March-2025-05-Digital-HD.pdf#page=7&amp;zoom=100,0,0\" rel=\"nofollow noopener\" target=\"_blank\">raportti <\/a>ulkomaisesta tiedon manipuloinnista ja h\u00e4irinn\u00e4st\u00e4 nime\u00e4\u00e4 Kiinan kasvavaksi informaatiovaikuttamisen uhkatekij\u00e4ksi.<\/p>\n<p class=\"article-body mb-nof-24 px-nof-16\">Raportti nostaa esiin kymmenen Kiinan valtion kontrolloimaa tai siihen todistetusti linkittyv\u00e4\u00e4 uutissivustoa ja -kanavaa, joita Kiina k\u00e4ytt\u00e4\u00e4 tai on k\u00e4ytt\u00e4nyt ulkomaiseen tiedon manipulointiin.<\/p>\n<p class=\"article-body mb-nof-24 px-nof-16\">HS:n katsauksen perusteella kymmenest\u00e4 raportin nime\u00e4m\u00e4st\u00e4 informaatiovaikuttamiseen k\u00e4ytetyst\u00e4 julkaisusta kaksi oli julkaissut rasismikohusta kiinankielisen uutisen lauantai-iltap\u00e4iv\u00e4\u00e4n menness\u00e4.<\/p>\n<p class=\"article-body mb-nof-24 px-nof-16\">Aiheesta identtisen uutisen julkaisseet <a class=\"article-genericlink\" href=\"https:\/\/cj.sina.com.cn\/articles\/view\/1887344341\/707e96d502001p9g0\" rel=\"nofollow noopener\" target=\"_blank\">Sina <\/a>ja <a class=\"article-genericlink\" href=\"https:\/\/www.guancha.cn\/internation\/2025_12_13_800324.shtml\" rel=\"nofollow noopener\" target=\"_blank\">Guancha.cn<\/a> -sivustot kuuluvat raportissa kategoriaan, jolla on ep\u00e4suoria tai peiteltyj\u00e4 kytk\u00f6ksi\u00e4 Kiinan hallintoon.<\/p>\n<p class=\"article-body mb-nof-24 px-nof-16\">Kiinalaismedioiden julkaisemassa uutisessa kerrotaan Dzafcen ja Miss Suomi -organisaation anteeksipyynn\u00f6st\u00e4 ja pahoitteluista sek\u00e4 perussuomalaisten poliitikkojen julkaisuista.<\/p>\n<p class=\"article-body mb-nof-24 px-nof-16\">Suoraan Kiinan valtioon kytkeytyv\u00e4t julkaisut, kuten Global Times ja CGTN, eiv\u00e4t t\u00e4t\u00e4 uutista kirjoittaessa olleet uutisoineet aiheesta.<\/p>\n","protected":false},"excerpt":{"rendered":"Miss Suomi|My\u00f6s Kiinan valtioon osittain kytk\u00f6ksiss\u00e4 olevat mediat ovat uutisoineet aiheesta. Lue tiivistelm\u00e4 Tiivistelm\u00e4 on teko\u00e4lyn tekem\u00e4 ja&hellip;\n","protected":false},"author":2,"featured_media":115446,"comment_status":"","ping_status":"","sticky":false,"template":"","format":"standard","meta":{"footnotes":""},"categories":[12],"tags":[22,23,26,27,33,31,30,17,46,24,25,28,29,15,18,21,32,19,20,16],"class_list":{"0":"post-115445","1":"post","2":"type-post","3":"status-publish","4":"format-standard","5":"has-post-thumbnail","7":"category-suomi","8":"tag-breaking-news","9":"tag-breakingnews","10":"tag-featured-news","11":"tag-featurednews","12":"tag-fi","13":"tag-finland","14":"tag-finnish","15":"tag-headlines","16":"tag-helsingin-sanomat","17":"tag-latest-news","18":"tag-latestnews","19":"tag-main-news","20":"tag-mainnews","21":"tag-news","22":"tag-otsikot","23":"tag-paauutiset","24":"tag-suomi","25":"tag-top-stories","26":"tag-topstories","27":"tag-uutiset"},"share_on_mastodon":{"url":"https:\/\/pubeurope.com\/@fi\/115713092191699080","error":""},"_links":{"self":[{"href":"https:\/\/www.europesays.com\/fi\/wp-json\/wp\/v2\/posts\/115445","targetHints":{"allow":["GET"]}}],"collection":[{"href":"https:\/\/www.europesays.com\/fi\/wp-json\/wp\/v2\/posts"}],"about":[{"href":"https:\/\/www.europesays.com\/fi\/wp-json\/wp\/v2\/types\/post"}],"author":[{"embeddable":true,"href":"https:\/\/www.europesays.com\/fi\/wp-json\/wp\/v2\/users\/2"}],"replies":[{"embeddable":true,"href":"https:\/\/www.europesays.com\/fi\/wp-json\/wp\/v2\/comments?post=115445"}],"version-history":[{"count":0,"href":"https:\/\/www.europesays.com\/fi\/wp-json\/wp\/v2\/posts\/115445\/revisions"}],"wp:featuredmedia":[{"embeddable":true,"href":"https:\/\/www.europesays.com\/fi\/wp-json\/wp\/v2\/media\/115446"}],"wp:attachment":[{"href":"https:\/\/www.europesays.com\/fi\/wp-json\/wp\/v2\/media?parent=115445"}],"wp:term":[{"taxonomy":"category","embeddable":true,"href":"https:\/\/www.europesays.com\/fi\/wp-json\/wp\/v2\/categories?post=115445"},{"taxonomy":"post_tag","embeddable":true,"href":"https:\/\/www.europesays.com\/fi\/wp-json\/wp\/v2\/tags?post=115445"}],"curies":[{"name":"wp","href":"https:\/\/api.w.org\/{rel}","templated":true}]}}