{"id":115464,"date":"2025-12-13T16:26:15","date_gmt":"2025-12-13T16:26:15","guid":{"rendered":"https:\/\/www.europesays.com\/fi\/115464\/"},"modified":"2025-12-13T16:26:15","modified_gmt":"2025-12-13T16:26:15","slug":"oliko-miss-suomen-anteeksipyyntovideo-kiinan-operaatio-asiantuntija-arvioi","status":"publish","type":"post","link":"https:\/\/www.europesays.com\/fi\/115464\/","title":{"rendered":"Oliko Miss Suomen anteeksipyynt\u00f6video Kiinan operaatio? Asiantuntija arvioi"},"content":{"rendered":"<p>Varmaa yhteytt\u00e4 Kiinaan on vaikea osoittaa.<\/p>\n<p class=\"article-body mb-nof-24 px-nof-16\">Erikoinen anteeksipyynt\u00f6video vaikuttaa sopivan yhteen Kiinan aiempien vaikuttamisyritysten kanssa. Samalla se osoittaa haavoittuvuutta hybridivaikuttamiselle, englantilaisen Royal United Services Institute -ajatushautomon Kiina-tutkija <a class=\"article-personlink\" href=\"https:\/\/www.is.fi\/haku\/?query=Sari%20Arho%20Havr%C3%A9n\" rel=\"nofollow noopener\" target=\"_blank\">Sari Arho Havr\u00e9n<\/a> sanoo.<\/p>\n<p class=\"article-body mb-nof-24 px-nof-16\">My\u00f6s Euroopan hybridiuhkien torjunnan osaamiskeskuksen johtaja <a class=\"article-personlink\" href=\"https:\/\/www.is.fi\/haku\/?query=Teija%20Tiilikainen\" rel=\"nofollow noopener\" target=\"_blank\">Teija Tiilikainen <\/a>arvioi Ylen <a class=\"article-genericlink\" href=\"https:\/\/areena.yle.fi\/1-72626959\" rel=\"nofollow noopener\" target=\"_blank\">Ykk\u00f6saamussa<\/a>, ett\u00e4 on mahdollista, ett\u00e4 Miss Suomi -tittelist\u00e4 rasismikohun vuoksi luopuneen <a class=\"article-personlink\" href=\"https:\/\/www.is.fi\/haku\/?query=Sara%20Dzafcen\" rel=\"nofollow noopener\" target=\"_blank\">Sara Dzafcen<\/a> anteeksipyynt\u00f6\u00advideo voidaan irrottaa kontekstista ja k\u00e4ytt\u00e4\u00e4 sit\u00e4 valtiollisiin tarkoituksiin.<\/p>\n<p class=\"article-body mb-nof-24 px-nof-16\">Taustalla on Miss Suomi -organisaation tiedotustilaisuus, jossa Dzafce pantiin <a class=\"article-genericlink\" href=\"https:\/\/www.is.fi\/viihde\/art-2000011685450.html\" rel=\"nofollow noopener\" target=\"_blank\">esitt\u00e4m\u00e4\u00e4n anteeksipyynt\u00f6 kiinaksi<\/a>. Video l\u00e4hti levi\u00e4m\u00e4\u00e4n eri alustoilla \u2013 my\u00f6s Kiinaan.<\/p>\n<p class=\"article-body mb-nof-24 px-nof-16\">Videon kuvasi toimittajaksi esitt\u00e4ytynyt <a class=\"article-personlink\" href=\"https:\/\/www.is.fi\/haku\/?query=Meiqi%20Qiu\" rel=\"nofollow noopener\" target=\"_blank\">Meiqi Qiu<\/a>. IS:n selvityksess\u00e4 Qiun taustasta paljastui ep\u00e4selvyyksi\u00e4. H\u00e4n ei esimerkiksi ole Helsinki Times -julkaisun toimittaja, vaikka niin v\u00e4ittikin.<\/p>\n<p class=\"article-body mb-nof-24 px-nof-16\">Lue lis\u00e4\u00e4: <a class=\"article-genericlink\" href=\"https:\/\/www.is.fi\/viihde\/art-2000011685450.html\" rel=\"nofollow noopener\" target=\"_blank\">Miss Suomen tiedotustilaisuuteen putkahti mystinen nainen, joka v\u00e4itti olevansa toimittaja \u2013 Sarah Dzafce pistettiin pyyt\u00e4m\u00e4\u00e4n anteeksi kiinaksi<\/a><\/p>\n<p><img decoding=\"async\" src=\"https:\/\/www.europesays.com\/fi\/wp-content\/uploads\/2025\/12\/1765643174_426_468.jpg\" alt=\"Royal United Services Institute -tutkimuslaitoksen Kiina-tutkija Sari Arho Havr\u00e9n.\" class=\"_Img_1rerz_1\" style=\"aspect-ratio:1.2128869235628554\" loading=\"eager\"\/><\/p>\n<p class=\"article-picture-caption\">Royal United Services Institute -tutkimuslaitoksen Kiina-tutkija Sari Arho Havr\u00e9n. Kuva:\u00a0Business Finland<\/p>\n<p class=\"article-body mb-nof-24 px-nof-16\">Arho Havr\u00e9n kuitenkin sanoo, ett\u00e4 kuten muissakin Kiinan ulkomaisissa vaikuttamisyrityksiss\u00e4, yhteytt\u00e4 valtioon on vaikea osoittaa.<\/p>\n<p class=\"article-body mb-nof-24 px-nof-16\">H\u00e4nen mukaansa Kiinan vaikuttamisyritykset toimivat \u201dharmaalla alueella\u201d. Se tarkoittaa, ett\u00e4 Kiina k\u00e4ytt\u00e4\u00e4 valtiosta riippumattomia toimijoita, ulkomailla el\u00e4vi\u00e4 kiinalaisyhteis\u00f6j\u00e4 ja mediaa vahvistamaan maalle suotuisia narratiiveja. Samalla Kiina s\u00e4ilytt\u00e4\u00e4 mahdollisuuden kiist\u00e4\u00e4 liittyv\u00e4ns\u00e4 asiaan mill\u00e4\u00e4n tavalla.<\/p>\n<p class=\"article-body mb-nof-24 px-nof-16\">\u2013 N\u00e4in v\u00e4ltet\u00e4\u00e4n vieraan valtion (Kiinan) suora puuttuminen toisen valtion sis\u00e4isiin asioihin, mutta saavutetaan kuitenkin poliittisia tavoitteita.<\/p>\n<p class=\"article-body mb-nof-24 px-nof-16\">Arho Havr\u00e9nin mukaan Kiina on aiemminkin k\u00e4ytt\u00e4nyt vaikuttamisessaan my\u00f6s v\u00e4\u00e4rennettyj\u00e4 mediatietoja ja -yhteyksi\u00e4 sek\u00e4 nopeaa tiedon levitt\u00e4mist\u00e4 ulkomailla el\u00e4vien kiinalaisten ja WeChatin kautta, jolloin pieni ongelma, ep\u00e4kohta tai v\u00e4\u00e4ryys muuttuu nopeasti mediatilan hallitsemiseksi.<\/p>\n<p class=\"article-body mb-nof-24 px-nof-16\">\u2013 Samankaltaisia operaatioita on kohdistettu Kiinaan kriittisesti suhtautuvia henkil\u00f6it\u00e4 vastaan ulkomailla.<\/p>\n<p><img decoding=\"async\" src=\"https:\/\/www.europesays.com\/fi\/wp-content\/uploads\/2025\/12\/1765643175_974_468.jpg\" alt=\"Sarah Dzafce luopui torstaina Miss Suomi -tittelist\u00e4.\" class=\"_Img_1rerz_1\" style=\"aspect-ratio:1.5\" loading=\"eager\"\/><\/p>\n<p class=\"article-picture-caption\">Sarah Dzafce luopui torstaina Miss Suomi -tittelist\u00e4. Kuva:\u00a0Ivan Bessedin<\/p>\n<p class=\"article-body mb-nof-24 px-nof-16\">Arho Havr\u00e9n taustoittaa kertomalla, ett\u00e4 ulkomailla toimivien kiinalaisten yhteis\u00f6jen, yhdistysten ja median toimintaa koordinoi kiinalaisvirasto United Front Work Department. Viraston teht\u00e4v\u00e4 on edist\u00e4\u00e4 Kiinan kommunistisen puolueen etuja ulkomailla. Samalla virasto seuraa toisinajattelijoita ja pyrkii muokkaamaan k\u00e4sityksi\u00e4 Kiinasta positiivisiksi.<\/p>\n<p class=\"article-body mb-nof-24 px-nof-16\">Pienet ryhm\u00e4t, kuten Suomen kiinalaisten naisten yhdistys (Chinese Women\u2019s Association of Finland), sopivat t\u00e4h\u00e4n k\u00e4ytt\u00f6\u00f6n, Arho Havr\u00e9n sanoo.<\/p>\n<p class=\"article-body mb-nof-24 px-nof-16\">\u2013 Ne n\u00e4ytt\u00e4v\u00e4t itsen\u00e4isilt\u00e4 kulttuuri- tai yst\u00e4vyysj\u00e4rjest\u00f6ilt\u00e4, mutta edist\u00e4v\u00e4t Pekingin agendaa esimerkiksi puolustamalla Kiinan imagoa oletetuilta loukkauksilta.<\/p>\n<p class=\"article-body mb-nof-24 px-nof-16\">Yksi UFWD:n teht\u00e4v\u00e4 on hallita ulkomailla toimivia kiinalaisia tiedotusv\u00e4lineit\u00e4, jotta ne saisivat monopoliaseman ulkomailla el\u00e4vien kiinalaisten tiedonv\u00e4litykseen.<\/p>\n<p class=\"article-body mb-nof-24 px-nof-16\">\u2013 Qiun luvaton Helsinki Times -br\u00e4ndin k\u00e4ytt\u00f6 ja jakelu WeChatin kautta sopii t\u00e4h\u00e4n kaavaan.<\/p>\n<p class=\"article-body mb-nof-24 px-nof-16\">Suojelupoliisin <a class=\"article-genericlink\" href=\"https:\/\/supo.fi\/valtiollisen-vakoilun-ja-vaikuttamisen-tilannekuva\" rel=\"nofollow noopener\" target=\"_blank\">mukaan<\/a> Suomessakin Kiinan valtioon ja kommunistiseen puolueeseen yhdistyv\u00e4t organisaatiot harjoittavat vaikuttamista. Sen tavoite on muun muassa ohjata Kiinasta k\u00e4yt\u00e4v\u00e4\u00e4 keskustelua Kiinan p\u00e4\u00e4m\u00e4\u00e4rien mukaiseen suuntaan ja v\u00e4ltt\u00e4\u00e4 Kiinalle ep\u00e4mieluisien asioiden k\u00e4sittely\u00e4.<\/p>\n<p class=\"article-body mb-nof-24 px-nof-16\">\u2013 Vaikuttamista kohdistetaan esimerkiksi poliittisiin p\u00e4\u00e4tt\u00e4jiin, julkiseen mielipiteeseen ja Suomessa asuvaan kiinalaistaustaiseen v\u00e4est\u00f6\u00f6n, Supo kirjoittaa.<\/p>\n","protected":false},"excerpt":{"rendered":"Varmaa yhteytt\u00e4 Kiinaan on vaikea osoittaa. Erikoinen anteeksipyynt\u00f6video vaikuttaa sopivan yhteen Kiinan aiempien vaikuttamisyritysten kanssa. Samalla se osoittaa&hellip;\n","protected":false},"author":2,"featured_media":115465,"comment_status":"","ping_status":"","sticky":false,"template":"","format":"standard","meta":{"footnotes":""},"categories":[5],"tags":[22,23,26,27,33,31,30,17,34,24,25,28,29,15,18,21,32,19,20,16],"class_list":{"0":"post-115464","1":"post","2":"type-post","3":"status-publish","4":"format-standard","5":"has-post-thumbnail","7":"category-otsikot","8":"tag-breaking-news","9":"tag-breakingnews","10":"tag-featured-news","11":"tag-featurednews","12":"tag-fi","13":"tag-finland","14":"tag-finnish","15":"tag-headlines","16":"tag-ilta-sanomat","17":"tag-latest-news","18":"tag-latestnews","19":"tag-main-news","20":"tag-mainnews","21":"tag-news","22":"tag-otsikot","23":"tag-paauutiset","24":"tag-suomi","25":"tag-top-stories","26":"tag-topstories","27":"tag-uutiset"},"share_on_mastodon":{"url":"https:\/\/pubeurope.com\/@fi\/115713198672541463","error":""},"_links":{"self":[{"href":"https:\/\/www.europesays.com\/fi\/wp-json\/wp\/v2\/posts\/115464","targetHints":{"allow":["GET"]}}],"collection":[{"href":"https:\/\/www.europesays.com\/fi\/wp-json\/wp\/v2\/posts"}],"about":[{"href":"https:\/\/www.europesays.com\/fi\/wp-json\/wp\/v2\/types\/post"}],"author":[{"embeddable":true,"href":"https:\/\/www.europesays.com\/fi\/wp-json\/wp\/v2\/users\/2"}],"replies":[{"embeddable":true,"href":"https:\/\/www.europesays.com\/fi\/wp-json\/wp\/v2\/comments?post=115464"}],"version-history":[{"count":0,"href":"https:\/\/www.europesays.com\/fi\/wp-json\/wp\/v2\/posts\/115464\/revisions"}],"wp:featuredmedia":[{"embeddable":true,"href":"https:\/\/www.europesays.com\/fi\/wp-json\/wp\/v2\/media\/115465"}],"wp:attachment":[{"href":"https:\/\/www.europesays.com\/fi\/wp-json\/wp\/v2\/media?parent=115464"}],"wp:term":[{"taxonomy":"category","embeddable":true,"href":"https:\/\/www.europesays.com\/fi\/wp-json\/wp\/v2\/categories?post=115464"},{"taxonomy":"post_tag","embeddable":true,"href":"https:\/\/www.europesays.com\/fi\/wp-json\/wp\/v2\/tags?post=115464"}],"curies":[{"name":"wp","href":"https:\/\/api.w.org\/{rel}","templated":true}]}}