{"id":115466,"date":"2025-12-13T16:37:09","date_gmt":"2025-12-13T16:37:09","guid":{"rendered":"https:\/\/www.europesays.com\/fi\/115466\/"},"modified":"2025-12-13T16:37:09","modified_gmt":"2025-12-13T16:37:09","slug":"telian-laajakaistahairio-on-ohi-uusimaa","status":"publish","type":"post","link":"https:\/\/www.europesays.com\/fi\/115466\/","title":{"rendered":"Telian laajakaista\u00adh\u00e4iri\u00f6 on ohi | Uusimaa"},"content":{"rendered":"<p class=\"aw-1gybjub aw-5vja16 kEtdKx kmuxyA yle__article__paragraph\">Laajakaistapalvelu\u00adh\u00e4iri\u00f6\u00f6n johtanut laitevika on saatu Telian mukaan korjattua.<\/p>\n<p>15:27\u2022P\u00e4ivitetty 17:22<\/p>\n<p class=\"aw-1gybjub aw-1p7kakr kEtdKx cEmitX yle__article__paragraph\">Telia laajakaistapalvelussa Uudenmaan alueella t\u00e4n\u00e4\u00e4n lauantaina ollut h\u00e4iri\u00f6 on ohi, tiedottaa Telia. H\u00e4iri\u00f6n takia internet ei toiminut osalla laajakaista-asiakkaista.<\/p>\n<p class=\"aw-1gybjub aw-1p7kakr kEtdKx cEmitX yle__article__paragraph\">Kello 12 aikaan alkanut h\u00e4iri\u00f6 ilmeni p\u00e4\u00e4kaupunkiseudulla ja sen l\u00e4hialuilla.<\/p>\n<p class=\"aw-1gybjub aw-1p7kakr kEtdKx cEmitX yle__article__paragraph\">H\u00e4iri\u00f6 johtui Telian mukaan laiteviasta. Vika saatiin korjattua kello 16 j\u00e4lkeen.<\/p>\n","protected":false},"excerpt":{"rendered":"Laajakaistapalvelu\u00adh\u00e4iri\u00f6\u00f6n johtanut laitevika on saatu Telian mukaan korjattua. 15:27\u2022P\u00e4ivitetty 17:22 Telia laajakaistapalvelussa Uudenmaan alueella t\u00e4n\u00e4\u00e4n lauantaina ollut h\u00e4iri\u00f6&hellip;\n","protected":false},"author":2,"featured_media":74,"comment_status":"","ping_status":"","sticky":false,"template":"","format":"standard","meta":{"footnotes":""},"categories":[87],"tags":[33,31,30,148,675,32,91,92,634,3261,1168],"class_list":{"0":"post-115466","1":"post","2":"type-post","3":"status-publish","4":"format-standard","5":"has-post-thumbnail","7":"category-internet","8":"tag-fi","9":"tag-finland","10":"tag-finnish","11":"tag-internet","12":"tag-internet-ja-muut-tietoverkot","13":"tag-suomi","14":"tag-technology","15":"tag-teknologia","16":"tag-tietoliikenne","17":"tag-tietoliikennelaitteet","18":"tag-uusimaa"},"share_on_mastodon":{"url":"https:\/\/pubeurope.com\/@fi\/115713241472499419","error":""},"_links":{"self":[{"href":"https:\/\/www.europesays.com\/fi\/wp-json\/wp\/v2\/posts\/115466","targetHints":{"allow":["GET"]}}],"collection":[{"href":"https:\/\/www.europesays.com\/fi\/wp-json\/wp\/v2\/posts"}],"about":[{"href":"https:\/\/www.europesays.com\/fi\/wp-json\/wp\/v2\/types\/post"}],"author":[{"embeddable":true,"href":"https:\/\/www.europesays.com\/fi\/wp-json\/wp\/v2\/users\/2"}],"replies":[{"embeddable":true,"href":"https:\/\/www.europesays.com\/fi\/wp-json\/wp\/v2\/comments?post=115466"}],"version-history":[{"count":0,"href":"https:\/\/www.europesays.com\/fi\/wp-json\/wp\/v2\/posts\/115466\/revisions"}],"wp:featuredmedia":[{"embeddable":true,"href":"https:\/\/www.europesays.com\/fi\/wp-json\/wp\/v2\/media\/74"}],"wp:attachment":[{"href":"https:\/\/www.europesays.com\/fi\/wp-json\/wp\/v2\/media?parent=115466"}],"wp:term":[{"taxonomy":"category","embeddable":true,"href":"https:\/\/www.europesays.com\/fi\/wp-json\/wp\/v2\/categories?post=115466"},{"taxonomy":"post_tag","embeddable":true,"href":"https:\/\/www.europesays.com\/fi\/wp-json\/wp\/v2\/tags?post=115466"}],"curies":[{"name":"wp","href":"https:\/\/api.w.org\/{rel}","templated":true}]}}