{"id":115467,"date":"2025-12-13T16:40:14","date_gmt":"2025-12-13T16:40:14","guid":{"rendered":"https:\/\/www.europesays.com\/fi\/115467\/"},"modified":"2025-12-13T16:40:14","modified_gmt":"2025-12-13T16:40:14","slug":"jenni-banerjee-asuu-perheensa-kanssa-kalastajakylassa-tanskassa","status":"publish","type":"post","link":"https:\/\/www.europesays.com\/fi\/115467\/","title":{"rendered":"Jenni Banerjee asuu perheens\u00e4 kanssa kalastajakyl\u00e4ss\u00e4 Tanskassa"},"content":{"rendered":"<p>N\u00e4yttelij\u00e4 Jenni Banerjee asuu pieness\u00e4 kalastajakyl\u00e4ss\u00e4 perheens\u00e4 kanssa. H\u00e4n kertoo nyt, millaista on el\u00e4m\u00e4 Tanskassa.<\/p>\n<p class=\"article-body mb-nof-24 px-nof-16\">Syke-sarjastakin tutuksi tullut n\u00e4yttelij\u00e4 <a class=\"article-personlink\" href=\"https:\/\/www.is.fi\/haku\/?query=Jenni%20Banerjee\" rel=\"nofollow noopener\" target=\"_blank\">Jenni Banerjee<\/a> on asunut K\u00f6\u00f6penhaminassa lentokapteenina ty\u00f6skentelev\u00e4n <a class=\"article-personlink\" href=\"https:\/\/www.is.fi\/haku\/?query=Joakim\" rel=\"nofollow noopener\" target=\"_blank\">Joakim<\/a>-miehens\u00e4 ja pariskunnan kahden lapsensa kanssa jo useamman vuoden ajan.<\/p>\n<p class=\"article-body mb-nof-24 px-nof-16\">Pitk\u00e4\u00e4n heill\u00e4 oli kodit sek\u00e4 Suomessa ett\u00e4 Tanskassa, mutta nyt viimeiset kaksi vuotta perhe on asunut ainoastaan Tanskassa.<\/p>\n<p class=\"article-body mb-nof-24 px-nof-16\">\u2013 Mieheni pystyi korona-aikaan tekem\u00e4\u00e4n lentoja Suomesta k\u00e4sin, mutta asiat muuttuivat nelisen vuotta sitten, niin meid\u00e4n piti tehd\u00e4 p\u00e4\u00e4t\u00f6s, ett\u00e4 muutamme Tanskaan asumaan mieheni t\u00f6iden takia. Emme ole katuneet p\u00e4\u00e4t\u00f6st\u00e4, vaikka hetkitt\u00e4in on ollut ik\u00e4v\u00e4 Suomessa asuvaa perhett\u00e4 ja yst\u00e4vi\u00e4, Banerjee toteaa.<\/p>\n<p class=\"article-body mb-nof-24 px-nof-16\">Banerjee odotti pariskunnan toista lasta, kun he muuttivat Tanskaan ja eliv\u00e4t kahden maan v\u00e4li\u00e4. Pariskunnalla on 5-vuotias tyt\u00e4r ja 3-vuotias poika.<\/p>\n<p><img decoding=\"async\" src=\"https:\/\/www.europesays.com\/fi\/wp-content\/uploads\/2025\/12\/1765644011_646_468.jpg\" alt=\"Kuva vuodelta 2020. Banerjee pyrkii puhumaan lapsilleen mahdollisimman paljon suomea. \u2013 He puhuvat tanskaa huomattavasti paremmin kuin suomea. Haluan, ett\u00e4 he p\u00e4rj\u00e4\u00e4v\u00e4t yhdess\u00e4 kieless\u00e4 hyvin, vaikka oppisivatkin montaa eri kielt\u00e4.\" class=\"_Img_1rerz_1\" style=\"aspect-ratio:0.6567708333333333\" loading=\"eager\"\/><\/p>\n<p class=\"article-picture-caption\">Kuva vuodelta 2020. Banerjee pyrkii puhumaan lapsilleen mahdollisimman paljon suomea. \u2013 He puhuvat tanskaa huomattavasti paremmin kuin suomea. Haluan, ett\u00e4 he p\u00e4rj\u00e4\u00e4v\u00e4t yhdess\u00e4 kieless\u00e4 hyvin, vaikka oppisivatkin montaa eri kielt\u00e4. Kuva:\u00a0Markku Ulander \/ Lehtikuva<\/p>\n<p class=\"article-body mb-nof-24 px-nof-16\">T\u00e4ll\u00e4 hetkell\u00e4 Banerjeen arki py\u00f6rii pitk\u00e4lti lasten ja el\u00e4inten ymp\u00e4rill\u00e4.<\/p>\n<p class=\"article-body mb-nof-24 px-nof-16\">\u2013 Meill\u00e4 oli ennen t\u00e4nne muuttoa Tuusulassa viiden hevosen kotitalli, jonka myimme pois, enk\u00e4 ottanut hevosia mukaan raskauteni takia. Nyt alkuvuodesta ostin t\u00e4\u00e4lt\u00e4 oman hevosen, Banerjee kertoo.<\/p>\n<p><img decoding=\"async\" src=\"https:\/\/www.europesays.com\/fi\/wp-content\/uploads\/2025\/12\/1765644012_812_468.jpg\" alt=\"Jo Suomessa asuessaan Banerjeella oli hevosia, joista kuitenkin luopui Tanskaan muuttaessaan. Alkuvuodesta h\u00e4n osti mustan hevosen, joka kantaa nime\u00e4 DeNegro.\" class=\"_Img_1rerz_1\" style=\"aspect-ratio:0.7598958333333333\" loading=\"eager\"\/><\/p>\n<p class=\"article-picture-caption\">Jo Suomessa asuessaan Banerjeella oli hevosia, joista kuitenkin luopui Tanskaan muuttaessaan. Alkuvuodesta h\u00e4n osti mustan hevosen, joka kantaa nime\u00e4 DeNegro. Kuva:\u00a0Jenni Banerjeen kotialbumi<\/p>\n<p class=\"article-body mb-nof-24 px-nof-16\">Puolitoista vuotta sitten perhe hankki omistusasunnon aivan K\u00f6\u00f6penhaminan l\u00e4hettyvilt\u00e4 Drag\u00f8r-nimisest\u00e4 kalastajakyl\u00e4st\u00e4. Perheelle oli t\u00e4rke\u00e4\u00e4, ett\u00e4 koti sijaitsee K\u00f6\u00f6penhaminan keskustan l\u00e4hettyvill\u00e4 ja l\u00e4hell\u00e4 lentokentt\u00e4\u00e4, jotta Joakim p\u00e4\u00e4see helposti t\u00f6ihin.<\/p>\n<p class=\"article-body mb-nof-24 px-nof-16\">\u2013 Asuimme jonkin aikaa ihan K\u00f6\u00f6penhaminan keskustassa, mutta aika nopeasti tuli olo, ett\u00e4 haluamme asua v\u00e4h\u00e4n rauhallisemmassa ymp\u00e4rist\u00f6ss\u00e4. T\u00e4m\u00e4 on siit\u00e4 kiva paikka, ett\u00e4 p\u00e4\u00e4semme lasten ja koiramme kanssa meren rantaan k\u00e4velem\u00e4\u00e4n.<\/p>\n<p class=\"article-body mb-nof-24 px-nof-16\">Banerjee k\u00e4vi katsomassa kymmeni\u00e4 asuntoja ennen kuin oikea osui kohdalle. N\u00e4in j\u00e4lkeenp\u00e4in perheelle on selvinnyt, ett\u00e4 heid\u00e4n kotinsa on toiminut aiemmin synnytysklinikkana.<\/p>\n<p class=\"article-body mb-nof-24 px-nof-16\">H\u00e4n my\u00f6nt\u00e4\u00e4, ett\u00e4 asunnon ostaminen ja el\u00e4minen Tanskasta on jonkin verran kalliimpaa kuin Suomesta.<\/p>\n<p class=\"article-body mb-nof-24 px-nof-16\">\u2013 Tanska on kallis maa, mutta niin on my\u00f6s Suomi. Ravintolassa ja kaupassa k\u00e4yminen on kalliimpaa, mutta palkat ovat v\u00e4h\u00e4n parempia.<\/p>\n<p><img decoding=\"async\" src=\"https:\/\/www.europesays.com\/fi\/wp-content\/uploads\/2025\/12\/1765644013_845_468.jpg\" alt=\"Banerjeen perheen koti on entinen synnytysklinikka. \u2013 Lempipaikkani kotona on terassi, piha ja kasvihuone, jossa kasvatan muun muassa erilaisia chilej\u00e4, h\u00e4n kertoo.\" class=\"_Img_1rerz_1\" style=\"aspect-ratio:0.7421875\" loading=\"eager\"\/><\/p>\n<p class=\"article-picture-caption\">Banerjeen perheen koti on entinen synnytysklinikka. \u2013 Lempipaikkani kotona on terassi, piha ja kasvihuone, jossa kasvatan muun muassa erilaisia chilej\u00e4, h\u00e4n kertoo. Kuva:\u00a0Jenni Banerjeen kotialbumi<\/p>\n<p><img decoding=\"async\" src=\"https:\/\/www.europesays.com\/fi\/wp-content\/uploads\/2025\/12\/1765644013_321_468.jpg\" alt=\"Jenni Banerjeen perheeseen kuuluu miehen ja kahden lapsen lis\u00e4ksi vizsla-rotuinen Bodhi-koira. \u2013 T\u00e4m\u00e4 on meid\u00e4n versio Tanskan Pikku Merenneidosta, h\u00e4n naurahtaa.\" class=\"_Img_1rerz_1\" style=\"aspect-ratio:0.8864583333333333\" loading=\"eager\"\/><\/p>\n<p class=\"article-picture-caption\">Jenni Banerjeen perheeseen kuuluu miehen ja kahden lapsen lis\u00e4ksi vizsla-rotuinen Bodhi-koira. \u2013 T\u00e4m\u00e4 on meid\u00e4n versio Tanskan Pikku Merenneidosta, h\u00e4n naurahtaa. Kuva:\u00a0Jenni Banerjeen kotialbumi<\/p>\n<p class=\"article-body mb-nof-24 px-nof-16\">Banerjeen mukaan Tanskaan sopeutumista on helpottanut huomattavasti se, ett\u00e4 puoliso on tanskalainen, jolle yhteiskunta on ennest\u00e4\u00e4n tuttu. Oman aikansa on vienyt, ett\u00e4 h\u00e4n on l\u00f6yt\u00e4nyt yst\u00e4v\u00e4piirin.<\/p>\n<p class=\"article-body mb-nof-24 px-nof-16\">\u2013 Tanskalaisilla on hyv\u00e4 itsetunto verrattuna suomalaisiin. He tiet\u00e4v\u00e4t oman arvonsa. Tanskalaiset ovat yst\u00e4v\u00e4llisi\u00e4, mutta heid\u00e4n kanssa on todella vaikea tulla hyviksi kavereiksi tai syd\u00e4nyst\u00e4viksi. Suurin osa yst\u00e4vist\u00e4ni on t\u00e4\u00e4ll\u00e4 suomalaisia.<\/p>\n<p class=\"article-body mb-nof-24 px-nof-16\">Lentomatka Tanskasta Suomeen on vain puolitoista tuntia, joten Banerjeen ei ole tarvinnut kielt\u00e4yty\u00e4 t\u00f6ist\u00e4 ulkomailla asumisen takia. N\u00e4yttelij\u00e4n t\u00f6it\u00e4 h\u00e4n ei ole ainakaan toistaiseksi hakenut Tanskasta.<\/p>\n<p class=\"article-body mb-nof-24 px-nof-16\">\u2013 Se on minulla ty\u00f6n alla. Minun pit\u00e4isi l\u00f6yt\u00e4\u00e4 t\u00e4\u00e4lt\u00e4 agentti, jonka kautta saisin kutsuja koekuvauksiin. Jos tekisin t\u00f6it\u00e4 teatterissa, minun pit\u00e4isi hallita paremmin tanskan kieli. Ymm\u00e4rr\u00e4n tanskaa hyvin ja puhun sit\u00e4 ok, ett\u00e4 pystyisin tekem\u00e4\u00e4n rooleja, jotka eiv\u00e4t ole natiiveja. Pienten lasteni kautta olen oppinut hyvin kielen. Olen varmaan samalla tasolla kuin 5-vuotias tytt\u00f6ni, Banerjee naurahtaa.<\/p>\n<p><img decoding=\"async\" src=\"https:\/\/www.europesays.com\/fi\/wp-content\/uploads\/2025\/12\/1765644014_422_468.jpg\" alt=\"Jenni Banerjee oli k\u00e4ynyt Tanskassa muutamia kertoja ennen tanskalaisen Joakim-kihlattunsa tapaamista, mutta vasta miehens\u00e4 my\u00f6t\u00e4 h\u00e4n on tutustunut maahan ja sen kulttuuriin paremmin.\" class=\"_Img_1rerz_1\" style=\"aspect-ratio:0.7572916666666667\" loading=\"eager\"\/><\/p>\n<p class=\"article-picture-caption\">Jenni Banerjee oli k\u00e4ynyt Tanskassa muutamia kertoja ennen tanskalaisen Joakim-kihlattunsa tapaamista, mutta vasta miehens\u00e4 my\u00f6t\u00e4 h\u00e4n on tutustunut maahan ja sen kulttuuriin paremmin. Kuva:\u00a0Jonna Ohrnberg<\/p>\n<p class=\"article-body mb-nof-24 px-nof-16\">Banerjee on ollut Joakim-kumppaninsa kanssa kihloissa vuodesta 2019. He ovat keskustelleet avioitumisesta, mutta lapsi- ja ty\u00f6arki ovat pit\u00e4neet heid\u00e4t sen verran kiireisin\u00e4, ettei toistaiseksi h\u00e4ille ole l\u00f6ytynyt sopivaa ajankohtaa.<\/p>\n<p class=\"article-body mb-nof-24 px-nof-16\">\u2013 Koko ajan on ollut kauhea kiire ja raha mennyt kaikkeen muuhun. T\u00e4ss\u00e4 i\u00e4ss\u00e4 en pakosti tarvitse en\u00e4\u00e4 mit\u00e4\u00e4n prinsessah\u00e4it\u00e4. Ehk\u00e4 j\u00e4rjest\u00e4mme pienet h\u00e4\u00e4t, johon kutsumme sukulaiset ja yst\u00e4v\u00e4t paikalle, Banerjee pohtii.<\/p>\n","protected":false},"excerpt":{"rendered":"N\u00e4yttelij\u00e4 Jenni Banerjee asuu pieness\u00e4 kalastajakyl\u00e4ss\u00e4 perheens\u00e4 kanssa. H\u00e4n kertoo nyt, millaista on el\u00e4m\u00e4 Tanskassa. Syke-sarjastakin tutuksi tullut&hellip;\n","protected":false},"author":2,"featured_media":115468,"comment_status":"","ping_status":"","sticky":false,"template":"","format":"standard","meta":{"footnotes":""},"categories":[136],"tags":[407,137,33,31,30,34,408,32,109],"class_list":{"0":"post-115467","1":"post","2":"type-post","3":"status-publish","4":"format-standard","5":"has-post-thumbnail","7":"category-julkkikset","8":"tag-celebrities","9":"tag-entertainment","10":"tag-fi","11":"tag-finland","12":"tag-finnish","13":"tag-ilta-sanomat","14":"tag-julkkikset","15":"tag-suomi","16":"tag-viihde"},"share_on_mastodon":{"url":"https:\/\/pubeurope.com\/@fi\/115713253705437695","error":""},"_links":{"self":[{"href":"https:\/\/www.europesays.com\/fi\/wp-json\/wp\/v2\/posts\/115467","targetHints":{"allow":["GET"]}}],"collection":[{"href":"https:\/\/www.europesays.com\/fi\/wp-json\/wp\/v2\/posts"}],"about":[{"href":"https:\/\/www.europesays.com\/fi\/wp-json\/wp\/v2\/types\/post"}],"author":[{"embeddable":true,"href":"https:\/\/www.europesays.com\/fi\/wp-json\/wp\/v2\/users\/2"}],"replies":[{"embeddable":true,"href":"https:\/\/www.europesays.com\/fi\/wp-json\/wp\/v2\/comments?post=115467"}],"version-history":[{"count":0,"href":"https:\/\/www.europesays.com\/fi\/wp-json\/wp\/v2\/posts\/115467\/revisions"}],"wp:featuredmedia":[{"embeddable":true,"href":"https:\/\/www.europesays.com\/fi\/wp-json\/wp\/v2\/media\/115468"}],"wp:attachment":[{"href":"https:\/\/www.europesays.com\/fi\/wp-json\/wp\/v2\/media?parent=115467"}],"wp:term":[{"taxonomy":"category","embeddable":true,"href":"https:\/\/www.europesays.com\/fi\/wp-json\/wp\/v2\/categories?post=115467"},{"taxonomy":"post_tag","embeddable":true,"href":"https:\/\/www.europesays.com\/fi\/wp-json\/wp\/v2\/tags?post=115467"}],"curies":[{"name":"wp","href":"https:\/\/api.w.org\/{rel}","templated":true}]}}