{"id":115475,"date":"2025-12-13T16:52:11","date_gmt":"2025-12-13T16:52:11","guid":{"rendered":"https:\/\/www.europesays.com\/fi\/115475\/"},"modified":"2025-12-13T16:52:11","modified_gmt":"2025-12-13T16:52:11","slug":"yhdysvaltalaisia-ja-syyrialaisia-sotilaita-haavoittui-hyokkayksessa-keski-syyriassa-uutisia-lyhyesti","status":"publish","type":"post","link":"https:\/\/www.europesays.com\/fi\/115475\/","title":{"rendered":"Yhdysvaltalaisia ja syyrialaisia sotilaita haavoittui hy\u00f6kk\u00e4yksess\u00e4 Keski-Syyriassa | Uutisia lyhyesti"},"content":{"rendered":"<p class=\"aw-1gybjub aw-1p7kakr kEtdKx cEmitX yle__article__paragraph\">Nelj\u00e4 yhdysvaltalaista sotilasta haavoittui, osa vakavasti, kun tuntematon hy\u00f6kk\u00e4\u00e4j\u00e4 avasi tulen heid\u00e4n partiotaan kohti Keski-Syyrian Palmyrassa lauantaina, yhdysvaltalainen viranomainen kertoo uutistoimisto Reutersille.<\/p>\n<p class=\"aw-1gybjub aw-1p7kakr kEtdKx cEmitX yle__article__paragraph\">Syyrian valtiollinen uutistoimisto Sanan mukaan iskussa haavoittui my\u00f6s kaksi syyrialaista sotilasta ja hy\u00f6kk\u00e4\u00e4j\u00e4 tapettiin.<\/p>\n<p class=\"aw-1gybjub aw-1p7kakr kEtdKx cEmitX yle__article__paragraph\">Haavoittuneiden m\u00e4\u00e4r\u00e4 ja vammojen vakavuus saattavat viel\u00e4 muuttua, kun tiedot v\u00e4likohtauksesta tarkentuvat, sanoi nimet\u00f6n yhdysvaltalaisviranomainen Reutersille.<\/p>\n<p class=\"aw-1gybjub aw-1p7kakr kEtdKx cEmitX yle__article__paragraph\">Yhdysvalloilla on sotilaita Koillis-Syyriassa osana kymmenen vuotta jatkunutta operaatiota, jossa tuetaan kurdijoukkojen taistelua \u00e4\u00e4ri-islamisteja vastaan.<\/p>\n<p class=\"aw-1gybjub aw-1p7kakr kEtdKx cEmitX yle__article__paragraph\">L\u00e4hde: Reuters<\/p>\n","protected":false},"excerpt":{"rendered":"Nelj\u00e4 yhdysvaltalaista sotilasta haavoittui, osa vakavasti, kun tuntematon hy\u00f6kk\u00e4\u00e4j\u00e4 avasi tulen heid\u00e4n partiotaan kohti Keski-Syyrian Palmyrassa lauantaina, yhdysvaltalainen&hellip;\n","protected":false},"author":2,"featured_media":74,"comment_status":"","ping_status":"","sticky":false,"template":"","format":"standard","meta":{"footnotes":""},"categories":[14],"tags":[804,22,23,26,27,33,31,30,17,24,25,28,29,15,18,21,6241,32,4246,19,20,546,56,16,59,60,61,619],"class_list":{"0":"post-115475","1":"post","2":"type-post","3":"status-publish","4":"format-standard","5":"has-post-thumbnail","7":"category-ulkomaat","8":"tag-aseelliset-konfliktit","9":"tag-breaking-news","10":"tag-breakingnews","11":"tag-featured-news","12":"tag-featurednews","13":"tag-fi","14":"tag-finland","15":"tag-finnish","16":"tag-headlines","17":"tag-latest-news","18":"tag-latestnews","19":"tag-main-news","20":"tag-mainnews","21":"tag-news","22":"tag-otsikot","23":"tag-paauutiset","24":"tag-sotilaat","25":"tag-suomi","26":"tag-syyria","27":"tag-top-stories","28":"tag-topstories","29":"tag-turvallisuus","30":"tag-ulkomaat","31":"tag-uutiset","32":"tag-world","33":"tag-world-news","34":"tag-worldnews","35":"tag-yhdysvallat"},"share_on_mastodon":{"url":"https:\/\/pubeurope.com\/@fi\/115713300664203397","error":""},"_links":{"self":[{"href":"https:\/\/www.europesays.com\/fi\/wp-json\/wp\/v2\/posts\/115475","targetHints":{"allow":["GET"]}}],"collection":[{"href":"https:\/\/www.europesays.com\/fi\/wp-json\/wp\/v2\/posts"}],"about":[{"href":"https:\/\/www.europesays.com\/fi\/wp-json\/wp\/v2\/types\/post"}],"author":[{"embeddable":true,"href":"https:\/\/www.europesays.com\/fi\/wp-json\/wp\/v2\/users\/2"}],"replies":[{"embeddable":true,"href":"https:\/\/www.europesays.com\/fi\/wp-json\/wp\/v2\/comments?post=115475"}],"version-history":[{"count":0,"href":"https:\/\/www.europesays.com\/fi\/wp-json\/wp\/v2\/posts\/115475\/revisions"}],"wp:featuredmedia":[{"embeddable":true,"href":"https:\/\/www.europesays.com\/fi\/wp-json\/wp\/v2\/media\/74"}],"wp:attachment":[{"href":"https:\/\/www.europesays.com\/fi\/wp-json\/wp\/v2\/media?parent=115475"}],"wp:term":[{"taxonomy":"category","embeddable":true,"href":"https:\/\/www.europesays.com\/fi\/wp-json\/wp\/v2\/categories?post=115475"},{"taxonomy":"post_tag","embeddable":true,"href":"https:\/\/www.europesays.com\/fi\/wp-json\/wp\/v2\/tags?post=115475"}],"curies":[{"name":"wp","href":"https:\/\/api.w.org\/{rel}","templated":true}]}}