{"id":115478,"date":"2025-12-13T16:54:10","date_gmt":"2025-12-13T16:54:10","guid":{"rendered":"https:\/\/www.europesays.com\/fi\/115478\/"},"modified":"2025-12-13T16:54:10","modified_gmt":"2025-12-13T16:54:10","slug":"huippulupaus-connor-bedard-koki-kovia","status":"publish","type":"post","link":"https:\/\/www.europesays.com\/fi\/115478\/","title":{"rendered":"Huippulupaus Connor Bedard koki kovia"},"content":{"rendered":"<p>Kilpailutauon pituus ei ole selvill\u00e4.<\/p>\n<p class=\"article-body mb-nof-24 px-nof-16\">NHL-seura Chicago Blackhawks koki kovia perjantain vastaisena y\u00f6n\u00e4 Suomen aikaa pelatussa vierasottelussa St. Louis Bluesia vastaan.<\/p>\n<p class=\"article-body mb-nof-24 px-nof-16\">Se poistui p\u00e4\u00e4t\u00f6ssummerin soitua kaukalosta 2\u20133-tappio niskassaan, mutta murheellinen hetki joukkueelle oli my\u00f6s t\u00e4htihy\u00f6kk\u00e4\u00e4j\u00e4 <a class=\"article-personlink\" href=\"https:\/\/www.is.fi\/haku\/?query=Connor%20Bedardin\" rel=\"nofollow noopener\" target=\"_blank\">Connor Bedardin<\/a> loukkaantuminen ottelun lopussa.<\/p>\n<p class=\"article-body mb-nof-24 px-nof-16\"><a class=\"article-genericlink\" href=\"https:\/\/chicago.suntimes.com\/blackhawks\/2025\/12\/12\/connor-bedard-injury-blackhawks-blues-freak-accident\" rel=\"nofollow noopener\" target=\"_blank\">Chicago Sun Timesin<\/a> mukaan Bedard l\u00e4hti j\u00e4\u00e4lt\u00e4 pukukoppiin kovien kipujen saattelemana pidelleen olkap\u00e4\u00e4t\u00e4\u00e4n tai k\u00e4sivarttaan.<\/p>\n<p class=\"article-body mb-nof-24 px-nof-16\">Bedard kaatui, kun Bluesin hy\u00f6kk\u00e4\u00e4j\u00e4 <a class=\"article-personlink\" href=\"https:\/\/www.is.fi\/haku\/?query=Brayden%20Schenn\" rel=\"nofollow noopener\" target=\"_blank\">Brayden Schenn<\/a> t\u00f6n\u00e4isi h\u00e4nt\u00e4 aloituksessa.<\/p>\n<p class=\"article-body mb-nof-24 px-nof-16\">\u2013 Luulen, ett\u00e4 se oli rehellisesti sanottuna outo onnettomuus, Chicagon valmentaja <a class=\"article-personlink\" href=\"https:\/\/www.is.fi\/haku\/?query=Jeff%20Blashill\" rel=\"nofollow noopener\" target=\"_blank\">Jeff Blashill<\/a> kommentoi.<\/p>\n<p class=\"article-body mb-nof-24 px-nof-16\">Blashill kertoi, ettei loukkaantunutta keskushy\u00f6kk\u00e4\u00e4j\u00e4\u00e4 n\u00e4hd\u00e4 Chicagon kokonpanossa ainakaan viikonlopun peliss\u00e4 Detroit Red Wingsi\u00e4 vastaan.<\/p>\n<p class=\"article-body mb-nof-24 px-nof-16\">Valmentaja ei osannut viel\u00e4 kertoa Bedardin jatkosta mit\u00e4\u00e4n varmaa, vaan uskoi olevansa viisaampi maanantaihin menness\u00e4.<\/p>\n<p class=\"article-body mb-nof-24 px-nof-16\">Bedard antoi joitakin minuutteja ennen loukkaantumistaan sy\u00f6t\u00f6n joukkueensa 2\u20133-kavennusmaaliin. Se oli jaetulla kolmossijalla NHL:n pistep\u00f6rssiss\u00e4 olevalle t\u00e4hdelle 44:s tehopiste t\u00e4ll\u00e4 kaudella.<\/p>\n<p class=\"article-body mb-nof-24 px-nof-16\">Sukupolvensa lahjakkaimpiin pelaajiin lukeutuva Bedard solmi pelaajasopimuksen Chicago Blackhawksin kanssa toissa vuonna 18-vuotissyntym\u00e4p\u00e4iv\u00e4n\u00e4\u00e4n.<\/p>\n","protected":false},"excerpt":{"rendered":"Kilpailutauon pituus ei ole selvill\u00e4. NHL-seura Chicago Blackhawks koki kovia perjantain vastaisena y\u00f6n\u00e4 Suomen aikaa pelatussa vierasottelussa St.&hellip;\n","protected":false},"author":2,"featured_media":115479,"comment_status":"","ping_status":"","sticky":false,"template":"","format":"standard","meta":{"footnotes":""},"categories":[5],"tags":[22,23,26,27,33,31,30,17,34,24,25,28,29,15,18,21,32,19,20,16],"class_list":{"0":"post-115478","1":"post","2":"type-post","3":"status-publish","4":"format-standard","5":"has-post-thumbnail","7":"category-otsikot","8":"tag-breaking-news","9":"tag-breakingnews","10":"tag-featured-news","11":"tag-featurednews","12":"tag-fi","13":"tag-finland","14":"tag-finnish","15":"tag-headlines","16":"tag-ilta-sanomat","17":"tag-latest-news","18":"tag-latestnews","19":"tag-main-news","20":"tag-mainnews","21":"tag-news","22":"tag-otsikot","23":"tag-paauutiset","24":"tag-suomi","25":"tag-top-stories","26":"tag-topstories","27":"tag-uutiset"},"share_on_mastodon":{"url":"https:\/\/pubeurope.com\/@fi\/115713308335949693","error":""},"_links":{"self":[{"href":"https:\/\/www.europesays.com\/fi\/wp-json\/wp\/v2\/posts\/115478","targetHints":{"allow":["GET"]}}],"collection":[{"href":"https:\/\/www.europesays.com\/fi\/wp-json\/wp\/v2\/posts"}],"about":[{"href":"https:\/\/www.europesays.com\/fi\/wp-json\/wp\/v2\/types\/post"}],"author":[{"embeddable":true,"href":"https:\/\/www.europesays.com\/fi\/wp-json\/wp\/v2\/users\/2"}],"replies":[{"embeddable":true,"href":"https:\/\/www.europesays.com\/fi\/wp-json\/wp\/v2\/comments?post=115478"}],"version-history":[{"count":0,"href":"https:\/\/www.europesays.com\/fi\/wp-json\/wp\/v2\/posts\/115478\/revisions"}],"wp:featuredmedia":[{"embeddable":true,"href":"https:\/\/www.europesays.com\/fi\/wp-json\/wp\/v2\/media\/115479"}],"wp:attachment":[{"href":"https:\/\/www.europesays.com\/fi\/wp-json\/wp\/v2\/media?parent=115478"}],"wp:term":[{"taxonomy":"category","embeddable":true,"href":"https:\/\/www.europesays.com\/fi\/wp-json\/wp\/v2\/categories?post=115478"},{"taxonomy":"post_tag","embeddable":true,"href":"https:\/\/www.europesays.com\/fi\/wp-json\/wp\/v2\/tags?post=115478"}],"curies":[{"name":"wp","href":"https:\/\/api.w.org\/{rel}","templated":true}]}}