{"id":115483,"date":"2025-12-13T17:06:08","date_gmt":"2025-12-13T17:06:08","guid":{"rendered":"https:\/\/www.europesays.com\/fi\/115483\/"},"modified":"2025-12-13T17:06:08","modified_gmt":"2025-12-13T17:06:08","slug":"suvi-pitkasen-okyelama-dubaissa-is-15-000-euroa-kuussa","status":"publish","type":"post","link":"https:\/\/www.europesays.com\/fi\/115483\/","title":{"rendered":"Suvi Pitk\u00e4sen \u00f6kyel\u00e4m\u00e4 Dubaissa, IS: 15 000 euroa kuussa&#8230;"},"content":{"rendered":"<p><a href=\"https:\/\/www.is.fi\/viihde\/art-2000011682367.html\" rel=\"nofollow noopener\" target=\"_blank\">Ilta-Sanomat <\/a>on haastatellut Dubaissa jo vuodesta 2024 vakituisesti el\u00e4nytt\u00e4 ja siell\u00e4 aiemminkin paljon viihtynytt\u00e4 tiskijukka Suvi Pitk\u00e4st\u00e4.<\/p>\n<p>H\u00e4nen ja Marko-siipan vuokra-asunto  sijaitsee varakkaiden asuttamalla satama-alueella.<\/p>\n<p>Lue my\u00f6s: <a href=\"https:\/\/www.como.fi\/uutiset\/hymy-suvi-pitkanen-paljastaa-vihdoin-parisuhdekriisin-syyt-ystavystyi-13-vuoden-jalkeen-myos-exansa-kanssa\/\" title=\"Hymy: Suvi Pitk\u00e4nen paljastaa vihdoin parisuhdekriisin syyt \u2013 yst\u00e4vystyi 13 vuoden j\u00e4lkeen my\u00f6s ex\u00e4ns\u00e4 kanssa\" class=\"underline-custom !font-montserrat !font-bold !underline-offset-4 !decoration-4 !decoration-red-600 !text-md\" rel=\"nofollow noopener\" target=\"_blank\">Hymy: Suvi Pitk\u00e4nen paljastaa vihdoin parisuhdekriisin syyt \u2013 yst\u00e4vystyi 13 vuoden j\u00e4lkeen my\u00f6s ex\u00e4ns\u00e4 kanssa<\/a><\/p>\n<p>\u2013 Kotimme sijaitsee p\u00e4\u00e4kallonpaikalla, joten asumiseen palaa reippaasti rahaa. Arvioisin, ett\u00e4 meill\u00e4 menee el\u00e4miseen 15\u202f000 euroa kuukaudessa. Asuntomme vuokra on reipas 5\u202f000 euroa, mutta siihen kuuluu jatkuva siivous sek\u00e4 k\u00e4yt\u00f6ss\u00e4mme on elokuvateatteri, spa-osasto, kuntosali ja joogastudio, Pitk\u00e4nen kertoo Ilta-Sanomissa.<\/p>\n<p>Yhdess\u00e4 oloon talousperusteet<\/p>\n<p>Kulut ovat Dubaissa suuret. Lasten koulunk\u00e4ynti kustantaa Suvin mukaan 25 000 euroa vuodessa. S\u00e4\u00e4st\u00f6\u00e4 tulee kuitenkin siin\u00e4 ettei Dubaissa makseta veroja.<\/p>\n<p>Lue my\u00f6s: <a href=\"https:\/\/www.como.fi\/uutiset\/is-suvi-pitkanen-taas-ero-mutta-nyt-outo-sellainen\/\" title=\"IS: Suvi Pitk\u00e4nen -taas ero, mutta nyt outo sellainen\" class=\"underline-custom !font-montserrat !font-bold !underline-offset-4 !decoration-4 !decoration-red-600 !text-md\" rel=\"nofollow noopener\" target=\"_blank\">IS: Suvi Pitk\u00e4nen -taas ero, mutta nyt outo sellainen<\/a><\/p>\n<p>T\u00f6it\u00e4 tiskijukkana on kuulemma paljon. Varakkaiden bileiss\u00e4 h\u00e4n voi soittaa vaikka viisi iltaa viikossa. <\/p>\n<p>Lue my\u00f6s: <a href=\"https:\/\/www.como.fi\/uutiset\/eronneelta-suvi-pitkaselta-kommentti-erostaan\/\" title=\"Eronneelta Suvi Pitk\u00e4selt\u00e4 kommentti erostaan: \u201dEl\u00e4m\u00e4ll\u00e4 parempaa tarjolla\u201d\" class=\"underline-custom !font-montserrat !font-bold !underline-offset-4 !decoration-4 !decoration-red-600 !text-md\" rel=\"nofollow noopener\" target=\"_blank\">Eronneelta Suvi Pitk\u00e4selt\u00e4 kommentti erostaan: \u201dEl\u00e4m\u00e4ll\u00e4 parempaa tarjolla\u201d<\/a><\/p>\n<p>Suhde Markoon on ollut myrskyinen ja erouutisia on luettu enemm\u00e4n kuin kerran. Tyrskyt lienee nyt unohdettu.<\/p>\n<p>-Yhdess\u00e4 olemiseen on my\u00f6s taloudelliset perusteet, sill\u00e4 en min\u00e4 pystyisi itse maksamaan 15\u202f000 euron elinkustannuksia, Pitk\u00e4nen my\u00f6nt\u00e4\u00e4 Ilta-Sanomissa.<\/p>\n<p>Suvi sanoo olevansa Markon k\u00e4mpp\u00e4kaveri, ja parhaina p\u00e4ivin\u00e4 jopa yst\u00e4v\u00e4.<\/p>\n<p>Lue my\u00f6s: <a href=\"https:\/\/www.como.fi\/tilaa-comon-uutiskirje\/\" title=\"Tilaa Comon uutiskirje ja tied\u00e4t mist\u00e4 kahvitauolla puhutaan! Nappaa kotimaan tv-vinkit ja puheenaiheet suoraan s\u00e4hk\u00f6postiin t\u00e4st\u00e4.\" class=\"underline-custom !font-montserrat !font-bold !underline-offset-4 !decoration-4 !decoration-red-600 !text-md\" rel=\"nofollow noopener\" target=\"_blank\">Tilaa Comon uutiskirje ja tied\u00e4t mist\u00e4 kahvitauolla puhutaan! Nappaa kotimaan tv-vinkit ja puheenaiheet suoraan s\u00e4hk\u00f6postiin t\u00e4st\u00e4.<\/a><\/p>\n","protected":false},"excerpt":{"rendered":"Ilta-Sanomat on haastatellut Dubaissa jo vuodesta 2024 vakituisesti el\u00e4nytt\u00e4 ja siell\u00e4 aiemminkin paljon viihtynytt\u00e4 tiskijukka Suvi Pitk\u00e4st\u00e4. H\u00e4nen&hellip;\n","protected":false},"author":2,"featured_media":115484,"comment_status":"","ping_status":"","sticky":false,"template":"","format":"standard","meta":{"footnotes":""},"categories":[136],"tags":[407,137,33,31,30,408,32,21129,109],"class_list":{"0":"post-115483","1":"post","2":"type-post","3":"status-publish","4":"format-standard","5":"has-post-thumbnail","7":"category-julkkikset","8":"tag-celebrities","9":"tag-entertainment","10":"tag-fi","11":"tag-finland","12":"tag-finnish","13":"tag-julkkikset","14":"tag-suomi","15":"tag-suvi-pitku00e4nen","16":"tag-viihde"},"share_on_mastodon":{"url":"https:\/\/pubeurope.com\/@fi\/115713355450681985","error":""},"_links":{"self":[{"href":"https:\/\/www.europesays.com\/fi\/wp-json\/wp\/v2\/posts\/115483","targetHints":{"allow":["GET"]}}],"collection":[{"href":"https:\/\/www.europesays.com\/fi\/wp-json\/wp\/v2\/posts"}],"about":[{"href":"https:\/\/www.europesays.com\/fi\/wp-json\/wp\/v2\/types\/post"}],"author":[{"embeddable":true,"href":"https:\/\/www.europesays.com\/fi\/wp-json\/wp\/v2\/users\/2"}],"replies":[{"embeddable":true,"href":"https:\/\/www.europesays.com\/fi\/wp-json\/wp\/v2\/comments?post=115483"}],"version-history":[{"count":0,"href":"https:\/\/www.europesays.com\/fi\/wp-json\/wp\/v2\/posts\/115483\/revisions"}],"wp:featuredmedia":[{"embeddable":true,"href":"https:\/\/www.europesays.com\/fi\/wp-json\/wp\/v2\/media\/115484"}],"wp:attachment":[{"href":"https:\/\/www.europesays.com\/fi\/wp-json\/wp\/v2\/media?parent=115483"}],"wp:term":[{"taxonomy":"category","embeddable":true,"href":"https:\/\/www.europesays.com\/fi\/wp-json\/wp\/v2\/categories?post=115483"},{"taxonomy":"post_tag","embeddable":true,"href":"https:\/\/www.europesays.com\/fi\/wp-json\/wp\/v2\/tags?post=115483"}],"curies":[{"name":"wp","href":"https:\/\/api.w.org\/{rel}","templated":true}]}}