{"id":115493,"date":"2025-12-13T17:18:13","date_gmt":"2025-12-13T17:18:13","guid":{"rendered":"https:\/\/www.europesays.com\/fi\/115493\/"},"modified":"2025-12-13T17:18:13","modified_gmt":"2025-12-13T17:18:13","slug":"telegraph-puolustusministeri-pete-hegsethin-vaitetaan-syrjayttaneen-maavoimaministeri-dan-driscollin-ukraina-neuvotteluista","status":"publish","type":"post","link":"https:\/\/www.europesays.com\/fi\/115493\/","title":{"rendered":"Telegraph: Puolustusministeri Pete Hegsethin v\u00e4itet\u00e4\u00e4n syrj\u00e4ytt\u00e4neen maavoimaministeri Dan Driscollin Ukraina-neuvotteluista"},"content":{"rendered":"<p>Maavoimaministeri Dan Driscollin nostaminen neuvottelijoiden joukkoon tapahtui tiett\u00e4v\u00e4sti varapresidentti J.D. Vancen aloitteesta.<\/p>\n<p>Lue tiivistelm\u00e4<\/p>\n<p>Tiivistelm\u00e4 on teko\u00e4lyn tekem\u00e4 ja ihmisen tarkistama.<\/p>\n<p class=\"article-body mb-nof-24 px-nof-16 sndp-summary-bullet-point-font\">Yhdysvaltain maavoimaministeri Dan Driscoll on syrj\u00e4ytetty Ukrainan rauhanneuvotteluista puolustusministeri Pete Hegsethin toimesta, v\u00e4itt\u00e4\u00e4 brittilehti Telegraph.<\/p>\n<p class=\"article-body mb-nof-24 px-nof-16 sndp-summary-bullet-point-font\">Driscollin mukaan tulo neuvotteluihin oli varapresidentti J.D. Vancen aloite, ja h\u00e4nen teht\u00e4v\u00e4n\u00e4\u00e4n oli toimittaa Yhdysvaltain 28-kohtainen rauhanehdotus Ukrainan presidentti Volodymyr Zelenskyille.<\/p>\n<p class=\"article-body mb-nof-24 px-nof-16 sndp-summary-bullet-point-font\">L\u00e4hteiden mukaan Driscoll painosti Zelenskyi\u00e4 hyv\u00e4ksym\u00e4\u00e4n suunnitelman nopeasti ja k\u00e4ytt\u00e4ytyi r\u00e4j\u00e4hdysherk\u00e4sti tapaamisessa eurooppalaisten suurl\u00e4hettil\u00e4iden kanssa.<\/p>\n<p class=\"article-body mb-nof-24 px-nof-16 sndp-summary-bullet-point-font\">Valkoinen talo kiist\u00e4\u00e4 syrj\u00e4ytt\u00e4misen ja sanoo presidentin Donald Trumpin olevan tyytyv\u00e4inen sek\u00e4 Hegsethin ett\u00e4 Driscollin ty\u00f6h\u00f6n.<\/p>\n<p class=\"article-body mb-nof-24 px-nof-16\">Marraskuussa Yhdysvaltain presidentin<a class=\"article-personlink\" href=\"https:\/\/www.is.fi\/haku\/?query=%20Donald%20Trumpin\" rel=\"nofollow noopener\" target=\"_blank\"> Donald Trumpin<\/a> luotsaamiin Ukrainan rauhanponnisteluihin ilmestyi uusi hahmo, maavoimaministeri <a class=\"article-personlink\" href=\"https:\/\/www.is.fi\/haku\/?query=Dan%20Driscoll\" rel=\"nofollow noopener\" target=\"_blank\">Dan Driscoll<\/a>. H\u00e4nt\u00e4 kuvailtiin muun muassa nousevaksi t\u00e4hdeksi puolustusministeri <a class=\"article-personlink\" href=\"https:\/\/www.is.fi\/haku\/?query=Pete%20Hegsethin\" rel=\"nofollow noopener\" target=\"_blank\">Pete Hegsethin<\/a> johtamassa Pentagonissa.<\/p>\n<p class=\"article-body mb-nof-24 px-nof-16\">Nyt Hegseth on kuitenkin syrj\u00e4ytt\u00e4nyt Driscollin sodan lopettamiseen t\u00e4ht\u00e4\u00e4vist\u00e4 neuvotteluista, v\u00e4ittiv\u00e4t brittilehti <a class=\"article-genericlink\" href=\"https:\/\/www.telegraph.co.uk\/us\/politics\/2025\/12\/12\/pentagon-golden-boy-hegseth-dan-driscoll\/\" rel=\"nofollow noopener\" target=\"_blank\">Telegraphin<\/a> l\u00e4hteet perjantaina. Heid\u00e4n mukaansa Driscollin \u201dliekaan panemisen\u201d taustalla on puolustusministeri Hegsethin kasvava vainoharhaisuus.<\/p>\n<p class=\"article-body mb-nof-24 px-nof-16\">\u2013 H\u00e4nen katsottiin pinnistelev\u00e4n hieman liikaa, ja h\u00e4nt\u00e4 n\u00e4p\u00e4ytettiin sormille, kertoi yksi tilanteesta perill\u00e4 oleva l\u00e4hde lehdelle.<\/p>\n<p class=\"article-body mb-nof-24 px-nof-16\">L\u00e4hteiden k\u00e4sityksen mukaan Driscollin syrj\u00e4ytt\u00e4miseen johti my\u00f6s se, ett\u00e4 t\u00e4m\u00e4n arvioitiin ylitt\u00e4neen valtuuksiaan teht\u00e4viens\u00e4 hoitamisessa.<\/p>\n<p class=\"article-body mb-nof-24 px-nof-16\">Telegraphin mukaan Yhdysvaltain puolustusministeri\u00f6 on ajautunut Hegsethin hallinnassa vainoharhaisuuden, kaaoksen ja ristiriitojen kurimukseen. Driscoll on t\u00e4h\u00e4n menness\u00e4 onnistunut pysyttelem\u00e4\u00e4n pitk\u00e4lti sen ulkopuolella.<\/p>\n<p><img decoding=\"async\" src=\"https:\/\/www.europesays.com\/fi\/wp-content\/uploads\/2025\/12\/1765646291_73_468.jpg\" alt=\"Yhdysvaltain puolustusministeri\u00f6n v\u00e4itet\u00e4\u00e4n ajautuneen kaoottiseen tilaan Pete Hegsethin johdossa.\" class=\"_Img_1rerz_1\" style=\"aspect-ratio:1.437125748502994\" loading=\"eager\"\/><\/p>\n<p class=\"article-picture-caption\">Yhdysvaltain puolustusministeri\u00f6n v\u00e4itet\u00e4\u00e4n ajautuneen kaoottiseen tilaan Pete Hegsethin johdossa. Kuva:\u00a0Kevin Lamarque \/ Reuters<\/p>\n<p class=\"article-body mb-nof-24 px-nof-16\">Ajatus Driscollin nostamisesta mukaan rauhanponnisteluihin oli alun perin varapresidentti <a class=\"article-personlink\" href=\"https:\/\/www.is.fi\/haku\/?query=J.D.%20Vancen\" rel=\"nofollow noopener\" target=\"_blank\">J.D. Vancen<\/a>. Kaksikko on ollut yst\u00e4vi\u00e4 kesken\u00e4\u00e4n opiskeluajoilta l\u00e4htien, ja Driscollin osakkeet Trumpin hallinnossa olivat jo valmiiksi nousussa.<\/p>\n<p class=\"article-body mb-nof-24 px-nof-16\">Telegraphin mukaan Driscollia olisivat arvostaneet my\u00f6s eurooppalaiset t\u00e4m\u00e4n kokemuksen ja maltillisuuden vuoksi, ja juuri t\u00e4m\u00e4n vuoksi h\u00e4n olisi noussut neuvottelijoiden joukkoon.<\/p>\n<p class=\"article-body mb-nof-24 px-nof-16\"><a class=\"article-genericlink\" href=\"https:\/\/www.bloomberg.com\/news\/articles\/2025-11-23\/secret-us-russia-talks-led-to-peace-plan-that-blindsided-ukraine?embedded-checkout=true\" rel=\"nofollow noopener\" target=\"_blank\">Bloombergille<\/a> puhuneet l\u00e4hteet kertoivat kuitenkin marraskuussa, ett\u00e4 Driscollin mukaan tulo olisi saanut eurooppalaiset h\u00e4lytystilaan, sill\u00e4 t\u00e4m\u00e4n liittolaisen Vancen tiedet\u00e4\u00e4n suhtautuvan Ukrainaan esimerkiksi ulkoministeri <a class=\"article-personlink\" href=\"https:\/\/www.is.fi\/haku\/?query=Marco%20Rubiota\" rel=\"nofollow noopener\" target=\"_blank\">Marco Rubiota<\/a> kriittisemmin.<\/p>\n<p class=\"article-body mb-nof-24 px-nof-16\">Driscoll oli se henkil\u00f6, joka toimitti Yhdysvaltain kohutun 28-kohtaisen rauhanehdotuksen Ukrainaan presidentti <a class=\"article-personlink\" href=\"https:\/\/www.is.fi\/haku\/?query=Volodymyr%20Zelenskyille\" rel=\"nofollow noopener\" target=\"_blank\">Volodymyr Zelenskyille<\/a>. Useiden l\u00e4hteiden mukaan h\u00e4n painosti Zelenskyi\u00e4 hyv\u00e4ksym\u00e4\u00e4n suunnitelman nopeasti, vaikka se olisi merkinnyt k\u00e4yt\u00e4nn\u00f6ss\u00e4 Ukrainan antautumista.<\/p>\n<p class=\"article-body mb-nof-24 px-nof-16\">Huomiota her\u00e4tti Kiovassa my\u00f6s Driscollin k\u00e4yt\u00f6s kokouksessa, jossa h\u00e4n tapasi Euroopan maiden suurl\u00e4hettil\u00e4it\u00e4 ja muita l\u00e4nsimaisia viranomaisia. <a class=\"article-genericlink\" href=\"https:\/\/www.ft.com\/content\/f4112e32-b742-4e91-9c51-aab08067e53ehttps:\/\/www.ft.com\/content\/f4112e32-b742-4e91-9c51-aab08067e53ehttps:\/\/www.ft.com\/content\/f4112e32-b742-4e91-9c51-aab08067e53ehttps:\/\/www.ft.com\/content\/f4112e32-b742-4e91-9c51-aab08067e53e\" rel=\"nofollow noopener\" target=\"_blank\">Financial Timesin<\/a> mukaan paikalla olleet l\u00e4hteet kuvailivat tapaamista \u201dr\u00e4j\u00e4hdysherk\u00e4ksi\u201d, \u201detovaksi\u201d sek\u00e4 \u201dj\u00e4rkytt\u00e4v\u00e4ksi\u201d.<\/p>\n<p><img decoding=\"async\" src=\"https:\/\/www.europesays.com\/fi\/wp-content\/uploads\/2025\/12\/1765646292_764_468.jpg\" alt=\"Driscoll tapasi 20. marraskuuta Kiovassa Ukrainan presidentin Volodymyr Zelenskyin.\" class=\"_Img_1rerz_1\" style=\"aspect-ratio:1.5\" loading=\"eager\"\/><\/p>\n<p class=\"article-picture-caption\">Driscoll tapasi 20. marraskuuta Kiovassa Ukrainan presidentin Volodymyr Zelenskyin. Kuva:\u00a0Ukrainian Presidential Press Service \/ Reuters<\/p>\n<p class=\"article-body mb-nof-24 px-nof-16\">Driscoll sanoi uskovansa rauhan olevan mahdollinen, mutta samalla h\u00e4n varoitti eurooppalaisia neuvotteluvaran puuttumisesta.<\/p>\n<p class=\"article-body mb-nof-24 px-nof-16\">\u2013 Me emme neuvottele yksityiskohdista, Driscoll sanoi paikalla olleen eurooppalaisviranomaisen mukaan.<\/p>\n<p class=\"article-body mb-nof-24 px-nof-16\">H\u00e4nen kerrottiin my\u00f6s saapuneen paikalle my\u00f6h\u00e4ss\u00e4 ja kiroilleen toistuvasti.<\/p>\n<p class=\"article-body mb-nof-24 px-nof-16\">\u2013 Meid\u00e4n on saatava t\u00e4m\u00e4 paska hoidettua, maavoimaministerin v\u00e4itettiin sanoneen.<\/p>\n<p class=\"article-body mb-nof-24 px-nof-16\">Driscollin kerrottiin painottaneen tapaamisessa my\u00f6s Ven\u00e4j\u00e4n sotamenestyst\u00e4 ja sit\u00e4, kuinka alakynness\u00e4 olevan Ukrainan olisi parasta taipua sopimukseen nyt. Muun muassa ajatushautomo ISW (Institute for the Study of War) <a class=\"article-genericlink\" href=\"https:\/\/understandingwar.org\/research\/russia-ukraine\/russian-offensive-campaign-assessment-november-26-2025\/https:\/\/understandingwar.org\/research\/russia-ukraine\/russian-offensive-campaign-assessment-november-26-2025\/https:\/\/understandingwar.org\/research\/russia-ukraine\/russian-offensive-campaign-assessment-november-26-2025\/https:\/\/understandingwar.org\/research\/russia-ukraine\/russian-offensive-campaign-assessment-november-26-2025\/\" rel=\"nofollow noopener\" target=\"_blank\">viittasi tuolloin<\/a> Driscollin puheisiin Ven\u00e4j\u00e4n narratiivia my\u00f6t\u00e4ilevin\u00e4.<\/p>\n<p class=\"article-body mb-nof-24 px-nof-16\">\u2013 Kreml on jatkuvasti edist\u00e4nyt narratiivia, jossa Ven\u00e4j\u00e4n voiton on v\u00e4itetty olevan v\u00e4ist\u00e4m\u00e4t\u00f6n \u2013 erityisesti sen j\u00e4lkeen, kun ensimm\u00e4iset tiedot 28-kohtaisesta rauhanehdotuksesta tulivat. Tarkoituksena on ty\u00f6nt\u00e4\u00e4 Ukrainaa ja l\u00e4ntt\u00e4 alistumaan Ven\u00e4j\u00e4n vaatimuksiin. Todellisuus taistelukent\u00e4ll\u00e4 viittaa kuitenkin siihen, ett\u00e4 Ven\u00e4j\u00e4n voitto on kaukana varmasta, ISW kirjoitti.<\/p>\n<p class=\"article-body mb-nof-24 px-nof-16\">Telegraphin mukaan Driscollin piti palata Kiovaan jatkamaan neuvotteluja pari viikkoa sitten, mutta h\u00e4n ei tehnyt niin. Ukrainalaisille oli kerrottu my\u00f6s, ett\u00e4 Driscoll olisi ollut paikalla Pariisissa joulukuun alussa k\u00e4ydyiss\u00e4 keskusteluissa, mutta t\u00e4m\u00e4 perui tulonsa viime hetkill\u00e4.<\/p>\n<p class=\"article-body mb-nof-24 px-nof-16\">\u2013 Meid\u00e4n delegaatiomme yll\u00e4ttyi, kertoi ukrainalainen viranomaisl\u00e4hde lehdelle.<\/p>\n<p><img decoding=\"async\" src=\"https:\/\/www.europesays.com\/fi\/wp-content\/uploads\/2025\/12\/1765646293_873_468.jpg\" alt=\"Trumpin sanotaan kutsuvan maavoimaministeri\u00e4\u00e4n \u201ddroonikaverikseen\u201d, sill\u00e4 t\u00e4m\u00e4n teht\u00e4viin kuuluu muun muassa armeijan aseistuksen modernisoiminen.\" class=\"_Img_1rerz_1\" style=\"aspect-ratio:1.5011727912431587\" loading=\"eager\"\/><\/p>\n<p class=\"article-picture-caption\">Trumpin sanotaan kutsuvan maavoimaministeri\u00e4\u00e4n \u201ddroonikaverikseen\u201d, sill\u00e4 t\u00e4m\u00e4n teht\u00e4viin kuuluu muun muassa armeijan aseistuksen modernisoiminen. Kuva:\u00a0Evelyn Hockstein \/ Reuters<\/p>\n<p class=\"article-body mb-nof-24 px-nof-16\">Valkoinen talo vakuutti Telegraphille, ett\u00e4 puolustusministeri Hegseth ei ole syrj\u00e4ytt\u00e4nyt Driscollia neuvotteluista. Lehden eurooppalaiset ja ukrainalaiset l\u00e4hteet uskoivat, ett\u00e4 t\u00e4m\u00e4n poissaolo on osa laajempaa valtakamppailua, joka Yhdysvalloissa on k\u00e4ynniss\u00e4 rauhanponnisteluihin liittyen.<\/p>\n<p class=\"article-body mb-nof-24 px-nof-16\">Kamppailussa toista puolta katsotaan johtavan Vance ja toista Rubio. Viime aikoina keskeisen roolin neuvotteluissa ovat ottaneet kuitenkin Trumpin erityisl\u00e4hettil\u00e4s <a class=\"article-personlink\" href=\"https:\/\/www.is.fi\/haku\/?query=Steve%20Witkoff\" rel=\"nofollow noopener\" target=\"_blank\">Steve Witkoff<\/a> ja v\u00e4vy <a class=\"article-personlink\" href=\"https:\/\/www.is.fi\/haku\/?query=Jared%20Kushner\" rel=\"nofollow noopener\" target=\"_blank\">Jared Kushner<\/a>.<\/p>\n<p class=\"article-body mb-nof-24 px-nof-16\">Telegraph uutisoi jo aiemmin, ett\u00e4 Driscollia on pidetty suosikkiehdokkaana Hegsethin seuraajaksi. Yhdysvaltalaisen viranomaisl\u00e4hteen mukaan h\u00e4n on juuri sellainen \u201dty\u00f6hevonen\u201d, joita Trump arvostaa.<\/p>\n<p class=\"article-body mb-nof-24 px-nof-16\">Valkoinen talo kiisti l\u00e4hteiden v\u00e4itteet. Apulaislehdist\u00f6sihteeri <a class=\"article-personlink\" href=\"https:\/\/www.is.fi\/haku\/?query=Anna%20Kellyn\" rel=\"nofollow noopener\" target=\"_blank\">Anna Kellyn<\/a> mukaan Trump on \u201d\u00e4\u00e4rimm\u00e4isen tyytyv\u00e4inen\u201d Hegsethin ty\u00f6h\u00f6n.<\/p>\n<p class=\"article-body mb-nof-24 px-nof-16\">\u2013 Samoin ministeri Driscoll on ollut eritt\u00e4in suurena apuna, kun ukrainalaisilta on ker\u00e4tty palautetta sopimuksen luomiseksi, Kelly sanoi.<\/p>\n","protected":false},"excerpt":{"rendered":"Maavoimaministeri Dan Driscollin nostaminen neuvottelijoiden joukkoon tapahtui tiett\u00e4v\u00e4sti varapresidentti J.D. Vancen aloitteesta. Lue tiivistelm\u00e4 Tiivistelm\u00e4 on teko\u00e4lyn tekem\u00e4&hellip;\n","protected":false},"author":2,"featured_media":115494,"comment_status":"","ping_status":"","sticky":false,"template":"","format":"standard","meta":{"footnotes":""},"categories":[14],"tags":[22,23,26,27,33,31,30,17,34,24,25,28,29,15,18,21,32,19,20,56,16,59,60,61],"class_list":{"0":"post-115493","1":"post","2":"type-post","3":"status-publish","4":"format-standard","5":"has-post-thumbnail","7":"category-ulkomaat","8":"tag-breaking-news","9":"tag-breakingnews","10":"tag-featured-news","11":"tag-featurednews","12":"tag-fi","13":"tag-finland","14":"tag-finnish","15":"tag-headlines","16":"tag-ilta-sanomat","17":"tag-latest-news","18":"tag-latestnews","19":"tag-main-news","20":"tag-mainnews","21":"tag-news","22":"tag-otsikot","23":"tag-paauutiset","24":"tag-suomi","25":"tag-top-stories","26":"tag-topstories","27":"tag-ulkomaat","28":"tag-uutiset","29":"tag-world","30":"tag-world-news","31":"tag-worldnews"},"share_on_mastodon":{"url":"https:\/\/pubeurope.com\/@fi\/115713403210730629","error":""},"_links":{"self":[{"href":"https:\/\/www.europesays.com\/fi\/wp-json\/wp\/v2\/posts\/115493","targetHints":{"allow":["GET"]}}],"collection":[{"href":"https:\/\/www.europesays.com\/fi\/wp-json\/wp\/v2\/posts"}],"about":[{"href":"https:\/\/www.europesays.com\/fi\/wp-json\/wp\/v2\/types\/post"}],"author":[{"embeddable":true,"href":"https:\/\/www.europesays.com\/fi\/wp-json\/wp\/v2\/users\/2"}],"replies":[{"embeddable":true,"href":"https:\/\/www.europesays.com\/fi\/wp-json\/wp\/v2\/comments?post=115493"}],"version-history":[{"count":0,"href":"https:\/\/www.europesays.com\/fi\/wp-json\/wp\/v2\/posts\/115493\/revisions"}],"wp:featuredmedia":[{"embeddable":true,"href":"https:\/\/www.europesays.com\/fi\/wp-json\/wp\/v2\/media\/115494"}],"wp:attachment":[{"href":"https:\/\/www.europesays.com\/fi\/wp-json\/wp\/v2\/media?parent=115493"}],"wp:term":[{"taxonomy":"category","embeddable":true,"href":"https:\/\/www.europesays.com\/fi\/wp-json\/wp\/v2\/categories?post=115493"},{"taxonomy":"post_tag","embeddable":true,"href":"https:\/\/www.europesays.com\/fi\/wp-json\/wp\/v2\/tags?post=115493"}],"curies":[{"name":"wp","href":"https:\/\/api.w.org\/{rel}","templated":true}]}}