{"id":115496,"date":"2025-12-13T17:19:10","date_gmt":"2025-12-13T17:19:10","guid":{"rendered":"https:\/\/www.europesays.com\/fi\/115496\/"},"modified":"2025-12-13T17:19:10","modified_gmt":"2025-12-13T17:19:10","slug":"tallainen-on-milan-jaffin-uusi-koti","status":"publish","type":"post","link":"https:\/\/www.europesays.com\/fi\/115496\/","title":{"rendered":"T\u00e4llainen on Milan Jaffin uusi koti"},"content":{"rendered":"<p>Suomesta karkotettu Milan Jaff matkaa rajakiistojen v\u00e4ritt\u00e4m\u00e4lle alueelle.<\/p>\n<p><img decoding=\"async\" class=\"image image-show image-preview\" src=\"https:\/\/www.europesays.com\/fi\/wp-content\/uploads\/2025\/12\/758984bfdafcba849996d1465371be1a506967b5374f1326d1b1b6e2261d73ff.jpg\" alt=\"\"\/><img decoding=\"async\" class=\"image image-show\" src=\"https:\/\/www.europesays.com\/fi\/wp-content\/uploads\/2025\/12\/1765646350_9_758984bfdafcba849996d1465371be1a506967b5374f1326d1b1b6e2261d73ff.jpg\" alt=\"\"\/><\/p>\n<p>Kuva kurditaistelijoista vuodelta 2017, jolloin Irakin hallituksen joukot ottivat haltuunsa Kirkukin kaupungin ja \u00f6ljykent\u00e4t. Kurdijoukot olivat ottaneet Kirkukin hallintaansa vuonna 2014. Hana Noori;\/UPI\/Shutterstock<\/p>\n<p class=\"paragraph\">Lukuisista rikoksista tuomittu katujengihahmo <a href=\"https:\/\/www.iltalehti.fi\/henkilot\/Milan Jaff\" class=\"article-link-person-page\" rel=\"nofollow noopener\" target=\"_blank\">Milan Jaff<\/a>, 25, karkoitettiin maanantain ja tiistain v\u00e4lisen\u00e4 y\u00f6n\u00e4 Irakiin. Iltalehden haastattelemien l\u00e4hteiden mukaan Jaffin lopullinen kohde on Pohjois-Irakissa sijaitseva Kirkuk, jossa h\u00e4nen perheens\u00e4 asuu.<\/p>\n<p class=\"paragraph\">Irakin valtion ja Irakin Kurdistanin autonomisen hallintoalueen rajalla sijaitseva Kirkuk on jatkuvien rajakiistojen kohde. Alue on yksi Irakin \u00f6ljyntuotannon keskuksista, mik\u00e4 lis\u00e4\u00e4 j\u00e4nnitteit\u00e4.<\/p>\n<p class=\"paragraph\">Irakin hallitusta tukevat joukot ja kurdijoukot ottivat viimeksi aseellisesti yhteen Kirkukin alueella vuonna 2017. <a href=\"https:\/\/yle.fi\/a\/3-9884592\" target=\"_blank\" rel=\"noopener nofollow\">Ylen mukaan<\/a> alueella ammuttiin tykkitulta.<\/p>\n<p>Kurdilaisia Peshmerga-sotilaita vuonna 2023, jolloin mielenosoitukset Kirkukin kaupungissa johtivat kuolemiin. GAILAN HAJI<\/p>\n<p class=\"paragraph\">Monietnisess\u00e4 Kirkukin kaupungissa on my\u00f6s ihmisryhmien v\u00e4lisi\u00e4 j\u00e4nnitteit\u00e4. <a href=\"https:\/\/www.aljazeera.com\/news\/2023\/9\/2\/curfew-imposed-in-iraqs-kirkuk-after-rival-protests-turn-deadly\" target=\"_blank\" rel=\"noopener nofollow\">Viimeksi vuonna 2023<\/a> kurdien, turkmeenien ja arabien v\u00e4liset mielenosoitukset muuttuivat v\u00e4kivaltaisiksi, mik\u00e4 johti nelj\u00e4n ihmisen kuolemaan.<\/p>\n<p class=\"paragraph\">Suomen ulkoministeri\u00f6n <a href=\"https:\/\/um.fi\/matkustustiedote\/-\/c\/IQ\" target=\"_blank\" rel=\"noopener nofollow\">matkustustiedotteessa<\/a> kehotetaan yleisesti v\u00e4ltt\u00e4m\u00e4\u00e4n kaikkea matkustamista Irakiin.<\/p>\n<p>Ihmisryhmien v\u00e4lill\u00e4 on j\u00e4nnitteit\u00e4 monietnisess\u00e4 Kirkukin kaupungissa. Kuvassa turkmeeneja Kirkukissa vuonna 2025. Stella Pictures<\/p>\n<p class=\"paragraph\">Ulkoministeri\u00f6n mukaan maa on vakaantunut jonkin verran viimeisen vuoden aikana, mutta turvallisuustilanne on edelleen heikko. Gazan sota on lis\u00e4nnyt turvallisuusriskej\u00e4 laajalla alueella L\u00e4hi-id\u00e4ss\u00e4.<\/p>\n<p class=\"paragraph\">ISIS ei en\u00e4\u00e4 hallitse maa-alueita Irakissa, mutta sen terroristisoluja toimii edelleen alueella. Terrori-iskujen uhka eri puolilla maata on yh\u00e4 olemassa, mukaan lukien Kurdistanin alueella.<\/p>\n<p>Ihmisi\u00e4 ostoksilla Kirkukissa vuonna 2023.  GAILAN HAJI<\/p>\n<p class=\"paragraph\">Suomen ulkoministeri\u00f6n mukaan Irakissa toimii lukuisia aseistettuja ryhmi\u00e4, joilla on tietyill\u00e4 alueilla merkitt\u00e4v\u00e4 vaikutusvalta. Lis\u00e4ksi Irakissa on eri konfliktien aikana k\u00e4ytetty paljon miinoja ja r\u00e4j\u00e4hteit\u00e4, joita ei ole kaikkia raivattu pois.<\/p>\n<p>Lapsiavioliitot kasvussa<\/p>\n<p class=\"paragraph\">Human Rights Watch -j\u00e4rjest\u00f6n <a href=\"https:\/\/www.hrw.org\/world-report\/2025\/country-chapters\/iraq\" target=\"_blank\" rel=\"noopener nofollow\">vuoden 2025 raportin<\/a> mukaan ihmisoikeustilanne Irakissa on huono. Naisten ja tytt\u00f6jen asema on erityisen heikko.<\/p>\n<p class=\"paragraph\">Irakin rikoslaki antaa aviomiehille oikeuden rangaista vaimojaan ja vanhempien kurittaa lapsiaan. Seksuaalisen v\u00e4kivallan ja raiskausten tekij\u00e4t voivat v\u00e4ltty\u00e4 syytteelt\u00e4 tai saada tuomionsa kumotuksi, jos he menev\u00e4t naimisiin uhrinsa kanssa.<\/p>\n<p class=\"paragraph\">Lapsiavioliittojen m\u00e4\u00e4r\u00e4 Irakissa on kasvanut tasaisesti vuodesta 2003 l\u00e4htien. <a href=\"https:\/\/www.unicef.org\/iraq\/stories\/end-child-marriage-kanis-story\" target=\"_blank\" rel=\"noopener nofollow\">Unicefin tutkimuksen mukaan<\/a> 30 prosenttia irakilaisista tyt\u00f6ist\u00e4 oli naimisissa ennen 18 vuoden ik\u00e4\u00e4. Heist\u00e4 seitsem\u00e4n prosenttia oli naimisissa ennen 15 vuoden ik\u00e4\u00e4.<\/p>\n<p>\u00c4iti ja tyt\u00e4r \u00e4\u00e4nestyspaikalla Baghdadissa  marraskuussa 2025. CEERWAN AZIZ<\/p>\n<p class=\"paragraph\">Irakin parlamentti hyv\u00e4ksyi vuonna 2024 lain, joka kielt\u00e4\u00e4 samaa sukupuolta olevien suhteet. Lain rikkomisesta voi seurata jopa 15 vuoden vankeustuomio. My\u00f6s transsukupuolisuus kiellettiin vankeusrangaistuksen uhalla.<\/p>\n<p class=\"paragraph\">Lis\u00e4ksi henkil\u00f6 voi saada 7 vuoden vankeusrangaistuksen ja huomattavan sakon \u201dhomoseksuaalisuuden edist\u00e4misest\u00e4\u201d, jota ei m\u00e4\u00e4ritell\u00e4 sen tarkemmin.<\/p>\n","protected":false},"excerpt":{"rendered":"Suomesta karkotettu Milan Jaff matkaa rajakiistojen v\u00e4ritt\u00e4m\u00e4lle alueelle. Kuva kurditaistelijoista vuodelta 2017, jolloin Irakin hallituksen joukot ottivat haltuunsa&hellip;\n","protected":false},"author":2,"featured_media":115497,"comment_status":"","ping_status":"","sticky":false,"template":"","format":"standard","meta":{"footnotes":""},"categories":[12],"tags":[35,4193,22,23,26,27,33,31,30,17,53,4315,24,25,28,29,15,18,21,637,38,32,19,20,16],"class_list":{"0":"post-115496","1":"post","2":"type-post","3":"status-publish","4":"format-standard","5":"has-post-thumbnail","7":"category-suomi","8":"tag-24h","9":"tag-arabimaat","10":"tag-breaking-news","11":"tag-breakingnews","12":"tag-featured-news","13":"tag-featurednews","14":"tag-fi","15":"tag-finland","16":"tag-finnish","17":"tag-headlines","18":"tag-laki-oikeus-ja-rikos","19":"tag-lansi-aasia","20":"tag-latest-news","21":"tag-latestnews","22":"tag-main-news","23":"tag-mainnews","24":"tag-news","25":"tag-otsikot","26":"tag-paauutiset","27":"tag-politiikka","28":"tag-rikos","29":"tag-suomi","30":"tag-top-stories","31":"tag-topstories","32":"tag-uutiset"},"share_on_mastodon":{"url":"https:\/\/pubeurope.com\/@fi\/115713406813680541","error":""},"_links":{"self":[{"href":"https:\/\/www.europesays.com\/fi\/wp-json\/wp\/v2\/posts\/115496","targetHints":{"allow":["GET"]}}],"collection":[{"href":"https:\/\/www.europesays.com\/fi\/wp-json\/wp\/v2\/posts"}],"about":[{"href":"https:\/\/www.europesays.com\/fi\/wp-json\/wp\/v2\/types\/post"}],"author":[{"embeddable":true,"href":"https:\/\/www.europesays.com\/fi\/wp-json\/wp\/v2\/users\/2"}],"replies":[{"embeddable":true,"href":"https:\/\/www.europesays.com\/fi\/wp-json\/wp\/v2\/comments?post=115496"}],"version-history":[{"count":0,"href":"https:\/\/www.europesays.com\/fi\/wp-json\/wp\/v2\/posts\/115496\/revisions"}],"wp:featuredmedia":[{"embeddable":true,"href":"https:\/\/www.europesays.com\/fi\/wp-json\/wp\/v2\/media\/115497"}],"wp:attachment":[{"href":"https:\/\/www.europesays.com\/fi\/wp-json\/wp\/v2\/media?parent=115496"}],"wp:term":[{"taxonomy":"category","embeddable":true,"href":"https:\/\/www.europesays.com\/fi\/wp-json\/wp\/v2\/categories?post=115496"},{"taxonomy":"post_tag","embeddable":true,"href":"https:\/\/www.europesays.com\/fi\/wp-json\/wp\/v2\/tags?post=115496"}],"curies":[{"name":"wp","href":"https:\/\/api.w.org\/{rel}","templated":true}]}}