{"id":115500,"date":"2025-12-13T17:32:13","date_gmt":"2025-12-13T17:32:13","guid":{"rendered":"https:\/\/www.europesays.com\/fi\/115500\/"},"modified":"2025-12-13T17:32:13","modified_gmt":"2025-12-13T17:32:13","slug":"virpi-katka-opiskelee-papiksiolen-tehnyt-kaikki-mahdolliset-synnit","status":"publish","type":"post","link":"https:\/\/www.europesays.com\/fi\/115500\/","title":{"rendered":"Virpi K\u00e4tk\u00e4 opiskelee papiksi:&#8221;Olen tehnyt kaikki mahdolliset synnit&#8221;"},"content":{"rendered":"<p>            Timo Korhonen\n        <\/p>\n<p class=\"subtitle \">Virpi sai uskosta uuden alun. Tuputtaa tai tuomita h\u00e4n ei kuitenkaan halua.<\/p>\n<p class=\"article-content article-content-width !bg-background\">Laulaja  k\u00e4velee Helsingin yliopiston k\u00e4yt\u00e4vill\u00e4 kuin kotonaan. Eik\u00e4 ihme, onhan arki t\u00e4yttynyt teologian luennoilla Virpin saatua opiskelupaikan vuonna 2023.<\/p>\n<p class=\"font-weight-bold m-font-weight-bold article-content article-content-width !bg-background\">Videolla Virpi kertoo opinnoistaan:<\/p>\n<p class=\"article-content article-content-width !bg-background\">Sys\u00e4ys pappisopintoihin tuli jo aiemmin. Virpi oli -siskonsa kanssa jo vuosia etsinyt vastauksia uushenkisyydest\u00e4 ja enkeliopeista. Ne kuitenkin toivat mukanaan pelkoa. Lopulta er\u00e4s okkultismista kristinuskoon vaihtanut yst\u00e4v\u00e4 sai siskokset vakuuttumaan Raamatun sanasta.<\/p>\n<p>                <img decoding=\"async\" src=\"https:\/\/www.europesays.com\/fi\/wp-content\/uploads\/2025\/12\/2012456.webp\" width=\"576\" height=\"720\" alt=\"Virpin tavoitteena on palauttaa kandintutkielma joulukuussa.\" loading=\"lazy\" \/>            <\/p>\n<p>\n            Virpin tavoitteena on palauttaa kandintutkielma joulukuussa.<br \/>\n            Timo Korhonen\n        <\/p>\n<p class=\"article-content article-content-width !bg-background\">\u2013 Olen l\u00f6yt\u00e4nyt rauhan, Virpi kuvailee.<\/p>\n<p>        <a itemprop=\"url\" href=\"https:\/\/www.seiska.fi\/kotimaa\/heli-palsanmaen-erikoiset-suunnitelmat-aki-repii-pelihousunsa\/2010727\" rel=\"nofollow noopener\" target=\"_blank\"><\/p>\n<p>\nHelin erikoiset suunnitelmat\n<\/p>\n<p class=\"section-date\">\n        <strong class=\"article-section\" data-section=\"kotimaa\"><br \/>\n            kotimaa<br \/>\n        <\/strong><br \/>\n        3.12. 16:30\n    <\/p>\n<p>Heli Palsanm\u00e4en erikoiset suunnitelmat \u2013 &#8221;Aki repii pelihousunsa&#8221;\n    <\/p>\n<p itemprop=\"description\" class=\"subtitle \">\n    Helin kaavailema muutos voisi olla Akille liikaa.\n<\/p>\n<p>        <\/a><\/p>\n<p>L\u00f6ysi \u00e4\u00e4nens\u00e4 uudelleen<\/p>\n<p class=\"article-content article-content-width !bg-background\">Viimeinen silaus oli, kun keikkailemalla elantonsa tienaava Virpi menetti yll\u00e4tt\u00e4en \u00e4\u00e4nens\u00e4. Tilanne sai Virpin oivaltamaan, ett\u00e4 nyt oli oikea aika tavoitella taustalla kyteneit\u00e4 opiskeluhaaveita.\u00a0<\/p>\n<p class=\"article-content article-content-width !bg-background\">Yliopiston ovet aukesivat avoimen v\u00e4yl\u00e4n kautta. Sittemmin my\u00f6s \u00e4\u00e4ni on palautunut.<\/p>\n<p>                <img decoding=\"async\" src=\"https:\/\/www.europesays.com\/fi\/wp-content\/uploads\/2025\/12\/2012460.webp\" width=\"576\" height=\"720\" alt=\"Virpi uskoo ihmeisiin:'Niit\u00e4 tapahtuu jatkuvasti.'\" loading=\"lazy\" \/>            <\/p>\n<p>\n            Virpi uskoo ihmeisiin:&#8221;Niit\u00e4 tapahtuu jatkuvasti.&#8221;<br \/>\n            Timo Korhonen\n        <\/p>\n<p class=\"article-content article-content-width !bg-background\">\u2013 Se oli johdatusta. Nyt opiskelen viikot ja keikkailen viikonloput, Virpi kertoo iloisesti.<\/p>\n<p>Ken nauraa makeimmin<\/p>\n<p class=\"article-content article-content-width !bg-background\">Seksikk\u00e4\u00e4n CatCat -laulajan alavalinta tuli suurelle yleis\u00f6lle yll\u00e4tyksen\u00e4. Asia naurattaa Virpi\u00e4 itse\u00e4\u00e4nkin.<\/p>\n<p>        <a itemprop=\"url\" href=\"https:\/\/www.seiska.fi\/kotimaa\/vau-talta-nayttaa-sara-siepin-mokilla\/2006184\" rel=\"nofollow noopener\" target=\"_blank\"><\/p>\n<p>\nVau!\n<\/p>\n<p class=\"section-date\">\n        <strong class=\"article-section\" data-section=\"kotimaa\"><br \/>\n            kotimaa<br \/>\n        <\/strong><br \/>\n        28.11. 10:12\n    <\/p>\n<p>Vau! T\u00e4lt\u00e4 n\u00e4ytt\u00e4\u00e4 Sara Siepin m\u00f6kill\u00e4\n    <\/p>\n<p itemprop=\"description\" class=\"subtitle \">\n    Saran herttainen m\u00f6kki odottaa viel\u00e4 joulutunnelmaa.\n<\/p>\n<p>        <\/a><\/p>\n<p class=\"article-content article-content-width !bg-background\">\u2013 On Jumalan huumorintajua, ett\u00e4 opiskelen papiksi. Olenhan tehnyt kaikki mahdolliset synnit jo parikymppisen\u00e4. Olen k\u00e4ynyt kaiken pohjamutien kautta.<\/p>\n<p>                <img decoding=\"async\" src=\"https:\/\/www.europesays.com\/fi\/wp-content\/uploads\/2025\/12\/2012467.webp\" width=\"576\" height=\"720\" alt=\"Kirkko on Virpille pyh\u00e4 paikka. H\u00e4n huomauttaa, ettei k\u00e4ytt\u00e4ydy siell\u00e4 samalla tavalla kuin keikkalavalla, vaikka onkin molemmissa oma itsens\u00e4.\" loading=\"lazy\" \/>            <\/p>\n<p>\n            Kirkko on Virpille pyh\u00e4 paikka. H\u00e4n huomauttaa, ettei k\u00e4ytt\u00e4ydy siell\u00e4 samalla tavalla kuin keikkalavalla, vaikka onkin molemmissa oma itsens\u00e4.<br \/>\n            Timo Korhonen\n        <\/p>\n<p class=\"article-content article-content-width !bg-background\">\u2013 Se juuri on kristinuskossa hienoa. Olen saanut armon. Aina on mahdollista aloittaa alusta.<\/p>\n<p>Sis\u00e4inen valo<\/p>\n<p class=\"article-content article-content-width !bg-background\">L\u00e4hipiiri on suhtautunut Virpin pappisopintoihin suopeasti. Perheeseen on tullut enemm\u00e4nkin hengellisi\u00e4 her\u00e4\u00e4misi\u00e4 h\u00e4nen vanavedess\u00e4\u00e4n.<\/p>\n<p>        <a itemprop=\"url\" href=\"https:\/\/www.seiska.fi\/kotimaa\/virpi-katka-avoimena-painonpudotuksestaan\/1924604\" rel=\"nofollow noopener\" target=\"_blank\"><\/p>\n<p>\nVirpi K\u00e4tk\u00e4\n<\/p>\n<p class=\"section-date\">\n        <strong class=\"article-section\" data-section=\"kotimaa\"><br \/>\n            kotimaa<br \/>\n        <\/strong><br \/>\n        9.9. 08:05\n    <\/p>\n<p>Virpi K\u00e4tk\u00e4 avoimena painonpudotuksestaan\n    <\/p>\n<p itemprop=\"description\" class=\"subtitle \">\n    Virpi kertoi Seiskalle, kuinka onnistui el\u00e4m\u00e4ntaparemontissaan.\n<\/p>\n<p>        <\/a><\/p>\n<p class=\"article-content article-content-width !bg-background\">\u2013 Meill\u00e4 on samat muusikkovitsit kuin ennenkin, mutta samassa hengenvedossa alamme puhumaan Jeesuksesta. Ihminen pysyy samana, mutta sis\u00e4inen valo on syttynyt, Virpi kuvailee.<\/p>\n<p>                <img decoding=\"async\" src=\"https:\/\/www.europesays.com\/fi\/wp-content\/uploads\/2025\/12\/2012471.webp\" width=\"576\" height=\"720\" alt=\"Papiksi opiskeleva Virpi K\u00e4tk\u00e4: Syntinen paljastus\" loading=\"lazy\" \/>            <\/p>\n<p>            Timo Korhonen\n        <\/p>\n<p>Raamattu raikaa autossa<\/p>\n<p class=\"article-content article-content-width !bg-background\">Hengellisell\u00e4 tiell\u00e4 Virpin matkakumppanina on kulkenut pikkusisko Katja. L\u00e4hes 35 vuotta viihdytt\u00e4nyt duo keikkailee yh\u00e4 ahkerasti.<\/p>\n<p>        <a itemprop=\"url\" href=\"https:\/\/www.seiska.fi\/kotimaa\/virpi-katka-avoimena-terveystilanteestaan-seiskalle-sain-vuosien-mittaan-vaaria-diagnooseja\/1442818\" rel=\"nofollow noopener\" target=\"_blank\"><\/p>\n<p class=\"section-date\">\n        <strong class=\"article-section\" data-section=\"kotimaa\"><br \/>\n            kotimaa<br \/>\n        <\/strong><br \/>\n        21.9.2024 15:00\n    <\/p>\n<p>Virpi K\u00e4tk\u00e4 avoimena terveystilanteestaan Seiskalle \u2013 \u201dSain vuosien mittaan v\u00e4\u00e4ri\u00e4 diagnooseja\u201d\n    <\/p>\n<p itemprop=\"description\" class=\"subtitle \">\n    Laulaja ja teologian opiskelija joutui luopumaan opiskelijaruoista ja s\u00e4\u00e4nn\u00f6stelem\u00e4\u00e4n ty\u00f6t laulajana.\n<\/p>\n<p>        <\/a><\/p>\n<p class=\"article-content article-content-width !bg-background\">Nyky\u00e4\u00e4n esiintymismatkoilla autossa saatetaan kuunnella \u00e4\u00e4niraamattua, mutta muuten meno on pysynyt samana.<\/p>\n<p>                <img decoding=\"async\" src=\"https:\/\/www.europesays.com\/fi\/wp-content\/uploads\/2025\/12\/2012486.webp\" width=\"576\" height=\"792\" alt=\"CatCat vuonna 2017.\" loading=\"lazy\" \/>            <\/p>\n<p>\n            CatCat vuonna 2017.<br \/>\n            Tomi Kaukolehto\n        <\/p>\n<p class=\"article-content article-content-width !bg-background\">\u2013 Olemme lavalla sujuvasti omana itsen\u00e4mme, yh\u00e4 sukkahousupuvut p\u00e4\u00e4ll\u00e4, Virpi nauraa.<\/p>\n<p>S\u00e4h\u00e4kk\u00e4 sielunhoitaja<\/p>\n<p class=\"article-content article-content-width !bg-background\">Virpi suunnittelee aloittavansa gradun kirjoittamisen kev\u00e4\u00e4ll\u00e4. Keikkailusta h\u00e4n ei kuitenkaan aio luopua edes papinkaulukset saatuaan.<\/p>\n<p>        <a itemprop=\"url\" href=\"https:\/\/www.seiska.fi\/kotimaa\/virpi-katkasta-pappi-nain-suhtaudun-homoparien-vihkimiseen\/1345691\" rel=\"nofollow noopener\" target=\"_blank\"><\/p>\n<p class=\"section-date\">\n        <strong class=\"article-section\" data-section=\"kotimaa\"><br \/>\n            kotimaa<br \/>\n        <\/strong><br \/>\n        12.5.2024 08:00\n    <\/p>\n<p>Virpi K\u00e4tk\u00e4st\u00e4 pappi: N\u00e4in suhtaudun homoparien vihkimiseen\n    <\/p>\n<p itemprop=\"description\" class=\"subtitle \">\n    Virpi ja Katja K\u00e4tk\u00e4 j\u00e4rjestiv\u00e4t juhlat 30-vuotiaalle Bye Bye Baby -kappaleelle.\n<\/p>\n<p>        <\/a><\/p>\n<p class=\"article-content article-content-width !bg-background\">-Olen kyll\u00e4 kysynyt Jeesukselta, onkos t\u00e4ss\u00e4 jotain v\u00e4\u00e4r\u00e4\u00e4. Mutta siell\u00e4 keikkapaikoillahan ihmiset valoa vasta tarvitsevatkin, Virpi tuumaa jatkaen:<\/p>\n<p class=\"article-content article-content-width !bg-background\">\u2013 Olemme aina j\u00e4\u00e4neet juttelemaan ihmisille keikan j\u00e4lkeen. Se on my\u00f6s er\u00e4\u00e4nlaista sielunhoitoty\u00f6t\u00e4.<\/p>\n<p>                <img decoding=\"async\" src=\"https:\/\/www.europesays.com\/fi\/wp-content\/uploads\/2025\/12\/2012491.webp\" width=\"576\" height=\"720\" alt=\"Virpi ei viel\u00e4 tied\u00e4, minne tie teologina h\u00e4net vie. H\u00e4n luottaa, ett\u00e4 Jeesus tiet\u00e4\u00e4.\" loading=\"lazy\" \/>            <\/p>\n<p>\n            Virpi ei viel\u00e4 tied\u00e4, minne tie teologina h\u00e4net vie. H\u00e4n luottaa, ett\u00e4 Jeesus tiet\u00e4\u00e4.<br \/>\n            Timo Korhonen\n        <\/p>\n","protected":false},"excerpt":{"rendered":"Timo Korhonen Virpi sai uskosta uuden alun. Tuputtaa tai tuomita h\u00e4n ei kuitenkaan halua. Laulaja k\u00e4velee Helsingin yliopiston&hellip;\n","protected":false},"author":2,"featured_media":115501,"comment_status":"","ping_status":"","sticky":false,"template":"","format":"standard","meta":{"footnotes":""},"categories":[136],"tags":[407,137,33,31,30,2382,466,5856,408,21145,4810,791,21144,98,18622,21143,32,21142,3312,1437,109,4485],"class_list":{"0":"post-115500","1":"post","2":"type-post","3":"status-publish","4":"format-standard","5":"has-post-thumbnail","7":"category-julkkikset","8":"tag-celebrities","9":"tag-entertainment","10":"tag-fi","11":"tag-finland","12":"tag-finnish","13":"tag-haastattelu","14":"tag-helsingin-yliopisto","15":"tag-joulu","16":"tag-julkkikset","17":"tag-katja-katka","18":"tag-keikka","19":"tag-opiskelu","20":"tag-pappi","21":"tag-perhe","22":"tag-raamattu","23":"tag-sielunhoito","24":"tag-suomi","25":"tag-teologia","26":"tag-usko","27":"tag-uskonto","28":"tag-viihde","29":"tag-virpi-katka"},"share_on_mastodon":{"url":"https:\/\/pubeurope.com\/@fi\/115713458042148611","error":""},"_links":{"self":[{"href":"https:\/\/www.europesays.com\/fi\/wp-json\/wp\/v2\/posts\/115500","targetHints":{"allow":["GET"]}}],"collection":[{"href":"https:\/\/www.europesays.com\/fi\/wp-json\/wp\/v2\/posts"}],"about":[{"href":"https:\/\/www.europesays.com\/fi\/wp-json\/wp\/v2\/types\/post"}],"author":[{"embeddable":true,"href":"https:\/\/www.europesays.com\/fi\/wp-json\/wp\/v2\/users\/2"}],"replies":[{"embeddable":true,"href":"https:\/\/www.europesays.com\/fi\/wp-json\/wp\/v2\/comments?post=115500"}],"version-history":[{"count":0,"href":"https:\/\/www.europesays.com\/fi\/wp-json\/wp\/v2\/posts\/115500\/revisions"}],"wp:featuredmedia":[{"embeddable":true,"href":"https:\/\/www.europesays.com\/fi\/wp-json\/wp\/v2\/media\/115501"}],"wp:attachment":[{"href":"https:\/\/www.europesays.com\/fi\/wp-json\/wp\/v2\/media?parent=115500"}],"wp:term":[{"taxonomy":"category","embeddable":true,"href":"https:\/\/www.europesays.com\/fi\/wp-json\/wp\/v2\/categories?post=115500"},{"taxonomy":"post_tag","embeddable":true,"href":"https:\/\/www.europesays.com\/fi\/wp-json\/wp\/v2\/tags?post=115500"}],"curies":[{"name":"wp","href":"https:\/\/api.w.org\/{rel}","templated":true}]}}