{"id":115512,"date":"2025-12-13T17:44:12","date_gmt":"2025-12-13T17:44:12","guid":{"rendered":"https:\/\/www.europesays.com\/fi\/115512\/"},"modified":"2025-12-13T17:44:12","modified_gmt":"2025-12-13T17:44:12","slug":"giorgia-melonin-kannattajat-kertovat-miten-oikeistolainen-populistipoliitikko-voi-pysya-vallassakin-suosittuna","status":"publish","type":"post","link":"https:\/\/www.europesays.com\/fi\/115512\/","title":{"rendered":"Giorgia Melonin kannattajat kertovat, miten oikeistolainen populistipoliitikko voi pysy\u00e4 vallassakin suosittuna"},"content":{"rendered":"<p><img decoding=\"async\" src=\"https:\/\/www.europesays.com\/fi\/wp-content\/uploads\/2025\/12\/1765647852_453_978.jpg\" alt=\"Oikeistotapahtuma Atreju on Italian p\u00e4\u00e4ministeri Giorgia Melonin ideoima. Roomassa j\u00e4rjestett\u00e4v\u00e4n tapahtuman portille on pystytetty joulukuusi, joka loistaa Italian lipun v\u00e4reiss\u00e4.\" class=\"_Img_1rerz_1\" style=\"aspect-ratio:0.75\" loading=\"eager\"\/><\/p>\n<p class=\"article-picture-caption\">Oikeistotapahtuma Atreju on Italian p\u00e4\u00e4ministeri Giorgia Melonin ideoima. Roomassa j\u00e4rjestett\u00e4v\u00e4n tapahtuman portille on pystytetty joulukuusi, joka loistaa Italian lipun v\u00e4reiss\u00e4. Kuva:\u00a0Laura Larmo<\/p>\n<p>Giorgia Meloni on vakauttanut myrskyisen\u00e4 pidetty\u00e4 Italiaa. Laitaoikeiston kannattajat kertovat, miten populisti voi pysy\u00e4 suosiossa valta-asemassa.<\/p>\n<p class=\"article-body mb-nof-24 px-nof-16\">Rooma<\/p>\n<p class=\"article-body mb-nof-24 px-nof-16\">Valtava joulukuusi vilkkuu Italian lipun v\u00e4reiss\u00e4 punaisena, valkoisena ja vihre\u00e4n\u00e4. Joululaulu soi.<\/p>\n<p class=\"article-body mb-nof-24 px-nof-16\">\u201dPoliittisen vihan uhri\u201d, julistaa Italian veljet -puolueen opiskelijaj\u00e4rjest\u00f6n kojun sein\u00e4lle kiinnitetty, Yhdysvalloissa salamurhatun oikeistoaktivisti <a class=\"article-personlink\" href=\"https:\/\/www.hs.fi\/haku\/?query=Charlie%20Kirkin\" rel=\"nofollow noopener\" target=\"_blank\">Charlie Kirkin<\/a> kuva.<\/p>\n<p class=\"article-body mb-nof-24 px-nof-16\">T\u00e4t\u00e4 on Atreju-tapahtuma, jonne Italian laitaoikeisto kokoontuu.<\/p>\n","protected":false},"excerpt":{"rendered":"Oikeistotapahtuma Atreju on Italian p\u00e4\u00e4ministeri Giorgia Melonin ideoima. Roomassa j\u00e4rjestett\u00e4v\u00e4n tapahtuman portille on pystytetty joulukuusi, joka loistaa Italian&hellip;\n","protected":false},"author":2,"featured_media":115513,"comment_status":"","ping_status":"","sticky":false,"template":"","format":"standard","meta":{"footnotes":""},"categories":[14],"tags":[22,23,26,27,33,31,30,17,46,24,25,28,29,15,18,21,32,19,20,56,16,59,60,61],"class_list":{"0":"post-115512","1":"post","2":"type-post","3":"status-publish","4":"format-standard","5":"has-post-thumbnail","7":"category-ulkomaat","8":"tag-breaking-news","9":"tag-breakingnews","10":"tag-featured-news","11":"tag-featurednews","12":"tag-fi","13":"tag-finland","14":"tag-finnish","15":"tag-headlines","16":"tag-helsingin-sanomat","17":"tag-latest-news","18":"tag-latestnews","19":"tag-main-news","20":"tag-mainnews","21":"tag-news","22":"tag-otsikot","23":"tag-paauutiset","24":"tag-suomi","25":"tag-top-stories","26":"tag-topstories","27":"tag-ulkomaat","28":"tag-uutiset","29":"tag-world","30":"tag-world-news","31":"tag-worldnews"},"share_on_mastodon":{"url":"https:\/\/pubeurope.com\/@fi\/115713505586844570","error":""},"_links":{"self":[{"href":"https:\/\/www.europesays.com\/fi\/wp-json\/wp\/v2\/posts\/115512","targetHints":{"allow":["GET"]}}],"collection":[{"href":"https:\/\/www.europesays.com\/fi\/wp-json\/wp\/v2\/posts"}],"about":[{"href":"https:\/\/www.europesays.com\/fi\/wp-json\/wp\/v2\/types\/post"}],"author":[{"embeddable":true,"href":"https:\/\/www.europesays.com\/fi\/wp-json\/wp\/v2\/users\/2"}],"replies":[{"embeddable":true,"href":"https:\/\/www.europesays.com\/fi\/wp-json\/wp\/v2\/comments?post=115512"}],"version-history":[{"count":0,"href":"https:\/\/www.europesays.com\/fi\/wp-json\/wp\/v2\/posts\/115512\/revisions"}],"wp:featuredmedia":[{"embeddable":true,"href":"https:\/\/www.europesays.com\/fi\/wp-json\/wp\/v2\/media\/115513"}],"wp:attachment":[{"href":"https:\/\/www.europesays.com\/fi\/wp-json\/wp\/v2\/media?parent=115512"}],"wp:term":[{"taxonomy":"category","embeddable":true,"href":"https:\/\/www.europesays.com\/fi\/wp-json\/wp\/v2\/categories?post=115512"},{"taxonomy":"post_tag","embeddable":true,"href":"https:\/\/www.europesays.com\/fi\/wp-json\/wp\/v2\/tags?post=115512"}],"curies":[{"name":"wp","href":"https:\/\/api.w.org\/{rel}","templated":true}]}}