{"id":115514,"date":"2025-12-13T17:45:08","date_gmt":"2025-12-13T17:45:08","guid":{"rendered":"https:\/\/www.europesays.com\/fi\/115514\/"},"modified":"2025-12-13T17:45:08","modified_gmt":"2025-12-13T17:45:08","slug":"navettapalo-haittaa-liikennetta-mikkelintiella-etela-karjala","status":"publish","type":"post","link":"https:\/\/www.europesays.com\/fi\/115514\/","title":{"rendered":"Navettapalo haittaa liikennett\u00e4 Mikkelintiell\u00e4 | Etel\u00e4-Karjala"},"content":{"rendered":"<p class=\"aw-1gybjub aw-5vja16 kEtdKx kmuxyA yle__article__paragraph\">Ihmisi\u00e4 tai el\u00e4imi\u00e4 ei ole vaarassa, kerrotaan Etel\u00e4-Karjalan pelastuslaitokselta.<\/p>\n<p>18:36\u2022P\u00e4ivitetty 18:48<\/p>\n<p class=\"aw-1gybjub aw-1p7kakr kEtdKx cEmitX yle__article__paragraph\">Lappeenrannassa Mikkelintien varressa palaa navetta.<\/p>\n<p class=\"aw-1gybjub aw-1p7kakr kEtdKx cEmitX yle__article__paragraph\">Palosta aiheutuu liikennehaittaa. Pelastuslaitos sammuttaa parhaillaan paloa sek\u00e4 ohjaa paikalla liikennett\u00e4.<\/p>\n<p class=\"aw-1gybjub aw-1p7kakr kEtdKx cEmitX yle__article__paragraph\">Ihmisi\u00e4 tai el\u00e4imi\u00e4 ei ole vaarassa, kerrotaan Etel\u00e4-Karjalan pelastuslaitokselta. Sammutusty\u00f6t kest\u00e4v\u00e4t pelastuslaitoksen arvion mukaan useita tunteja. Paikalle on h\u00e4lytetty kaksikymment\u00e4 pelastusyksikk\u00f6\u00e4.<\/p>\n<p class=\"aw-1gybjub aw-1p7kakr kEtdKx cEmitX yle__article__paragraph\">Uutinen p\u00e4ivittyy<\/p>\n","protected":false},"excerpt":{"rendered":"Ihmisi\u00e4 tai el\u00e4imi\u00e4 ei ole vaarassa, kerrotaan Etel\u00e4-Karjalan pelastuslaitokselta. 18:36\u2022P\u00e4ivitetty 18:48 Lappeenrannassa Mikkelintien varressa palaa navetta. Palosta aiheutuu&hellip;\n","protected":false},"author":2,"featured_media":74,"comment_status":"","ping_status":"","sticky":false,"template":"","format":"standard","meta":{"footnotes":""},"categories":[12],"tags":[22,23,1302,26,27,33,31,30,17,1446,24,25,28,29,15,837,18,21,2263,857,32,19,20,16],"class_list":{"0":"post-115514","1":"post","2":"type-post","3":"status-publish","4":"format-standard","5":"has-post-thumbnail","7":"category-suomi","8":"tag-breaking-news","9":"tag-breakingnews","10":"tag-etela-karjala","11":"tag-featured-news","12":"tag-featurednews","13":"tag-fi","14":"tag-finland","15":"tag-finnish","16":"tag-headlines","17":"tag-lappeenranta","18":"tag-latest-news","19":"tag-latestnews","20":"tag-main-news","21":"tag-mainnews","22":"tag-news","23":"tag-onnettomuudet","24":"tag-otsikot","25":"tag-paauutiset","26":"tag-pelastustoimi","27":"tag-pelastustoiminta","28":"tag-suomi","29":"tag-top-stories","30":"tag-topstories","31":"tag-uutiset"},"share_on_mastodon":{"url":"https:\/\/pubeurope.com\/@fi\/115713508832840497","error":""},"_links":{"self":[{"href":"https:\/\/www.europesays.com\/fi\/wp-json\/wp\/v2\/posts\/115514","targetHints":{"allow":["GET"]}}],"collection":[{"href":"https:\/\/www.europesays.com\/fi\/wp-json\/wp\/v2\/posts"}],"about":[{"href":"https:\/\/www.europesays.com\/fi\/wp-json\/wp\/v2\/types\/post"}],"author":[{"embeddable":true,"href":"https:\/\/www.europesays.com\/fi\/wp-json\/wp\/v2\/users\/2"}],"replies":[{"embeddable":true,"href":"https:\/\/www.europesays.com\/fi\/wp-json\/wp\/v2\/comments?post=115514"}],"version-history":[{"count":0,"href":"https:\/\/www.europesays.com\/fi\/wp-json\/wp\/v2\/posts\/115514\/revisions"}],"wp:featuredmedia":[{"embeddable":true,"href":"https:\/\/www.europesays.com\/fi\/wp-json\/wp\/v2\/media\/74"}],"wp:attachment":[{"href":"https:\/\/www.europesays.com\/fi\/wp-json\/wp\/v2\/media?parent=115514"}],"wp:term":[{"taxonomy":"category","embeddable":true,"href":"https:\/\/www.europesays.com\/fi\/wp-json\/wp\/v2\/categories?post=115514"},{"taxonomy":"post_tag","embeddable":true,"href":"https:\/\/www.europesays.com\/fi\/wp-json\/wp\/v2\/tags?post=115514"}],"curies":[{"name":"wp","href":"https:\/\/api.w.org\/{rel}","templated":true}]}}