{"id":115519,"date":"2025-12-13T18:00:17","date_gmt":"2025-12-13T18:00:17","guid":{"rendered":"https:\/\/www.europesays.com\/fi\/115519\/"},"modified":"2025-12-13T18:00:17","modified_gmt":"2025-12-13T18:00:17","slug":"kaj-yhtyeen-jasenet-paljastavat-ilouutisia-kaksi-esikoista-tulossa","status":"publish","type":"post","link":"https:\/\/www.europesays.com\/fi\/115519\/","title":{"rendered":"KAJ-yhtyeen j\u00e4senet paljastavat ilouutisia: Kaksi esikoista tulossa!"},"content":{"rendered":"<p>            Timo Korhonen \/ AOP\n        <\/p>\n<p class=\"subtitle \">KAJ-yhtyeen solisti paljasti mukana olleen kutsumattoman vieraan vasta juhlien j\u00e4lkeen.<\/p>\n<p class=\"article-content article-content-width !bg-background\">Suomenruotsalaiselta musiikkiyhtye KAJ:lta on sadellut viimeaikoina roisisti ilouutisia. Koko kolmikko n\u00e4htiin 6. joulukuuta Presidentinlinnan itsen\u00e4isyysp\u00e4iv\u00e4n juhlavastaanotolla, jossa yksi yhtyeen j\u00e4senist\u00e4, , 32, kertoi<a href=\"https:\/\/www.is.fi\/viihde\/art-2000011674883.html\" target=\"_blank\" rel=\"nofollow noopener\"> Ilta Sanomille<\/a>\u00a0Linnan juhlissa saavansa esikoislapsen\u00a0-puolisonsa kanssa. <\/p>\n<p class=\"font-weight-bold m-font-weight-bold article-content article-content-width !bg-background\">Katso my\u00f6s! KAJ-yhtye villitsi kauppakeskus Forumissa:<\/p>\n<p class=\"article-content article-content-width !bg-background\">Miltei viikko linnanjuhlista yhtyeen toinen j\u00e4sen, , 32, paljasti niin ik\u00e4\u00e4n suuren jymyuutisen.\u00a0<\/p>\n<p>Kutumaton vieras linnanjuhlissa!<\/p>\n<p class=\"article-content article-content-width !bg-background\">Axel ja h\u00e4nen -rakkaansa kertoivat torstaina <a href=\"https:\/\/www.instagram.com\/axelahman\/\" target=\"_blank\" rel=\"nofollow noopener\">Instagram<\/a>-tileill\u00e4\u00e4n (11.12.) kantaneensa linnanjuhlissa mukanaan todellista salamatkustajaa. Kaksikko kertoo nimitt\u00e4in odottavansa niin ik\u00e4\u00e4n ensimm\u00e4ist\u00e4 lastaan.<\/p>\n<p class=\"article-content article-content-width !bg-background\"> \u2013 Toimme itse asiassa kutsumattoman vieraan linnaan.. valmiina tekem\u00e4\u00e4n sis\u00e4\u00e4ntulon kes\u00e4ll\u00e4 2026, kaksikko myh\u00e4ilee.<\/p>\n<p>        <a itemprop=\"url\" href=\"https:\/\/www.seiska.fi\/vain-seiskassa\/seiska-paljastaa-kajn-erikoiset-kuviot-lentokentalla-karu-totuus-kadonneesta-jasenesta\/1707450\" rel=\"nofollow noopener\" target=\"_blank\"><\/p>\n<p>\nSeiska paljastaa:\n<\/p>\n<p class=\"section-date\">\n        <strong class=\"article-section\" data-section=\"vain seiskassa\"><br \/>\n            vain seiskassa<br \/>\n        <\/strong><br \/>\n        21.5. 06:30\n    <\/p>\n<p>Seiska paljastaa: KAJ:n erikoiset kuviot lentokent\u00e4ll\u00e4 \u2013 karu totuus kadonneesta j\u00e4senest\u00e4\n    <\/p>\n<p itemprop=\"description\" class=\"subtitle \">\n    Yhtyeen yksi j\u00e4sen Axel \u00c5hman ei astunut kameroiden eteen, vaan l\u00e4hti rakkaansa kanssa toisaalle.\n<\/p>\n<p>        <\/a><\/p>\n<p class=\"article-content article-content-width !bg-background\">Julkaisun yhteyteen lis\u00e4tyiss\u00e4 otoksissa kaksikko poseeraa linnanjuhlissa, vilauttaen v\u00e4liss\u00e4 mit\u00e4 ilmeisimmin mukana olleita ultra\u00e4\u00e4nikuvia tulevasta pienokaisesta.<\/p>\n<p>                <img decoding=\"async\" src=\"https:\/\/www.europesays.com\/fi\/wp-content\/uploads\/2025\/12\/2021141.webp\" width=\"576\" height=\"720\" alt=\"Jokainen KAJ:n j\u00e4sen sai Suomen tasavallan presidentti Alexander Stubbilta kutsun t\u00e4m\u00e4n vuoden linnanjuhliin.\" loading=\"lazy\" \/>            <\/p>\n<p>            Jokainen KAJ:n j\u00e4sen sai Suomen tasavallan presidentti  kutsun t\u00e4m\u00e4n vuoden linnanjuhliin.<br \/>\n            Timo Korhonen \/ AOP<\/p>\n<p>Valtaisa suosio Euroviisuissa<\/p>\n<p class=\"article-content article-content-width !bg-background\">Ruotsia Euroviisuissa edustanut huumoriyhtye KAJ nousi viime kev\u00e4\u00e4n\u00e4 globaaliksi ilmi\u00f6ksi hittibiisill\u00e4\u00e4n Bada Bada Bastu. Ruotsinkielinen saunomisesta kertova hyv\u00e4nmielen rallatus kapusi lopulta toukokuisessa Euroviisu-finaalissa nelj\u00e4nnelle sijalle.\u00a0<\/p>\n<p class=\"article-content article-content-width !bg-background\">Vuonna 2009 perustettuun yhtyeeseen kuuluu Kevinin ja Axelin lis\u00e4ksi kolmas j\u00e4sen, p\u00e4\u00e4laulaja , 32.<\/p>\n<p><script async src=\"\/\/www.instagram.com\/embed.js\"><\/script><\/p>\n","protected":false},"excerpt":{"rendered":"Timo Korhonen \/ AOP KAJ-yhtyeen solisti paljasti mukana olleen kutsumattoman vieraan vasta juhlien j\u00e4lkeen. Suomenruotsalaiselta musiikkiyhtye KAJ:lta on&hellip;\n","protected":false},"author":2,"featured_media":115520,"comment_status":"","ping_status":"","sticky":false,"template":"","format":"standard","meta":{"footnotes":""},"categories":[136],"tags":[21149,407,137,909,33,31,30,408,15905,21150,212,20259,32,109],"class_list":{"0":"post-115519","1":"post","2":"type-post","3":"status-publish","4":"format-standard","5":"has-post-thumbnail","7":"category-julkkikset","8":"tag-axel-ahman","9":"tag-celebrities","10":"tag-entertainment","11":"tag-euroviisut","12":"tag-fi","13":"tag-finland","14":"tag-finnish","15":"tag-julkkikset","16":"tag-kaj","17":"tag-kevin-holmstrom","18":"tag-lifestyle","19":"tag-presidentinlinna","20":"tag-suomi","21":"tag-viihde"},"share_on_mastodon":{"url":"https:\/\/pubeurope.com\/@fi\/115713568552111666","error":""},"_links":{"self":[{"href":"https:\/\/www.europesays.com\/fi\/wp-json\/wp\/v2\/posts\/115519","targetHints":{"allow":["GET"]}}],"collection":[{"href":"https:\/\/www.europesays.com\/fi\/wp-json\/wp\/v2\/posts"}],"about":[{"href":"https:\/\/www.europesays.com\/fi\/wp-json\/wp\/v2\/types\/post"}],"author":[{"embeddable":true,"href":"https:\/\/www.europesays.com\/fi\/wp-json\/wp\/v2\/users\/2"}],"replies":[{"embeddable":true,"href":"https:\/\/www.europesays.com\/fi\/wp-json\/wp\/v2\/comments?post=115519"}],"version-history":[{"count":0,"href":"https:\/\/www.europesays.com\/fi\/wp-json\/wp\/v2\/posts\/115519\/revisions"}],"wp:featuredmedia":[{"embeddable":true,"href":"https:\/\/www.europesays.com\/fi\/wp-json\/wp\/v2\/media\/115520"}],"wp:attachment":[{"href":"https:\/\/www.europesays.com\/fi\/wp-json\/wp\/v2\/media?parent=115519"}],"wp:term":[{"taxonomy":"category","embeddable":true,"href":"https:\/\/www.europesays.com\/fi\/wp-json\/wp\/v2\/categories?post=115519"},{"taxonomy":"post_tag","embeddable":true,"href":"https:\/\/www.europesays.com\/fi\/wp-json\/wp\/v2\/tags?post=115519"}],"curies":[{"name":"wp","href":"https:\/\/api.w.org\/{rel}","templated":true}]}}