{"id":115525,"date":"2025-12-13T18:11:09","date_gmt":"2025-12-13T18:11:09","guid":{"rendered":"https:\/\/www.europesays.com\/fi\/115525\/"},"modified":"2025-12-13T18:11:09","modified_gmt":"2025-12-13T18:11:09","slug":"sukutilan-perinto-kutsui-takaisin-lapsuuden-kotiin-nyt-satamaidon-tuore-johtaja-juho-hannus-kunnostaa-vanhaa-pihapiiria","status":"publish","type":"post","link":"https:\/\/www.europesays.com\/fi\/115525\/","title":{"rendered":"Sukutilan perint\u00f6 kutsui takaisin lapsuuden kotiin \u2013 Nyt Satamaidon tuore johtaja Juho Hannus kunnostaa vanhaa pihapiiri\u00e4"},"content":{"rendered":"<p>Diplomi-insin\u00f6\u00f6ri Juho Hannus vaihtoi korona-ajan Helsingin ankeuden Luvian rauhaan. Nyt h\u00e4n johtaa Satamaidon kaupallista toimintaa ja kunnostaa sukutilaansa. Mik\u00e4 sai diplomi-insin\u00f6\u00f6rin palaamaan juurilleen?<\/p>\n<p class=\"article-body mb-nof-24 px-nof-16\">Eurajoki<\/p>\n<p class=\"article-body mb-nof-24 px-nof-16\">Suuri ympyr\u00e4 sulkeutui <a class=\"article-personlink\" href=\"https:\/\/www.satakunnankansa.fi\/haku\/?query=Juho%20Hannuksen\" rel=\"nofollow noopener\" target=\"_blank\">Juho Hannuksen<\/a> el\u00e4m\u00e4ss\u00e4 koronavuosina.<\/p>\n<p class=\"article-body mb-nof-24 px-nof-16\">El\u00e4m\u00e4nmuutos oli edess\u00e4, sill\u00e4 perheeseen oli tulossa ensimm\u00e4inen lapsi. Luvialta kotoisin oleva Hannus alkoi mietti\u00e4 vaimonsa kanssa l\u00e4ht\u00f6\u00e4 Helsingist\u00e4.<\/p>\n<p class=\"article-body mb-nof-24 px-nof-16\">H\u00e4n muistelee, ett\u00e4 korona-aika suuressa kaupungissa oli ankeaa. Se varmasti siivitti p\u00e4\u00e4t\u00f6st\u00e4.<\/p>\n<p class=\"article-body mb-nof-24 px-nof-16\">\u201dMihink\u00e4\u00e4n ei saanut menn\u00e4, mit\u00e4\u00e4n ei saanut tehd\u00e4.\u201d<\/p>\n","protected":false},"excerpt":{"rendered":"Diplomi-insin\u00f6\u00f6ri Juho Hannus vaihtoi korona-ajan Helsingin ankeuden Luvian rauhaan. Nyt h\u00e4n johtaa Satamaidon kaupallista toimintaa ja kunnostaa sukutilaansa.&hellip;\n","protected":false},"author":2,"featured_media":115526,"comment_status":"","ping_status":"","sticky":false,"template":"","format":"standard","meta":{"footnotes":""},"categories":[76],"tags":[79,77,33,31,30,80,32,78],"class_list":{"0":"post-115525","1":"post","2":"type-post","3":"status-publish","4":"format-standard","5":"has-post-thumbnail","7":"category-talous","8":"tag-business","9":"tag-economy","10":"tag-fi","11":"tag-finland","12":"tag-finnish","13":"tag-satakunnan-kansa","14":"tag-suomi","15":"tag-talous"},"share_on_mastodon":{"url":"https:\/\/pubeurope.com\/@fi\/115713611333094981","error":""},"_links":{"self":[{"href":"https:\/\/www.europesays.com\/fi\/wp-json\/wp\/v2\/posts\/115525","targetHints":{"allow":["GET"]}}],"collection":[{"href":"https:\/\/www.europesays.com\/fi\/wp-json\/wp\/v2\/posts"}],"about":[{"href":"https:\/\/www.europesays.com\/fi\/wp-json\/wp\/v2\/types\/post"}],"author":[{"embeddable":true,"href":"https:\/\/www.europesays.com\/fi\/wp-json\/wp\/v2\/users\/2"}],"replies":[{"embeddable":true,"href":"https:\/\/www.europesays.com\/fi\/wp-json\/wp\/v2\/comments?post=115525"}],"version-history":[{"count":0,"href":"https:\/\/www.europesays.com\/fi\/wp-json\/wp\/v2\/posts\/115525\/revisions"}],"wp:featuredmedia":[{"embeddable":true,"href":"https:\/\/www.europesays.com\/fi\/wp-json\/wp\/v2\/media\/115526"}],"wp:attachment":[{"href":"https:\/\/www.europesays.com\/fi\/wp-json\/wp\/v2\/media?parent=115525"}],"wp:term":[{"taxonomy":"category","embeddable":true,"href":"https:\/\/www.europesays.com\/fi\/wp-json\/wp\/v2\/categories?post=115525"},{"taxonomy":"post_tag","embeddable":true,"href":"https:\/\/www.europesays.com\/fi\/wp-json\/wp\/v2\/tags?post=115525"}],"curies":[{"name":"wp","href":"https:\/\/api.w.org\/{rel}","templated":true}]}}