{"id":115527,"date":"2025-12-13T18:12:12","date_gmt":"2025-12-13T18:12:12","guid":{"rendered":"https:\/\/www.europesays.com\/fi\/115527\/"},"modified":"2025-12-13T18:12:12","modified_gmt":"2025-12-13T18:12:12","slug":"stubb-on-oikeassa-taman-takia-rauha-on-mahdollinen","status":"publish","type":"post","link":"https:\/\/www.europesays.com\/fi\/115527\/","title":{"rendered":"Stubb on oikeassa \u2013 T\u00e4m\u00e4n takia rauha on mahdollinen"},"content":{"rendered":"<p><a href=\"https:\/\/www.iltalehti.fi\/kirjoittajat\/Heikki Mulari\" class=\"article-description-pov-author\" rel=\"nofollow noopener\" target=\"_blank\"><\/p>\n<p>Heikki Mulari<\/p>\n<p><img decoding=\"async\" class=\"author-image\" src=\"https:\/\/www.europesays.com\/fi\/wp-content\/uploads\/2025\/08\/55057cf5d20fc97d46973cf4cbfa3ce4973d5dfc784fb6d41cb681e85f85d2a1.png\" alt=\"\"\/><\/a><\/p>\n<p>Alexander Stubbin varovainen optimismi Ukrainan rauhanneuvotteluiden suhteen on realismia, kirjoittaa Iltalehden ulkomaantoimittaja Heikki Mulari.<\/p>\n<p>T\u00e4n\u00e4\u00e4n klo 19:24<\/p>\n<p><img decoding=\"async\" class=\"image image-show image-preview\" src=\"https:\/\/www.europesays.com\/fi\/wp-content\/uploads\/2025\/12\/8e0f4052a568f43d11365b6811dd5cf5c912ec820486156bb0fb45cd89b8e2b8.jpg\" alt=\"\"\/><img decoding=\"async\" class=\"image image-show\" src=\"https:\/\/www.europesays.com\/fi\/wp-content\/uploads\/2025\/12\/1765649532_374_8e0f4052a568f43d11365b6811dd5cf5c912ec820486156bb0fb45cd89b8e2b8.jpg\" alt=\"\"\/><\/p>\n<p>Alexander Stubb valtiovierailulla Alankomaissa 12. joulukuuta. Elle Laitila<\/p>\n<p class=\"paragraph\">Tasavallan presidentti <a href=\"https:\/\/www.iltalehti.fi\/henkilot\/Alexander Stubb\" class=\"article-link-person-page\" rel=\"nofollow noopener\" target=\"_blank\">Alexander Stubbin<\/a> mukaan rauha Ukrainassa on t\u00e4ll\u00e4 hetkell\u00e4 l\u00e4hemp\u00e4n\u00e4 kuin koskaan sodan aikana.<\/p>\n<p class=\"paragraph\">Marraskuun puoliv\u00e4list\u00e4 l\u00e4htien eli siit\u00e4 hetkest\u00e4, kun Yhdysvaltain 28-kohtainen ehdotus rauhaksi ponnahti julkisuuteen, Ukrainan rauhanponnisteluiden vauhti on kiihtynyt selv\u00e4sti.<\/p>\n<p class=\"paragraph\">Suunnitelma on viimeisimpien tietojen mukaan pienentynyt 20-kohtaiseksi. Stubb sanoi suomalaismedioille Alankomaiden valtiovierailunsa j\u00e4lkeen, ett\u00e4 Ukrainan, Yhdysvaltojen ja Euroopan tavoitteena on p\u00e4\u00e4st\u00e4 jonkinlaiseen ratkaisuun ennen joulua.<\/p>\n<p class=\"paragraph\">Rauhansuunnitelman lis\u00e4ksi neuvottelut koskevat t\u00e4ll\u00e4 hetkell\u00e4 Ukrainan tarvitsemia turvallisuustakuita ja j\u00e4lleenrakennusta.<\/p>\n<p class=\"paragraph\">Stubb ja muut Euroopan johtajat kokoontuvat maanantaina Berliiniin keskustelemaan viimeisimmist\u00e4 k\u00e4\u00e4nteist\u00e4 rauhanprosessissa. My\u00f6s Ukrainan presidentti <a href=\"https:\/\/www.iltalehti.fi\/henkilot\/Volodymyr Zelenskyi\" class=\"article-link-person-page\" rel=\"nofollow noopener\" target=\"_blank\">Volodymyr Zelenskyi<\/a> ottaa osaa neuvotteluihin.<\/p>\n<p class=\"paragraph\">Yksi on kuitenkin varmuudella poissa, nimitt\u00e4in Yhdysvaltain presidentti <a href=\"https:\/\/www.iltalehti.fi\/henkilot\/Donald Trump\" class=\"article-link-person-page\" rel=\"nofollow noopener\" target=\"_blank\">Donald Trump<\/a>. Trumpin sijaan Saksan p\u00e4\u00e4kaupunkiin matkaa h\u00e4nen luottomiehens\u00e4 <a href=\"https:\/\/www.iltalehti.fi\/henkilot\/Steve Witkoff\" class=\"article-link-person-page\" rel=\"nofollow noopener\" target=\"_blank\">Steve Witkoff<\/a>, joka on viime aikoina noussut eritt\u00e4in isoon rooliin Trumpin hallinnossa.<\/p>\n<p class=\"paragraph\">Valkoisen talon mukaan Trump on \u201deritt\u00e4in turhautunut\u201d sek\u00e4 Ukrainaan ett\u00e4 Ven\u00e4j\u00e4\u00e4n rauhanprosessin takkuilemisesta, mutta tosiasiassa tilanne n\u00e4ytt\u00e4\u00e4 edelleen silt\u00e4, ett\u00e4 ainoastaan Ukrainaa painostetaan lopettamaan sota.<\/p>\n<p class=\"paragraph\">Trumpin kasvavasta turhautumisesta <a href=\"https:\/\/www.iltalehti.fi\/ulkomaat\/bad90d1a-6e54-460f-a0b7-ec86464d62e7\" rel=\"nofollow noopener\" target=\"_blank\">saatiin n\u00e4yte<\/a> aiemmin viikolla, kun h\u00e4n lytt\u00e4si Euroopan johtajat verkkolehti Politicon <a href=\"https:\/\/www.politico.com\/news\/2025\/12\/09\/donald-trump-full-interview-transcript-00681693?nid=0000014f-1646-d88f-a1cf-5f46b7bd0000&amp;nname=playbook&amp;nrid=0000014c-2414-d9dd-a5ec-34bc52750000\" target=\"_blank\" rel=\"noopener nofollow\">haastattelussa<\/a>.<\/p>\n<p class=\"paragraph\">Trumpin mukaan Euroopan maat ovat pahasti rappiolla ja niit\u00e4 johtavat heikot ihmiset. V\u00e4hemm\u00e4n yll\u00e4tt\u00e4en Trump ei kritisoi Ven\u00e4j\u00e4\u00e4 ja <a href=\"https:\/\/www.iltalehti.fi\/henkilot\/Vladimir Putin\" class=\"article-link-person-page\" rel=\"nofollow noopener\" target=\"_blank\">Vladimir Putinia<\/a> sanallakaan.<\/p>\n<p class=\"paragraph\">Trump ei mainitse Ven\u00e4j\u00e4n hy\u00f6kk\u00e4yst\u00e4, sotarikoksia tai miehityst\u00e4, vaan puhuu Moskovasta rationaalisena ja v\u00e4ist\u00e4m\u00e4tt\u00e4 vahvempana osapuolena. Trump maalaa kuvaa, jossa vastuu sodasta ja sen pitkittymisest\u00e4 sys\u00e4t\u00e4\u00e4n t\u00e4ysin Euroopan ja Ukrainan harteille.<\/p>\n<p class=\"paragraph\">Erityisesti Zelenskyi saa Trumpilta runsaasti rapaa niskaansa, sill\u00e4 h\u00e4nen mukaansa Ukraina on jo h\u00e4vi\u00e4m\u00e4ss\u00e4 sotaa, sen armeija on uupunut ja Zelenskyi el\u00e4ttelee ep\u00e4realistisia toiveita.<\/p>\n<p class=\"paragraph\">Trump v\u00e4h\u00e4ttelee Ukrainan mahdollisuuksia palauttaa Ven\u00e4j\u00e4n miehitt\u00e4mi\u00e4 alueita ja vihjaa, ett\u00e4 Kiovan pit\u00e4isi alkaa \u201dhyv\u00e4ksy\u00e4 asioita\u201d. H\u00e4n my\u00f6s antaa ymm\u00e4rt\u00e4\u00e4, ett\u00e4 rauhan suurin este l\u00f6ytyy Kiovan suunnasta, ei Moskovasta.<\/p>\n<p class=\"paragraph\">Ilmeist\u00e4 on, ett\u00e4 Trump odotti Zelenskyilt\u00e4 nopeampaa my\u00f6ntyvyytt\u00e4 Yhdysvaltain alkuper\u00e4iseen 28-kohtaiseen rauhanluonnokseen, joka oli l\u00e4hes t\u00e4ysin Ven\u00e4j\u00e4n toiveiden mukainen.<\/p>\n<p class=\"paragraph\">Presidentti Stubb kuitenkin toistaa viesti\u00e4, ett\u00e4 rauha on l\u00e4hemp\u00e4n\u00e4 kuin koskaan. Siihen on l\u00f6ydett\u00e4viss\u00e4 presidentin tavaramerkiksi muodostuneeseen tapaan ainakin kolme pointtia:<\/p>\n<p class=\"paragraph\">Ensinn\u00e4kin, Trumpin 28-kohtainen luonnos oli Ukrainalle mahdoton hyv\u00e4ksy\u00e4, mutta sen vuotaminen pakotti kaikki osapuolet liikkeelle. Sen my\u00f6t\u00e4 Ukraina, EU ja Yhdysvallat ovat olleet yhteydess\u00e4 p\u00e4ivitt\u00e4in, ja prosessi on nyt nopeampi kuin kertaakaan aiemmin.<\/p>\n<p class=\"paragraph\">Toiseksi, Ven\u00e4j\u00e4n asema ei ole niin vahva kuin Trump antaa ymm\u00e4rt\u00e4\u00e4. Vaikka sill\u00e4 on rintamalla kiistaton ylivoima, Putinin joukkojen eteneminen on tuskallisen hidasta ja \u00e4\u00e4rimm\u00e4isen kuluttavaa.<\/p>\n<p class=\"paragraph\">Kremlin vakuutteluista huolimatta Ven\u00e4j\u00e4n <a href=\"https:\/\/www.iltalehti.fi\/ulkomaat\/fb27edde-6241-442e-932f-58b9f9b56c91\" rel=\"nofollow noopener\" target=\"_blank\">talousongelmat pahenevat<\/a> ja <a href=\"https:\/\/www.iltalehti.fi\/ulkomaat\/240eea51-dde6-4b84-94f0-0b407f6981d3\" rel=\"nofollow noopener\" target=\"_blank\">pakotteet purevat<\/a>, etenkin sen j\u00e4lkeen, kun Yhdysvaltain sanktiot Rosnefti\u00e4 ja Lukoilia vastaan astuivat voimaan marraskuussa.<\/p>\n<p class=\"paragraph\">My\u00f6s l\u00e4nnen j\u00e4\u00e4dytt\u00e4m\u00e4t satojen miljardien eurojen ven\u00e4l\u00e4isvarat ovat <a href=\"https:\/\/www.iltalehti.fi\/ulkomaat\/6b002dd1-632b-4cd1-bbdf-a9c3a582a818\" rel=\"nofollow noopener\" target=\"_blank\">mahdollisesti viimeinkin muuttumassa<\/a> oikeaksi vipuvarreksi, jota voidaan k\u00e4ytt\u00e4\u00e4 Ukrainan hyv\u00e4ksi.<\/p>\n<p class=\"paragraph\">EU:n j\u00e4senmaat sopivat perjantaina j\u00e4\u00e4dytt\u00e4v\u00e4ns\u00e4 noin 210 miljardin dollarin edest\u00e4 Ven\u00e4j\u00e4n varoja niin pitk\u00e4ksi aikaa kuin on tarpeen, kun aiemmin varojen j\u00e4\u00e4dytyksest\u00e4 piti \u00e4\u00e4nest\u00e4\u00e4 uudelleen puolen vuoden v\u00e4lein.<\/p>\n<p class=\"paragraph\">Kolmanneksi, Trumpin viimeisin purkaus on johtanut siihen, ett\u00e4 Ukrainaa tukevien Euroopan maiden p\u00e4\u00e4kaupungeissa n\u00e4ytet\u00e4\u00e4n her\u00e4nneen siihen, ett\u00e4 rauhanprosessissa tekoja ei pid\u00e4 odottaa Washingtonista.<\/p>\n<p class=\"paragraph\">Vaikka Yhdysvaltojen rooli turvatakuiden antamiseksi Ukrainalle on v\u00e4ltt\u00e4m\u00e4t\u00f6n, Euroopan on kyett\u00e4v\u00e4 uskottavasti t\u00e4ydent\u00e4m\u00e4\u00e4n niit\u00e4 omalla poliittisella ja taloudellisella painoarvollaan.<\/p>\n<p class=\"paragraph\">Mik\u00e4li Stubbin sanat jonkinlaisesta ratkaisusta jouluksi toteutuvat, maanantain Berliinin-kokouksen on pakko tuottaa muutakin kuin juhlapuheita.<\/p>\n","protected":false},"excerpt":{"rendered":"Heikki Mulari Alexander Stubbin varovainen optimismi Ukrainan rauhanneuvotteluiden suhteen on realismia, kirjoittaa Iltalehden ulkomaantoimittaja Heikki Mulari. T\u00e4n\u00e4\u00e4n klo&hellip;\n","protected":false},"author":2,"featured_media":115528,"comment_status":"","ping_status":"","sticky":false,"template":"","format":"standard","meta":{"footnotes":""},"categories":[14],"tags":[35,22,23,26,27,33,31,30,17,24,25,28,29,15,18,21,142,637,144,886,32,19,20,56,16,638,59,60,61],"class_list":{"0":"post-115527","1":"post","2":"type-post","3":"status-publish","4":"format-standard","5":"has-post-thumbnail","7":"category-ulkomaat","8":"tag-24h","9":"tag-breaking-news","10":"tag-breakingnews","11":"tag-featured-news","12":"tag-featurednews","13":"tag-fi","14":"tag-finland","15":"tag-finnish","16":"tag-headlines","17":"tag-latest-news","18":"tag-latestnews","19":"tag-main-news","20":"tag-mainnews","21":"tag-news","22":"tag-otsikot","23":"tag-paauutiset","24":"tag-poliitikot","25":"tag-politiikka","26":"tag-presidentti","27":"tag-puolueet","28":"tag-suomi","29":"tag-top-stories","30":"tag-topstories","31":"tag-ulkomaat","32":"tag-uutiset","33":"tag-valtiovalta","34":"tag-world","35":"tag-world-news","36":"tag-worldnews"},"share_on_mastodon":{"url":"https:\/\/pubeurope.com\/@fi\/115713615716464107","error":""},"_links":{"self":[{"href":"https:\/\/www.europesays.com\/fi\/wp-json\/wp\/v2\/posts\/115527","targetHints":{"allow":["GET"]}}],"collection":[{"href":"https:\/\/www.europesays.com\/fi\/wp-json\/wp\/v2\/posts"}],"about":[{"href":"https:\/\/www.europesays.com\/fi\/wp-json\/wp\/v2\/types\/post"}],"author":[{"embeddable":true,"href":"https:\/\/www.europesays.com\/fi\/wp-json\/wp\/v2\/users\/2"}],"replies":[{"embeddable":true,"href":"https:\/\/www.europesays.com\/fi\/wp-json\/wp\/v2\/comments?post=115527"}],"version-history":[{"count":0,"href":"https:\/\/www.europesays.com\/fi\/wp-json\/wp\/v2\/posts\/115527\/revisions"}],"wp:featuredmedia":[{"embeddable":true,"href":"https:\/\/www.europesays.com\/fi\/wp-json\/wp\/v2\/media\/115528"}],"wp:attachment":[{"href":"https:\/\/www.europesays.com\/fi\/wp-json\/wp\/v2\/media?parent=115527"}],"wp:term":[{"taxonomy":"category","embeddable":true,"href":"https:\/\/www.europesays.com\/fi\/wp-json\/wp\/v2\/categories?post=115527"},{"taxonomy":"post_tag","embeddable":true,"href":"https:\/\/www.europesays.com\/fi\/wp-json\/wp\/v2\/tags?post=115527"}],"curies":[{"name":"wp","href":"https:\/\/api.w.org\/{rel}","templated":true}]}}