{"id":115537,"date":"2025-12-13T18:27:14","date_gmt":"2025-12-13T18:27:14","guid":{"rendered":"https:\/\/www.europesays.com\/fi\/115537\/"},"modified":"2025-12-13T18:27:14","modified_gmt":"2025-12-13T18:27:14","slug":"satu-mannisen-romaanin-lahtokohtana-ovat-frida-kahlon-maalaukset","status":"publish","type":"post","link":"https:\/\/www.europesays.com\/fi\/115537\/","title":{"rendered":"Satu Mannisen romaanin l\u00e4ht\u00f6kohtana ovat Frida Kahlon maalaukset"},"content":{"rendered":"<p>Kirja-arvio|Satu Mannisen teoksen p\u00e4\u00e4henkil\u00f6 haluaa maalata itsens\u00e4 n\u00e4kyv\u00e4ksi, kirkkain v\u00e4rein ja rohkeasti.<\/p>\n<p class=\"article-body mb-nof-24 px-nof-16\">Romaani<\/p>\n<p class=\"article-body mb-nof-24 px-nof-16\">Satu Manninen: Kaktuksen hedelm\u00e4t. Gummerus. 149 s.<\/p>\n<p class=\"article-body mb-nof-24 px-nof-16\">\u201dTunsin itseni yksin\u00e4iseksi ja janosin rakkautta\u201d, kirjoittaa runoilija-valokuvaaja <a class=\"article-personlink\" href=\"https:\/\/www.hs.fi\/haku\/?query=Satu%20Manninen\" rel=\"nofollow noopener\" target=\"_blank\">Satu Manninen<\/a> ensimm\u00e4isess\u00e4 romaanissaan Kaktuksen hedelm\u00e4t. Lakonisesta toteamuksesta huolimatta teos on kaunokirjallisuutta l\u00f6per\u00f6sti kirjoitettuihin terapiatarinoihin verrattuna.<\/p>\n","protected":false},"excerpt":{"rendered":"Kirja-arvio|Satu Mannisen teoksen p\u00e4\u00e4henkil\u00f6 haluaa maalata itsens\u00e4 n\u00e4kyv\u00e4ksi, kirkkain v\u00e4rein ja rohkeasti. Romaani Satu Manninen: Kaktuksen hedelm\u00e4t. Gummerus.&hellip;\n","protected":false},"author":2,"featured_media":115538,"comment_status":"","ping_status":"","sticky":false,"template":"","format":"standard","meta":{"footnotes":""},"categories":[135],"tags":[389,387,388,390,137,33,31,30,46,32,394,393,391,392,109],"class_list":{"0":"post-115537","1":"post","2":"type-post","3":"status-publish","4":"format-standard","5":"has-post-thumbnail","7":"category-taiteet-ja-suunnittelu","8":"tag-arts","9":"tag-arts-and-design","10":"tag-artsanddesign","11":"tag-design","12":"tag-entertainment","13":"tag-fi","14":"tag-finland","15":"tag-finnish","16":"tag-helsingin-sanomat","17":"tag-suomi","18":"tag-suunnittelu","19":"tag-taiteet","20":"tag-taiteet-ja-suunnittelu","21":"tag-taiteetsuunnittelu","22":"tag-viihde"},"share_on_mastodon":{"url":"https:\/\/pubeurope.com\/@fi\/115713674034690620","error":""},"_links":{"self":[{"href":"https:\/\/www.europesays.com\/fi\/wp-json\/wp\/v2\/posts\/115537","targetHints":{"allow":["GET"]}}],"collection":[{"href":"https:\/\/www.europesays.com\/fi\/wp-json\/wp\/v2\/posts"}],"about":[{"href":"https:\/\/www.europesays.com\/fi\/wp-json\/wp\/v2\/types\/post"}],"author":[{"embeddable":true,"href":"https:\/\/www.europesays.com\/fi\/wp-json\/wp\/v2\/users\/2"}],"replies":[{"embeddable":true,"href":"https:\/\/www.europesays.com\/fi\/wp-json\/wp\/v2\/comments?post=115537"}],"version-history":[{"count":0,"href":"https:\/\/www.europesays.com\/fi\/wp-json\/wp\/v2\/posts\/115537\/revisions"}],"wp:featuredmedia":[{"embeddable":true,"href":"https:\/\/www.europesays.com\/fi\/wp-json\/wp\/v2\/media\/115538"}],"wp:attachment":[{"href":"https:\/\/www.europesays.com\/fi\/wp-json\/wp\/v2\/media?parent=115537"}],"wp:term":[{"taxonomy":"category","embeddable":true,"href":"https:\/\/www.europesays.com\/fi\/wp-json\/wp\/v2\/categories?post=115537"},{"taxonomy":"post_tag","embeddable":true,"href":"https:\/\/www.europesays.com\/fi\/wp-json\/wp\/v2\/tags?post=115537"}],"curies":[{"name":"wp","href":"https:\/\/api.w.org\/{rel}","templated":true}]}}