{"id":115552,"date":"2025-12-13T18:53:14","date_gmt":"2025-12-13T18:53:14","guid":{"rendered":"https:\/\/www.europesays.com\/fi\/115552\/"},"modified":"2025-12-13T18:53:14","modified_gmt":"2025-12-13T18:53:14","slug":"menot-galleriassa-esilla-valokuvanayttely-sota-ajan-taisteluista-ja-arjen-askareista","status":"publish","type":"post","link":"https:\/\/www.europesays.com\/fi\/115552\/","title":{"rendered":"Menot: Galleriassa esill\u00e4 valokuvan\u00e4yttely sota-ajan taisteluista ja arjen askareista"},"content":{"rendered":"<p>                                  Ajankohtaista<\/p>\n<p>                <img loading=\"lazy\" decoding=\"async\" itemprop=\"contentUrl\" class=\"figure-img img-fluid\"  src=\"https:\/\/www.europesays.com\/fi\/wp-content\/uploads\/2025\/12\/1765651993_599_imengine.public.prod.hil.infomaker.io\" width=\"6000\" height=\"4000\"  alt=\"\"\/><\/p>\n<p>                                    Missio galleriassa muistellaan sotahistoriaa.<br \/>\n                                                    Kuva:<br \/>\n                    Mari Tikkunen<\/p>\n<p>      MAINOS &#8211; juttu jatkuu mainoksen j\u00e4lkeen<\/p>\n<p>      MAINOS &#8211; mainos p\u00e4\u00e4ttyy<\/p>\n<p class=\"ew-body\">Sotkamon galleriatilassa Missio Galleriassa on tammikuun loppuun asti esill\u00e4 n\u00e4yttely Rukaj\u00e4rventiest\u00e4. Harvinaiset ja ainutlaatuiset kuvat ovat lainassa Kiuruvedelt\u00e4 Rukaj\u00e4rven suunnan historiayhdistyksen n\u00e4yttelytilasta.<\/p>\n<p class=\"ew-body\">Kuvissa on esill\u00e4 sodank\u00e4ynnin tapahtumia jatkosodan ajalta. Lis\u00e4ksi kuvissa n<\/p>\n<p>  <a class=\"btn btn-secondary btn-icon-left\" href=\"#coral_thread\"><br \/>\n    <img decoding=\"async\" src=\"https:\/\/www.sotkamolehti.fi\/wp-content\/themes\/hilla-theme\/assets\/img\/icon_comments.svg\" alt=\"\"\/><br \/>\n    Kommentoi<br \/>\n    \u00a0(0)<br \/>\n  <\/a><\/p>\n<p>  <a class=\"btn btn-secondary btn-icon-left mailto_web\" href=\"mailto:toimitus@sotkamolehti.fi?subject=Ilmoita%20asiavirheest%C3%A4&amp;body=Otsikko%3A%20Menot%3A%20Galleriassa%20esill%C3%A4%20valokuvan%C3%A4yttely%20sota-ajan%20taisteluista%20ja%20arjen%20askareista%0AUuid%3A%20ccf76589-2f8f-4dea-bb4c-5f556ce7f9a8%0AUrl%3A%20https%3A%2F%2Fwww.sotkamolehti.fi%2Fartikkeli%2Fmenot-galleriassa-esilla-valokuvanayttely-sota-ajan-taisteluista-ja-arjen-askareista\"><br \/>\n    <img decoding=\"async\" src=\"https:\/\/www.sotkamolehti.fi\/wp-content\/themes\/hilla-theme\/assets\/img\/icon_feedback.svg\" alt=\"\"\/><br \/>\n    Ilmoita asiavirheest\u00e4<br \/>\n  <\/a><\/p>\n","protected":false},"excerpt":{"rendered":"Ajankohtaista Missio galleriassa muistellaan sotahistoriaa. Kuva: Mari Tikkunen MAINOS &#8211; juttu jatkuu mainoksen j\u00e4lkeen MAINOS &#8211; mainos p\u00e4\u00e4ttyy&hellip;\n","protected":false},"author":2,"featured_media":115553,"comment_status":"","ping_status":"","sticky":false,"template":"","format":"standard","meta":{"footnotes":""},"categories":[135],"tags":[389,387,388,390,137,33,31,30,32,394,393,391,392,109],"class_list":{"0":"post-115552","1":"post","2":"type-post","3":"status-publish","4":"format-standard","5":"has-post-thumbnail","7":"category-taiteet-ja-suunnittelu","8":"tag-arts","9":"tag-arts-and-design","10":"tag-artsanddesign","11":"tag-design","12":"tag-entertainment","13":"tag-fi","14":"tag-finland","15":"tag-finnish","16":"tag-suomi","17":"tag-suunnittelu","18":"tag-taiteet","19":"tag-taiteet-ja-suunnittelu","20":"tag-taiteetsuunnittelu","21":"tag-viihde"},"share_on_mastodon":{"url":"https:\/\/pubeurope.com\/@fi\/115713776720671049","error":""},"_links":{"self":[{"href":"https:\/\/www.europesays.com\/fi\/wp-json\/wp\/v2\/posts\/115552","targetHints":{"allow":["GET"]}}],"collection":[{"href":"https:\/\/www.europesays.com\/fi\/wp-json\/wp\/v2\/posts"}],"about":[{"href":"https:\/\/www.europesays.com\/fi\/wp-json\/wp\/v2\/types\/post"}],"author":[{"embeddable":true,"href":"https:\/\/www.europesays.com\/fi\/wp-json\/wp\/v2\/users\/2"}],"replies":[{"embeddable":true,"href":"https:\/\/www.europesays.com\/fi\/wp-json\/wp\/v2\/comments?post=115552"}],"version-history":[{"count":0,"href":"https:\/\/www.europesays.com\/fi\/wp-json\/wp\/v2\/posts\/115552\/revisions"}],"wp:featuredmedia":[{"embeddable":true,"href":"https:\/\/www.europesays.com\/fi\/wp-json\/wp\/v2\/media\/115553"}],"wp:attachment":[{"href":"https:\/\/www.europesays.com\/fi\/wp-json\/wp\/v2\/media?parent=115552"}],"wp:term":[{"taxonomy":"category","embeddable":true,"href":"https:\/\/www.europesays.com\/fi\/wp-json\/wp\/v2\/categories?post=115552"},{"taxonomy":"post_tag","embeddable":true,"href":"https:\/\/www.europesays.com\/fi\/wp-json\/wp\/v2\/tags?post=115552"}],"curies":[{"name":"wp","href":"https:\/\/api.w.org\/{rel}","templated":true}]}}