{"id":115558,"date":"2025-12-13T19:00:09","date_gmt":"2025-12-13T19:00:09","guid":{"rendered":"https:\/\/www.europesays.com\/fi\/115558\/"},"modified":"2025-12-13T19:00:09","modified_gmt":"2025-12-13T19:00:09","slug":"il-senen-veljeksilla-ongelmia-palavan-auton-kanssa-savo","status":"publish","type":"post","link":"https:\/\/www.europesays.com\/fi\/115558\/","title":{"rendered":"IL: Senen veljeksill\u00e4 ongelmia palavan auton kanssa | Savo"},"content":{"rendered":"<p>Siilinj\u00e4rvel\u00e4isl\u00e4ht\u00f6isill\u00e4 Senen veljeksill\u00e4 oli lauantaina ongelmia autonsa kanssa, uutisoi <a href=\"https:\/\/www.iltalehti.fi\/viihdeuutiset\/a\/fe78b0b1-5348-4705-8463-744c0eaa530a\" rel=\"nofollow noopener\" target=\"_blank\">Iltalehti<\/a>.<\/p>\n<p>Veljeksist\u00e4 <strong>Robin<\/strong> ja <strong>Adilio<\/strong> julkaisivat Instagram-tiliens\u00e4 tarinat-osiossa kuvia palavasta autosta.<\/p>\n<p>\u2013\u2009Tarvittas kyyti Vierum\u00e4en Nesteelt\u00e4 Kuopioon, ensimm\u00e4isess\u00e4 kuvassa kerrottiin.<\/p>\n<p>Toisessa kuvassa pelastuslaitos on sammuttamassa autopaloa.<\/p>\n<p>\u2013\u2009Meill\u00e4 kaikki hyvin, kuvassa kirjoitettiin.<\/p>\n<p><a href=\"https:\/\/www.iltalehti.fi\/kotimaa\/a\/f97e8345-3a8c-4d74-afcb-a486d00be5fd\" rel=\"nofollow noopener\" target=\"_blank\">Iltalehti<\/a> uutisoi lauantaina BMW-merkkisen henkil\u00f6auton palosta Vierum\u00e4en Matkakeitaan parkkipaikalla. Senen veljesten julkaisuista ei suoraan ilmene, ett\u00e4 auto olisi heid\u00e4n, mutta julkaisut viittaavat siihen, Iltalehti arvioi.<\/p>\n<p>P\u00e4ij\u00e4t-H\u00e4meen pelastuslaitokselta kerrottiin Iltalehdelle, ett\u00e4 palosta ei aiheutunut henkil\u00f6vahinkoja. Auton syttymissyy ei ollut viel\u00e4 lauantaina iltap\u00e4iv\u00e4ll\u00e4 selvill\u00e4.<\/p>\n<p>Robin ja Adilio ovat osa Senen sisaruskatrasta, johon kuuluvat my\u00f6s laulaja <strong>Isaac<\/strong>, r\u00e4pp\u00e4ri <strong>Max<\/strong>, <strong>Lucas<\/strong> ja sisko <strong>Sofia<\/strong>. Robin ja Adilio luovat my\u00f6s uraa r\u00e4pp\u00e4rein\u00e4.<\/p>\n","protected":false},"excerpt":{"rendered":"Siilinj\u00e4rvel\u00e4isl\u00e4ht\u00f6isill\u00e4 Senen veljeksill\u00e4 oli lauantaina ongelmia autonsa kanssa, uutisoi Iltalehti. Veljeksist\u00e4 Robin ja Adilio julkaisivat Instagram-tiliens\u00e4 tarinat-osiossa kuvia&hellip;\n","protected":false},"author":2,"featured_media":115559,"comment_status":"","ping_status":"","sticky":false,"template":"","format":"standard","meta":{"footnotes":""},"categories":[130],"tags":[648,137,33,31,30,2675,1132,121,47,3819,32,128,109],"class_list":{"0":"post-115558","1":"post","2":"type-post","3":"status-publish","4":"format-standard","5":"has-post-thumbnail","7":"category-viihde","8":"tag-autot","9":"tag-entertainment","10":"tag-fi","11":"tag-finland","12":"tag-finnish","13":"tag-instagram","14":"tag-kuopio","15":"tag-liikenne-ja-kuljetus","16":"tag-musiikki","17":"tag-siilinjarvi","18":"tag-suomi","19":"tag-tieliikenne","20":"tag-viihde"},"share_on_mastodon":{"url":"https:\/\/pubeurope.com\/@fi\/115713803874099435","error":""},"_links":{"self":[{"href":"https:\/\/www.europesays.com\/fi\/wp-json\/wp\/v2\/posts\/115558","targetHints":{"allow":["GET"]}}],"collection":[{"href":"https:\/\/www.europesays.com\/fi\/wp-json\/wp\/v2\/posts"}],"about":[{"href":"https:\/\/www.europesays.com\/fi\/wp-json\/wp\/v2\/types\/post"}],"author":[{"embeddable":true,"href":"https:\/\/www.europesays.com\/fi\/wp-json\/wp\/v2\/users\/2"}],"replies":[{"embeddable":true,"href":"https:\/\/www.europesays.com\/fi\/wp-json\/wp\/v2\/comments?post=115558"}],"version-history":[{"count":0,"href":"https:\/\/www.europesays.com\/fi\/wp-json\/wp\/v2\/posts\/115558\/revisions"}],"wp:featuredmedia":[{"embeddable":true,"href":"https:\/\/www.europesays.com\/fi\/wp-json\/wp\/v2\/media\/115559"}],"wp:attachment":[{"href":"https:\/\/www.europesays.com\/fi\/wp-json\/wp\/v2\/media?parent=115558"}],"wp:term":[{"taxonomy":"category","embeddable":true,"href":"https:\/\/www.europesays.com\/fi\/wp-json\/wp\/v2\/categories?post=115558"},{"taxonomy":"post_tag","embeddable":true,"href":"https:\/\/www.europesays.com\/fi\/wp-json\/wp\/v2\/tags?post=115558"}],"curies":[{"name":"wp","href":"https:\/\/api.w.org\/{rel}","templated":true}]}}