{"id":115562,"date":"2025-12-13T19:03:09","date_gmt":"2025-12-13T19:03:09","guid":{"rendered":"https:\/\/www.europesays.com\/fi\/115562\/"},"modified":"2025-12-13T19:03:09","modified_gmt":"2025-12-13T19:03:09","slug":"volkswagen-suunnittelee-polttomoottorilla-varustettujen-sahkoautojen-tuomista-eurooppaan","status":"publish","type":"post","link":"https:\/\/www.europesays.com\/fi\/115562\/","title":{"rendered":"Volkswagen suunnittelee polttomoottorilla varustettujen s\u00e4hk\u00f6autojen tuomista Eurooppaan"},"content":{"rendered":"<p class=\"is-style-dropcap\">Volkswagen-konserni harkitsee tuovansa Euroopan ja Yhdysvaltojen markkinoille s\u00e4hk\u00f6autoja, joissa toimintamatkaa pident\u00e4\u00e4 pieni range extender -polttomoottori, kertoo <a href=\"https:\/\/www.reuters.com\/business\/retail-consumer\/volkswagen-says-demand-determine-if-range-extender-introduced-europe-us-2025-12-11\/\" rel=\"nofollow noopener\" target=\"_blank\">Reuters<\/a> ja <a href=\"https:\/\/www.autonews.com\/volkswagen\/ane-vw-range-extender-expand-outside-china-1211\" rel=\"nofollow noopener\" target=\"_blank\">Automotive News Europe<\/a>. Taustalla ovat hallitusten heikkenev\u00e4 tuki t\u00e4yss\u00e4hk\u00f6autoille sek\u00e4 kuluttajien huoli latausverkostojen kattavuudesta.<\/p>\n<p>Yhti\u00f6 selvitt\u00e4\u00e4 toimintamatkan pident\u00e4j\u00e4n lis\u00e4\u00e4mist\u00e4 suosituimpiin katumaastureihinsa ja porrasper\u00e4malleihinsa, kertovat nimett\u00f6min\u00e4 pysyttelev\u00e4t l\u00e4hteet. Kiinassa yleistynyt tekniikka ei ole viel\u00e4 laajasti saatavilla l\u00e4nsimarkkinoilla.<\/p>\n<p>Volkswagenin mukaan toimintamatkan pident\u00e4j\u00e4 on teknisesti jo sis\u00e4llytetty yhti\u00f6n tulevaan Scalable Systems Platform -pohjalevyyn. \u201dSe, tuodaanko ja milloin t\u00e4m\u00e4 teknologia Eurooppaan ja Yhdysvaltoihin, riippuu asiakaskysynn\u00e4st\u00e4\u201d, yhti\u00f6 toteaa.<\/p>\n<p>Autovalmistajat arvioivat parhaillaan uudelleen mallistrategioitaan. <a href=\"https:\/\/tekniikanmaailma.fi\/vuoden-2035-polttomoottorikielto-on-kuollut-saksalaislehti\/\" rel=\"nofollow noopener\" target=\"_blank\">Uutisoimme<\/a> aiemmin t\u00e4ll\u00e4 viikolla tiedoista, joiden mukaan Euroopan unioni h\u00f6llent\u00e4\u00e4 suunniteltua kieltoa uusien polttomoottoriautojen myynnille vuodesta 2035 alkaen.<\/p>\n<p>Toimintamatkan pident\u00e4j\u00e4ll\u00e4 varustetuissa autoissa ajoakkua voidaan ladata ajon aikana pienell\u00e4 polttomoottorilla. Voimalinjaratkaisu on yksi niist\u00e4 vaihtoehdoista, joiden sallimista EU:ssa vuoden 2035 j\u00e4lkeen Saksan liittokansleri <strong>Friedrich Merz<\/strong> on pit\u00e4nyt perusteltuna.\u00a0My\u00f6s Stellantis ja BMW tarkastelevat teknologian k\u00e4ytt\u00f6\u00f6nottoa.<\/p>\n<p>Volkswagen-konserni on jo ilmoittanut Scout-maastoautobr\u00e4ndins\u00e4 tuovan Yhdysvaltoihin toimintamatkan pident\u00e4j\u00e4ll\u00e4 varustettuja malleja. Se ei ole kuitenkaan viel\u00e4 kertonut, ottavatko konsernin p\u00e4\u00e4br\u00e4ndit Volkswagen ja Audi tekniikan k\u00e4ytt\u00f6\u00f6n l\u00e4nsimarkkinoilla. Kiinassa vastaavia malleja on tarkoitus tuoda myyntiin ensi vuonna.<\/p>\n<p>Vuoden 2025 Shanghain auton\u00e4yttelyss\u00e4 esitelty\u00a0<a href=\"https:\/\/tekniikanmaailma.fi\/id-era-vie-volkswagenin-uuteen-luokkaan-kiinassa\/\" rel=\"nofollow noopener\" target=\"_blank\">ID. Era -konseptiauto<\/a> ennakoi merkin ensimm\u00e4ist\u00e4 mallia, jossa hy\u00f6dynnet\u00e4\u00e4n toimintamatkan pident\u00e4j\u00e4\u00e4. Katumaasturikonsepti on kehitetty yhdess\u00e4 kiinalaisen kumppanin SAICin kanssa.<\/p>\n<p>Konseptissa polttoainek\u00e4ytt\u00f6inen generaattori lataa akkua ajon aikana ja tarjoaa yli 700 kilometrin lis\u00e4toimintamatkan. Kun mukaan lasketaan akulla ajettavat 300 kilometri\u00e4, kokonaiskantama nousee yli 1\u00a0000 kilometriin.<\/p>\n<p>Tilaa Tekniikan Maailman uutiskirjeet<\/p>\n<p class=\"has-text-align-center\">Tilaa TM-uutiskirje, niin pysyt ajan tasalla autoalan, teknologian ja tieteen uutisista! <\/p>\n","protected":false},"excerpt":{"rendered":"Volkswagen-konserni harkitsee tuovansa Euroopan ja Yhdysvaltojen markkinoille s\u00e4hk\u00f6autoja, joissa toimintamatkaa pident\u00e4\u00e4 pieni range extender -polttomoottori, kertoo Reuters ja&hellip;\n","protected":false},"author":2,"featured_media":115563,"comment_status":"","ping_status":"","sticky":false,"template":"","format":"standard","meta":{"footnotes":""},"categories":[76],"tags":[79,77,33,31,30,2037,32,78,7942],"class_list":{"0":"post-115562","1":"post","2":"type-post","3":"status-publish","4":"format-standard","5":"has-post-thumbnail","7":"category-talous","8":"tag-business","9":"tag-economy","10":"tag-fi","11":"tag-finland","12":"tag-finnish","13":"tag-sahkoautot","14":"tag-suomi","15":"tag-talous","16":"tag-volkswagen"},"share_on_mastodon":{"url":"https:\/\/pubeurope.com\/@fi\/115713816019139159","error":""},"_links":{"self":[{"href":"https:\/\/www.europesays.com\/fi\/wp-json\/wp\/v2\/posts\/115562","targetHints":{"allow":["GET"]}}],"collection":[{"href":"https:\/\/www.europesays.com\/fi\/wp-json\/wp\/v2\/posts"}],"about":[{"href":"https:\/\/www.europesays.com\/fi\/wp-json\/wp\/v2\/types\/post"}],"author":[{"embeddable":true,"href":"https:\/\/www.europesays.com\/fi\/wp-json\/wp\/v2\/users\/2"}],"replies":[{"embeddable":true,"href":"https:\/\/www.europesays.com\/fi\/wp-json\/wp\/v2\/comments?post=115562"}],"version-history":[{"count":0,"href":"https:\/\/www.europesays.com\/fi\/wp-json\/wp\/v2\/posts\/115562\/revisions"}],"wp:featuredmedia":[{"embeddable":true,"href":"https:\/\/www.europesays.com\/fi\/wp-json\/wp\/v2\/media\/115563"}],"wp:attachment":[{"href":"https:\/\/www.europesays.com\/fi\/wp-json\/wp\/v2\/media?parent=115562"}],"wp:term":[{"taxonomy":"category","embeddable":true,"href":"https:\/\/www.europesays.com\/fi\/wp-json\/wp\/v2\/categories?post=115562"},{"taxonomy":"post_tag","embeddable":true,"href":"https:\/\/www.europesays.com\/fi\/wp-json\/wp\/v2\/tags?post=115562"}],"curies":[{"name":"wp","href":"https:\/\/api.w.org\/{rel}","templated":true}]}}