{"id":115568,"date":"2025-12-13T19:06:12","date_gmt":"2025-12-13T19:06:12","guid":{"rendered":"https:\/\/www.europesays.com\/fi\/115568\/"},"modified":"2025-12-13T19:06:12","modified_gmt":"2025-12-13T19:06:12","slug":"isa-heitteli-vauvaa-ja-uhkasi-hirvittavilla-teoilla","status":"publish","type":"post","link":"https:\/\/www.europesays.com\/fi\/115568\/","title":{"rendered":"Is\u00e4 heitteli vauvaa ja uhkasi hirvitt\u00e4vill\u00e4 teoilla"},"content":{"rendered":"<p>\u00c4iti ja pieni vauva joutuivat is\u00e4n silmitt\u00f6m\u00e4n raivon uhreiksi.<\/p>\n<p><img decoding=\"async\" class=\"image image-show image-preview\" src=\"https:\/\/www.europesays.com\/fi\/wp-content\/uploads\/2025\/12\/fdcb6a5ec875df6733ea62413c612e6d58f14da6cee6bc7cd3546ec0d953f635.jpg\" alt=\"\"\/><img decoding=\"async\" class=\"image image-show\" src=\"https:\/\/www.europesays.com\/fi\/wp-content\/uploads\/2025\/12\/1765652772_803_fdcb6a5ec875df6733ea62413c612e6d58f14da6cee6bc7cd3546ec0d953f635.jpg\" alt=\"\"\/><\/p>\n<p>Rikokset tapahtuivat Sein\u00e4joella ja Lapualla vuosina 2020\u20132025. Jatta Lapinkangas<\/p>\n<p class=\"paragraph\">Pieni vauva joutui k\u00e4rsim\u00e4\u00e4n is\u00e4ns\u00e4 j\u00e4rkytt\u00e4v\u00e4st\u00e4 v\u00e4kivallasta l\u00e4hes syntym\u00e4st\u00e4\u00e4n saakka. Mies ravisteli pienokaista, heitteli asunnossa p\u00e4in sohvaa ja uhkasi tappaa. Is\u00e4 my\u00f6s roikotti alle vuoden ik\u00e4ist\u00e4 vauvaa p\u00e4\u00e4 alasp\u00e4in.<\/p>\n<p class=\"paragraph\">V\u00e4kivallan lis\u00e4ksi alkoholiongelmainen is\u00e4 uhkasi tappaa vauvan. H\u00e4n piti puukkoa kohti vauvaa ja uhkasi tappamisella. Toisella kertaa mies uhkasi heitt\u00e4\u00e4 vauvan lattialle ja polkea t\u00e4m\u00e4n kuoliaaksi.<\/p>\n<p class=\"paragraph\">Vauva oli t\u00e4ysin viaton sivustaseuraaja. Is\u00e4 tulistui \u00e4idille pienist\u00e4kin asioista ja riidat johtivat hirvitt\u00e4v\u00e4\u00e4n v\u00e4kivaltaan.<\/p>\n<p class=\"paragraph\">My\u00f6s \u00e4iti joutui v\u00e4kivaltaisen miehen kohteeksi. H\u00e4n pelk\u00e4si puolisoaan, mutta ei uskaltanut l\u00e4hte\u00e4 myrskyis\u00e4st\u00e4 suhteesta. V\u00e4kivaltaa oli jo ennen lapsen syntym\u00e4\u00e4.<\/p>\n<p class=\"paragraph\">Mies muun muassa puri naista k\u00e4dest\u00e4, nappasi hedelm\u00e4veitsen ja l\u00f6i sill\u00e4 puolisoaan.<\/p>\n<p>\u201dEn n\u00e4e ulosp\u00e4\u00e4sy\u00e4\u201d<\/p>\n<p class=\"paragraph\">\u00c4iti kertoi oikeudessa myrskyis\u00e4st\u00e4 ja alkoholin t\u00e4ytt\u00e4m\u00e4st\u00e4 suhteesta, jossa mies n\u00e4ytti purkavan vihaansa vauvaan.<\/p>\n<p class=\"paragraph\">\u00c4idin mukaan er\u00e4\u00e4ll\u00e4 kerralla riidan yhteydess\u00e4 mies otti turvakaukalon ja alkoi heitell\u00e4 sit\u00e4. Vauva nukkui kaukalossa. Heittelyn j\u00e4lkeen mies otti veitsen k\u00e4teens\u00e4 ja uhkasi tappaa vauvan.<\/p>\n<p class=\"paragraph\">Raivostunut is\u00e4 ei lopettanut t\u00e4h\u00e4n. H\u00e4n otti lapsen syliins\u00e4, ravisteli t\u00e4t\u00e4 ja heitti sohvalle.<\/p>\n<p class=\"paragraph\">Nainen oli avautunut myrkyllisest\u00e4 suhteesta my\u00f6s kaverilleen.<\/p>\n<p class=\"paragraph\">\u2013 Eka kertana jouduin ambulanssilla sairaalaan ku [puoliso] melkeen kuristi mut kuoliaaksi. Tyhm\u00e4n\u00e4 jatkoin suhdetta ja eilen sain puukosta, nainen kirjoitti kaverilleen syksyll\u00e4 2023, vuosi ennen vauvan syntym\u00e4\u00e4.<\/p>\n<p class=\"paragraph\">\u2013 En n\u00e4e ulosp\u00e4\u00e4sy\u00e4. N\u00e4en vain en\u00e4\u00e4 rikkin\u00e4isen ihmisen, joka rikkoo my\u00f6s mua. Ongelma on yhteinen lapsi. En uskalla erota lapsen takia, nainen viestitti vauvan syntym\u00e4n j\u00e4lkeen.<\/p>\n<p>Huusi konttaavalle vauvalle<\/p>\n<p class=\"paragraph\">V\u00e4kivalta alkoi, kun vauva oli alle kuukauden ik\u00e4inen. \u00c4iti vei vauvan l\u00e4\u00e4k\u00e4riin vasta, kun vauva oli l\u00e4hes vuoden ik\u00e4inen.<\/p>\n<p class=\"paragraph\">\u00c4idin mukaan pariskunnalla oli tuolloin ollut j\u00e4lleen riitaa. Naiselle hermostunut is\u00e4 nappasi lattialla kontanneen pienokaisen k\u00e4siins\u00e4, ravisteli t\u00e4t\u00e4 ja retuutti jalasta. Mies my\u00f6s huusi itkev\u00e4lle lapselleen ja heitti t\u00e4m\u00e4n sohvalle.<\/p>\n<p class=\"paragraph\">Raivokohtauksen j\u00e4lkeen is\u00e4 vei vauvan mukanaan. Kun \u00e4iti sai lapsen seuraavana p\u00e4iv\u00e4n\u00e4 takaisin kotiin, h\u00e4n huomasi lapsessa mustelmia.<\/p>\n<p class=\"paragraph\">\u00c4iti otti mustelmista kuvat, mutta l\u00e4\u00e4k\u00e4riin nainen meni vasta viikkoa my\u00f6hemmin.<\/p>\n<p class=\"paragraph\">Tapaus p\u00e4\u00e4tyi lopulta oikeuteen. Mies my\u00f6nsi vain osan syytteist\u00e4, mutta k\u00e4r\u00e4j\u00e4oikeus uskoi \u00e4idin kertomuksen. Sit\u00e4 tukivat my\u00f6s todistaja ja kirjalliset todisteet.<\/p>\n<p>Kuristi ja raiskasi<\/p>\n<p class=\"paragraph\">Vauva ja \u00e4iti eiv\u00e4t ole miehen ainoat uhrit. Oikeudessa k\u00e4siteltiin my\u00f6s vuosien 2020\u20132021 tapahtumia. Uhrina on t\u00e4ll\u00f6in eri henkil\u00f6.<\/p>\n<p class=\"paragraph\">Mies hakkasi uhrinsa p\u00e4\u00e4t\u00e4 kylpyhuoneen lattiaan, kuristi ja raiskasi v\u00e4kivaltaisesti. Uhrin silm\u00e4t ja kaula olivat mustelmilla hirmutekojen j\u00e4lkeen ja hampaasta lohkesi pala.<\/p>\n<p class=\"paragraph\">Tekoja oli useita vuoden sis\u00e4ll\u00e4. Viimeinen pahoinpitely ja raiskaus tapahtuivat jouluaattona 2021.<\/p>\n<p class=\"paragraph\">Etel\u00e4-Pohjanmaan k\u00e4r\u00e4j\u00e4oikeus antoi tuomionsa 10. joulukuuta. Oikeus tuomitsi t\u00e4t\u00e4 nyky\u00e4 33-vuotiaan lapualaismiehen t\u00f6rke\u00e4st\u00e4 pahoinpitelyst\u00e4, useista perusmuotoisista pahoinpitelyist\u00e4, kahdesta raiskauksesta ja laittomasta uhkauksesta vankeuteen kahdeksi vuodeksi ja seitsem\u00e4ksi kuukaudeksi.<\/p>\n<p class=\"paragraph\">Oikeus tuomitsi miehen maksamaan korvauksia lapselleen yhteens\u00e4 700 euroa kivusta, s\u00e4ryst\u00e4 ja tilap\u00e4isest\u00e4 haitasta. Lapsen \u00e4idille h\u00e4nen t\u00e4ytyy maksaa korvauksia yhteens\u00e4 4\u00a0500 euroa.<\/p>\n<p class=\"paragraph\">Kolmannelle uhrille miehen maksettavaksi m\u00e4\u00e4r\u00e4ytyi 7\u00a0200 euroa korvauksia.<\/p>\n<p class=\"paragraph\">Tuomio ei ole lainvoimainen.<\/p>\n<p class=\"paragraph\">Iltalehti ei julkaise tuomitun nime\u00e4 uhrien suojelemiseksi.<\/p>\n","protected":false},"excerpt":{"rendered":"\u00c4iti ja pieni vauva joutuivat is\u00e4n silmitt\u00f6m\u00e4n raivon uhreiksi. Rikokset tapahtuivat Sein\u00e4joella ja Lapualla vuosina 2020\u20132025. Jatta Lapinkangas&hellip;\n","protected":false},"author":2,"featured_media":115569,"comment_status":"","ping_status":"","sticky":false,"template":"","format":"standard","meta":{"footnotes":""},"categories":[5],"tags":[35,22,23,26,27,33,31,30,17,99,100,24,25,28,29,15,18,21,98,32,19,20,16,40,37],"class_list":{"0":"post-115568","1":"post","2":"type-post","3":"status-publish","4":"format-standard","5":"has-post-thumbnail","7":"category-otsikot","8":"tag-24h","9":"tag-breaking-news","10":"tag-breakingnews","11":"tag-featured-news","12":"tag-featurednews","13":"tag-fi","14":"tag-finland","15":"tag-finnish","16":"tag-headlines","17":"tag-lapset","18":"tag-lapset-ja-nuoret","19":"tag-latest-news","20":"tag-latestnews","21":"tag-main-news","22":"tag-mainnews","23":"tag-news","24":"tag-otsikot","25":"tag-paauutiset","26":"tag-perhe","27":"tag-suomi","28":"tag-top-stories","29":"tag-topstories","30":"tag-uutiset","31":"tag-vakivalta","32":"tag-vakivaltarikokset"},"share_on_mastodon":{"url":"","error":""},"_links":{"self":[{"href":"https:\/\/www.europesays.com\/fi\/wp-json\/wp\/v2\/posts\/115568","targetHints":{"allow":["GET"]}}],"collection":[{"href":"https:\/\/www.europesays.com\/fi\/wp-json\/wp\/v2\/posts"}],"about":[{"href":"https:\/\/www.europesays.com\/fi\/wp-json\/wp\/v2\/types\/post"}],"author":[{"embeddable":true,"href":"https:\/\/www.europesays.com\/fi\/wp-json\/wp\/v2\/users\/2"}],"replies":[{"embeddable":true,"href":"https:\/\/www.europesays.com\/fi\/wp-json\/wp\/v2\/comments?post=115568"}],"version-history":[{"count":0,"href":"https:\/\/www.europesays.com\/fi\/wp-json\/wp\/v2\/posts\/115568\/revisions"}],"wp:featuredmedia":[{"embeddable":true,"href":"https:\/\/www.europesays.com\/fi\/wp-json\/wp\/v2\/media\/115569"}],"wp:attachment":[{"href":"https:\/\/www.europesays.com\/fi\/wp-json\/wp\/v2\/media?parent=115568"}],"wp:term":[{"taxonomy":"category","embeddable":true,"href":"https:\/\/www.europesays.com\/fi\/wp-json\/wp\/v2\/categories?post=115568"},{"taxonomy":"post_tag","embeddable":true,"href":"https:\/\/www.europesays.com\/fi\/wp-json\/wp\/v2\/tags?post=115568"}],"curies":[{"name":"wp","href":"https:\/\/api.w.org\/{rel}","templated":true}]}}