{"id":115570,"date":"2025-12-13T19:16:13","date_gmt":"2025-12-13T19:16:13","guid":{"rendered":"https:\/\/www.europesays.com\/fi\/115570\/"},"modified":"2025-12-13T19:16:13","modified_gmt":"2025-12-13T19:16:13","slug":"dji-neo-2-dronea-voi-nyt-hallita-apple-watchista","status":"publish","type":"post","link":"https:\/\/www.europesays.com\/fi\/115570\/","title":{"rendered":"DJI Neo 2 -dronea voi nyt hallita Apple Watchista"},"content":{"rendered":"<p><img fetchpriority=\"high\" decoding=\"async\" aria-describedby=\"caption-attachment-270407\" class=\"size-full wp-image-270407\" src=\"data:image\/svg+xml,%3Csvg%20xmlns=\" http:=\"\" alt=\"\" width=\"1200\" height=\"750\" data-lazy- data-lazy- data-lazy-src=\"https:\/\/www.europesays.com\/fi\/wp-content\/uploads\/2025\/12\/dji.jpg\"\/><\/p>\n<p id=\"caption-attachment-270407\" class=\"wp-caption-text\">Apple Watch toimii nyt DJI Neo 2:n kauko-ohjaimena.<\/p>\n<p>Hiljattain esitelty\u00e4 DJI Neo 2 -kuvauskopteria voi nyt ohjastaa Applen \u00e4lykelloilla. Maksuton p\u00e4ivitys on jo julkaistu.<\/p>\n<p><a href=\"https:\/\/mobiili.fi\/2025\/10\/31\/dji-julkisti-pienikokoisen-neo-2-selfie-dronen-kiinassa-tulossa-pian-muuallekin\/\" rel=\"nofollow noopener\" target=\"_blank\">DJI esitteli marraskuussa pienikokoisen, eritoten selfie-kuvaamiseen suunnitellun Neo 2 -kopterinsa,\u00a0<\/a>joka on jo myynniss\u00e4 my\u00f6s Suomessa. Nyt kopteriin on julkaistu ohjelmistop\u00e4ivitys, jonka my\u00f6t\u00e4 sen hallinnointi onnistuu my\u00f6s Apple Watch Series 8:lla ja sit\u00e4 uudemmilla Apple-\u00e4lykelloilla sek\u00e4 Apple Watch Ultra 2:lla ja Ultra 3:lla.<\/p>\n<p>\u00c4lykello-ohjauksen saa k\u00e4ytt\u00f6\u00f6ns\u00e4 p\u00e4ivitt\u00e4m\u00e4ll\u00e4 DJI Neo 2:n ohjelmiston (v01.00.0500) sek\u00e4 DJI Fly -sovelluksen uusimpaan versioonsa (v1.19.4).<\/p>\n<p style=\"width: 98%; text-align: center; font-size:13px; border-bottom: 1px solid #C8C8C8; line-height: 0.1em; margin: 8px 1% 16px 1%;\">MAINOS (ARTIKKELI JATKUU ALLA)<\/p>\n<p>Apple Watchin kautta voi ohjastaa kopteria etenkin tilanteissa, joissa \u00e4lypuhelimen tai ohjaimen mukana kanniskelu on hankalaa, kuten py\u00f6r\u00e4ilt\u00e4ess\u00e4, DJI kuvailee. Kosketusn\u00e4yt\u00f6n ohella kopteria voi ohjata \u00e4lykellon kautta \u00e4\u00e4nikomennoin.<\/p>\n<p>Ohjastamisen ohella Apple Watchia voi k\u00e4ytt\u00e4\u00e4 et\u00e4mikrofonina videoita tallennettaessa. \u00c4\u00e4nen tallennus on ensin aktivoitava DJI Fly -sovelluksen asetuksissa.<\/p>\n<p>Mainos: <a href=\"https:\/\/hinta.fi\/?src=gPp6fX03\" target=\"_blank\" rel=\"nofollow noopener\">Noin 1 600 000 tuotteen hintavertailu ja hintaseuranta &#8211; katso Hinta.fist\u00e4 mist\u00e4 saat halvimmalla<\/a><\/p>\n","protected":false},"excerpt":{"rendered":"Apple Watch toimii nyt DJI Neo 2:n kauko-ohjaimena. Hiljattain esitelty\u00e4 DJI Neo 2 -kuvauskopteria voi nyt ohjastaa Applen&hellip;\n","protected":false},"author":2,"featured_media":115571,"comment_status":"","ping_status":"","sticky":false,"template":"","format":"standard","meta":{"footnotes":""},"categories":[86],"tags":[420,33,31,30,421,32,91,92],"class_list":{"0":"post-115570","1":"post","2":"type-post","3":"status-publish","4":"format-standard","5":"has-post-thumbnail","7":"category-laitteet","8":"tag-equipment","9":"tag-fi","10":"tag-finland","11":"tag-finnish","12":"tag-laitteet","13":"tag-suomi","14":"tag-technology","15":"tag-teknologia"},"share_on_mastodon":{"url":"https:\/\/pubeurope.com\/@fi\/115713866713960226","error":""},"_links":{"self":[{"href":"https:\/\/www.europesays.com\/fi\/wp-json\/wp\/v2\/posts\/115570","targetHints":{"allow":["GET"]}}],"collection":[{"href":"https:\/\/www.europesays.com\/fi\/wp-json\/wp\/v2\/posts"}],"about":[{"href":"https:\/\/www.europesays.com\/fi\/wp-json\/wp\/v2\/types\/post"}],"author":[{"embeddable":true,"href":"https:\/\/www.europesays.com\/fi\/wp-json\/wp\/v2\/users\/2"}],"replies":[{"embeddable":true,"href":"https:\/\/www.europesays.com\/fi\/wp-json\/wp\/v2\/comments?post=115570"}],"version-history":[{"count":0,"href":"https:\/\/www.europesays.com\/fi\/wp-json\/wp\/v2\/posts\/115570\/revisions"}],"wp:featuredmedia":[{"embeddable":true,"href":"https:\/\/www.europesays.com\/fi\/wp-json\/wp\/v2\/media\/115571"}],"wp:attachment":[{"href":"https:\/\/www.europesays.com\/fi\/wp-json\/wp\/v2\/media?parent=115570"}],"wp:term":[{"taxonomy":"category","embeddable":true,"href":"https:\/\/www.europesays.com\/fi\/wp-json\/wp\/v2\/categories?post=115570"},{"taxonomy":"post_tag","embeddable":true,"href":"https:\/\/www.europesays.com\/fi\/wp-json\/wp\/v2\/tags?post=115570"}],"curies":[{"name":"wp","href":"https:\/\/api.w.org\/{rel}","templated":true}]}}