{"id":115582,"date":"2025-12-13T19:40:13","date_gmt":"2025-12-13T19:40:13","guid":{"rendered":"https:\/\/www.europesays.com\/fi\/115582\/"},"modified":"2025-12-13T19:40:13","modified_gmt":"2025-12-13T19:40:13","slug":"sinkkuaijaa-tarjolla-aikuiset-huolissaan-turkulaisen-parturin-videoista","status":"publish","type":"post","link":"https:\/\/www.europesays.com\/fi\/115582\/","title":{"rendered":"\u201dSinkku\u00e4ij\u00e4\u00e4 tarjolla\u201d \u2013 Aikuiset huolissaan turkulaisen parturin videoista"},"content":{"rendered":"<p>Turkulaisen parturiliikkeen toiminta on her\u00e4tt\u00e4nyt huolta vanhemmissa. Teinien suosiossa se sen sijaan on.<\/p>\n<p class=\"paragraph\">Turussa sijaitsevasta Kingbarber-parturista on tullut ilmi\u00f6 teini-ik\u00e4isten poikien keskuudessa.<\/p>\n<p class=\"paragraph\">Nuoret menev\u00e4t edulliseen hiustenleikkaukseen ja oleskelevat parturiliikkeess\u00e4 vapaa-ajalla. Lis\u00e4ksi parturiliikkeell\u00e4 on Tiktokissa 15\u00a0000 seuraajaa.<\/p>\n<p class=\"paragraph\">Parturi <strong>Hussam Palani<\/strong> julkaisee videoita, jotka ker\u00e4\u00e4v\u00e4t runsaasti n\u00e4ytt\u00f6kertoja. Mutta videot huolettavat vanhempia.<\/p>\n<p class=\"paragraph\">Videoilla on asiatonta kielenk\u00e4ytt\u00f6\u00e4, yhdess\u00e4 videossa Palani l\u00e4psii nuorta naamaan ja toisessa videossa h\u00e4n puhaltaa s\u00e4hk\u00f6tupakalla savua lapsen p\u00e4\u00e4lle.<\/p>\n<p>\u201dSinkku\u00e4ij\u00e4\u00e4 tarjolla\u201d<\/p>\n<p class=\"paragraph\">Asiasta on runsaasti keskustelua eri Facebook-ryhmiss\u00e4. Vanhemmat kritisoivat Palanin kyseenalaista kielenk\u00e4ytt\u00f6\u00e4.<\/p>\n<p class=\"paragraph\">Joissain videoissa on alaik\u00e4isi\u00e4 poikia ja kuvatekstin\u00e4 lukee esimerkiksi \u201dsinkku\u00e4ij\u00e4\u00e4 tarjolla\u201d, \u201dt\u00e4\u00e4 \u00e4ij\u00e4 tuli kingii, sill\u00e4 oli treffit ja muija ei tunnistanut sit\u00e4\u201d.<\/p>\n<p class=\"paragraph\">Er\u00e4\u00e4ll\u00e4 jo nyt poistetulla videolla luki \u201dfreshimpi kun sun \u00e4idin brassi\u201d. Brassi tarkoittaa brasilialaista karvanpoistoa. Se on menetelm\u00e4, jossa intiimialueen karvoitus poistetaan sokeroinnilla.<\/p>\n<p>Hussam Palani poisti videon, jossa puhuttiin \u201d\u00e4itis brassista\u201d. Palani my\u00f6nt\u00e4\u00e4, ett\u00e4 video meni liian pitk\u00e4lle.  Kuvakaappaus Tiktokista<\/p>\n<p class=\"paragraph\">Er\u00e4s vanhempi nostaa esille huolen, miten videoiden kommentteihin kertyy hyvin ep\u00e4asiallisia ja lapsia seksualisoivia viestej\u00e4.<\/p>\n<p class=\"paragraph\">Esimerkiksi yhdess\u00e4 videossa teinipojalla on fritsuja kaulassa. Videolla kerrotaan, ett\u00e4 \u201dt\u00e4n \u00e4ij\u00e4n muija on niin fiksu, et se merkkas t\u00e4n\u201d. Videon kommenteissa itse\u00e4ns\u00e4 32-vuotiaaksi esittelev\u00e4 mies sanoo, ett\u00e4 \u201dh\u00e4nkin olisi merkannut\u201d t\u00e4m\u00e4n lapsen.<\/p>\n<p class=\"paragraph\">Lis\u00e4ksi lasten kasvoja ei ole peitetty videoilla. Moni ihmettelee sosiaalisessa mediassa, onko lasten kasvot julkaistu ilman huoltajien suostumusta.<\/p>\n<p class=\"paragraph\">Videot voivat levit\u00e4 hyvin laajalle yleis\u00f6lle eik\u00e4 lapsi v\u00e4ltt\u00e4m\u00e4tt\u00e4 itse ymm\u00e4rr\u00e4, mihin on suostunut.<\/p>\n<p>Parturi kommentoi<\/p>\n<p>Jo poistetussa videossa Palani puhaltaa s\u00e4hk\u00f6tupakan savua asiakkaan p\u00e4\u00e4lle.  Kuvakaappaus Tiktokista<\/p>\n<p class=\"paragraph\">Videoilla esiintyy parturiliikkeen omistaja, iranilaistaustainen Hussam Palani. Palani antaa Iltalehdelle haastattelun tulkkinsa avustuksella. Palani on asunut Suomessa viisi vuotta.<\/p>\n<p class=\"paragraph\">Palani kertoo, ett\u00e4 jotkut asiat videoilla ovat menneet yli. Esimerkiksi video, jossa puhutaan brasilialaisesta karvanpoistosta, ei ollut Palanin mukaan hyv\u00e4 veto. Palani poisti videon Tiktokista.<\/p>\n<p class=\"paragraph\">\u2013 Se ei ollut kivasti tehty, koska sen voi ymm\u00e4rt\u00e4\u00e4 tosi v\u00e4\u00e4rin.<\/p>\n<p class=\"paragraph\">H\u00e4n kertoo toisinaan tiedostavansa jo itse tilanteessa ennen videon julkaisua, ett\u00e4 sis\u00e4lt\u00f6 voidaan tulkita v\u00e4\u00e4rin. Mutta videot ker\u00e4\u00e4v\u00e4t paljon katsojia, joten h\u00e4n on silti julkaissut ne. Jotkut videot on julkaistu provosoinnin takia.<\/p>\n<p class=\"paragraph\">Esimerkiksi nuori, jolla oli fritsuja kaulassa, halusi itse julkaista videon, jossa ne n\u00e4kyv\u00e4t. Video suunniteltiin yhdess\u00e4 nuoren omasta toiveesta.<\/p>\n<p class=\"paragraph\">\u2013 H\u00e4n sanoi, ett\u00e4 h\u00e4nen tytt\u00f6yst\u00e4v\u00e4ns\u00e4 halusi tehd\u00e4 selv\u00e4ksi, ett\u00e4 t\u00e4m\u00e4 poika on varattu. Lapsi itse halusi tehd\u00e4 n\u00e4in. Kai h\u00e4nell\u00e4 on kiva tytt\u00f6yst\u00e4v\u00e4, josta ei halua luopua, Palani sanoo.<\/p>\n<p>Fresh fade<\/p>\n<p class=\"paragraph\">Palani kertoo varmistavansa l\u00e4ht\u00f6kohdat kuntoon, ennen kuin tekee jotain. H\u00e4n kertoo, ettei todellakaan pakota ket\u00e4\u00e4n esiintym\u00e4\u00e4n videoilla vaan asiakkaat tekev\u00e4t sen omasta tahdostaan.<\/p>\n<p class=\"paragraph\">\u2013 Toinen juttu on, ett\u00e4 en tekisi ikin\u00e4 mit\u00e4\u00e4n ilman lupaa. Ihan sama onko kyseess\u00e4 lapsi vai aikuinen, niin en julkaise videota ilman lupaa, Palani sanoo.<\/p>\n<p class=\"paragraph\">\u2013 Jos on lapsi kyseess\u00e4, niin silloin on vanhempien lupa. Mutta en koskaan voi tiet\u00e4\u00e4, onko lupaa oikeasti hankittu. Lapsi voi tulla parturiin ja sanoa, ett\u00e4 on saanut luvan videoilla esiintymiseen.<\/p>\n<p class=\"paragraph\">Joitain videoita Palani on poistanut, sill\u00e4 enemmist\u00f6 katsojista oli kokenut, ettei videoiden sis\u00e4lt\u00f6 ollut sopivaa. Lis\u00e4ksi Tiktok sulki hetkellisesti parturiliikkeen sivuston ja siisti sis\u00e4lt\u00f6j\u00e4.<\/p>\n<p>Palanin mukaan asiakkaan l\u00e4psiminen hiusten leikkausten j\u00e4lkeen on maailmanlaajuinen trendi.  Kuvakaappaus Tiktokista<\/p>\n<p class=\"paragraph\"><strong>Miksi sitten l\u00e4psit asiakkaita?<\/strong><\/p>\n<p class=\"paragraph\">\u2013 Se on maailmanlaajuinen juttu. Aina, kun on fresh fade, eli se kalju kohta takaraivossa, asiakkaalle annetaan pikku l\u00e4psy, Palani kertoo.<\/p>\n<p class=\"paragraph\">Fresh fade<strong> <\/strong>on vastaleikattu, eritt\u00e4in siististi tehty leikkaus, jossa hiusten pituus liukuu asteittain lyhyest\u00e4 pidemp\u00e4\u00e4n.<\/p>\n<p class=\"paragraph\">Erityisesti Tiktokin ansiosta monet parturitrendit ovat levinneet ymp\u00e4ri maailmaa. L\u00e4ps\u00e4isy on yksi t\u00e4llainen trendi, kertoo Palani.<\/p>\n<p class=\"paragraph\">Sosiaalisesta mediasta l\u00f6ytyy useita videoita, joissa parturi antaa pienen l\u00e4psyn asiakkaalle yleens\u00e4 niskan taakse tai poskelle. Se on ik\u00e4\u00e4n kuin tapa sanoa, ett\u00e4 hiusten leikkaus on todella onnistunut ja n\u00e4ytt\u00e4\u00e4 hyv\u00e4lt\u00e4.<\/p>\n<p class=\"paragraph\">\u2013 Videolla n\u00e4kyneen pojan vanhemmat olivat hyv\u00e4ksyneet l\u00e4ps\u00e4isyn, Palani kertoo.<\/p>\n<p>\u201dKyll\u00e4 nuoret saavat hengailla t\u00e4\u00e4ll\u00e4\u201d<\/p>\n<p class=\"paragraph\">Kaikki kielenk\u00e4ytt\u00f6, somevideot, rapmusiikki ja hengailu parturiliikkeess\u00e4 ovat Palanin mukaan osa nuorisokulttuuria.<\/p>\n<p class=\"paragraph\">Palanin liikkeeseen tulee s\u00e4\u00e4nn\u00f6llisesti jopa 20 hengen kaveriporukoita. Samaan aikaan asiakkaina voi silti olla esimerkiksi i\u00e4kk\u00e4it\u00e4 ihmisi\u00e4.<\/p>\n<p class=\"paragraph\">\u2013 T\u00e4ss\u00e4 l\u00e4hell\u00e4 on 50 metrin p\u00e4\u00e4ss\u00e4 kauppakeskus Hansa, jossa nuoriso normaalisti hengaa. Siell\u00e4 tehd\u00e4\u00e4n vaikka mit\u00e4 pahoja asioita, poltetaan kukkaa (kannabista), s\u00e4hk\u00f6tupakkaa, r\u00f6\u00f6ki\u00e4 ja ry\u00f6stell\u00e4\u00e4n jengi\u00e4, Palani kertoo.<\/p>\n<p class=\"paragraph\">\u2013 Nuoret tulevat t\u00e4nne l\u00e4mpimiin sis\u00e4tiloihin, miss\u00e4 voi ladata puhelinta. T\u00e4m\u00e4 on vain parturi, mutta kyll\u00e4 nuoret saavat hengailla t\u00e4\u00e4ll\u00e4.<\/p>\n<p class=\"paragraph\">Palanin mukaan moni nuori tulee parturiliikkeeseen my\u00f6s vanhempiensa kanssa. H\u00e4n kertoo viestittelev\u00e4ns\u00e4 vanhempien kanssa vapaista ajoista ja k\u00e4yt\u00e4nn\u00f6n asioista.<\/p>\n<p class=\"paragraph\">Palani kertoo, ettei halua n\u00e4ytt\u00e4\u00e4 hyvi\u00e4 puoliaan somessa.<\/p>\n<p class=\"paragraph\"><strong>Mikset?<\/strong><\/p>\n<p class=\"paragraph\">\u2013 Ei minun tarvitse erikseen korostaa sit\u00e4, jos teen hyv\u00e4\u00e4. Jos tied\u00e4n sisimm\u00e4ss\u00e4ni, ett\u00e4 olen hyv\u00e4 ihminen, se riitt\u00e4\u00e4 minulle.<\/p>\n<p class=\"paragraph\">Palani kertoo, ett\u00e4 monet ihmiset ovat valittaneet h\u00e4nen parturiliikkeest\u00e4\u00e4n ja tehneet rikosilmoituksia.<\/p>\n<p class=\"paragraph\">\u2013 Ymm\u00e4rr\u00e4n, miksi ihmiset ovat ottaneet videot esille. Totta kai olisin voinut tehd\u00e4 monta asiaa paremmin, mutta ett\u00e4 en tee mit\u00e4\u00e4n pahaa tai rikollista. Asiakkaiden \u00e4itien ja isien toivoisi olevan jopa iloisia, ett\u00e4 lapset k\u00e4yv\u00e4t t\u00e4\u00e4ll\u00e4 ja v\u00e4lttyv\u00e4t pahoista asioista.<\/p>\n<p>LUE MY\u00d6SEi rikosta<\/p>\n<p class=\"paragraph\">Lounais-Suomen poliisin ennalta est\u00e4v\u00e4n toiminnan yksik\u00f6n komisario Juhani Malmberg kehottaa vanhempia keskustelemaan nuorten kanssa sosiaalisen median k\u00e4yt\u00f6st\u00e4.<\/p>\n<p class=\"paragraph\">Poliisi on saanut vihjeit\u00e4 King Barber -parturiliikkeen sosiaalisessa mediassa levi\u00e4v\u00e4st\u00e4 materiaalista. My\u00f6s er\u00e4s koulu on ollut yhteydess\u00e4 poliisiin samaisesta aiheesta ja konsultoinut viranomaisia.<\/p>\n<p class=\"paragraph\">Vaikka Malmberg ei ole tarkastanut kaikkia yksitt\u00e4isi\u00e4 somesis\u00e4lt\u00f6j\u00e4, h\u00e4n ymm\u00e4rt\u00e4\u00e4 miksi tavallisia kansalaisia parturiliikkeen videot voivat ihmetytt\u00e4\u00e4.<\/p>\n<p class=\"paragraph\">Mutta toistaiseksi videoissa ei ole ollut mit\u00e4\u00e4n laitonta. Poliisi puuttuu vain silloin tilanteisiin, kun kyse on rikollisesta toiminnasta.<\/p>\n<p class=\"paragraph\">\u2013 Poliisi arvioi tapauksia rikoslain n\u00e4k\u00f6kulmasta. Kaikki paheksuttava toiminta ei v\u00e4ltt\u00e4m\u00e4tt\u00e4 t\u00e4yt\u00e4 rikoksen tunnusmerkist\u00f6\u00e4, vaikka se olisi moraalisesti v\u00e4\u00e4rin.<\/p>\n<p class=\"paragraph\">Malmberg huomauttaa, ett\u00e4 vaikka kuvaushetkell\u00e4 toimintaan olisi jonkinlainen suostumus, nuoren mieli voi muuttua my\u00f6hemmin.<\/p>\n<p class=\"paragraph\">\u2013 Jos tilanteessa on enemm\u00e4n porukkaa, ryhm\u00e4paine voi saada kest\u00e4m\u00e4\u00e4n asioita, jotka eiv\u00e4t tunnu oikealta en\u00e4\u00e4 tunnin p\u00e4\u00e4st\u00e4, Malmberg toteaa.<\/p>\n<p class=\"paragraph\">Malmberg my\u00f6s her\u00e4ttelee nuoria pohtimaan, haluavatko he n\u00e4hd\u00e4 samaa sis\u00e4lt\u00f6\u00e4 itsest\u00e4\u00e4n muutaman vuoden kuluttua. Materiaali voi johtaa naurunalaiseksi joutumiseen ja pilkkaamiseen kaveripiiriss\u00e4.<\/p>\n<p class=\"paragraph\">Malmberg korostaa my\u00f6s vanhempien vastuuta. H\u00e4n ohjeistaa heit\u00e4 muistuttamaan lapsiaan somen peruss\u00e4\u00e4nn\u00f6ist\u00e4: mit\u00e4 sosiaaliseen mediaan laittaa, se sinne my\u00f6s j\u00e4\u00e4.<\/p>\n<p class=\"paragraph\">Malmberg my\u00f6s ohjeistaa, ett\u00e4 asiattomasta sis\u00e4ll\u00f6st\u00e4 voi tehd\u00e4 palvelussa ilmiannon eteenp\u00e4in. Ep\u00e4ilytt\u00e4v\u00e4st\u00e4 toiminnasta verkossa voi antaa <a href=\"https:\/\/poliisi.fi\/nettivinkki\" target=\"_blank\" rel=\"noopener nofollow\">poliisille nettivinkin<\/a>.<\/p>\n","protected":false},"excerpt":{"rendered":"Turkulaisen parturiliikkeen toiminta on her\u00e4tt\u00e4nyt huolta vanhemmissa. Teinien suosiossa se sen sijaan on. Turussa sijaitsevasta Kingbarber-parturista on tullut&hellip;\n","protected":false},"author":2,"featured_media":115583,"comment_status":"","ping_status":"","sticky":false,"template":"","format":"standard","meta":{"footnotes":""},"categories":[5],"tags":[35,22,23,26,27,33,31,30,876,17,101,99,100,24,25,28,29,15,18,21,98,32,19,20,16],"class_list":{"0":"post-115582","1":"post","2":"type-post","3":"status-publish","4":"format-standard","5":"has-post-thumbnail","7":"category-otsikot","8":"tag-24h","9":"tag-breaking-news","10":"tag-breakingnews","11":"tag-featured-news","12":"tag-featurednews","13":"tag-fi","14":"tag-finland","15":"tag-finnish","16":"tag-fyysinen-kauneus","17":"tag-headlines","18":"tag-ihmissuhteet","19":"tag-lapset","20":"tag-lapset-ja-nuoret","21":"tag-latest-news","22":"tag-latestnews","23":"tag-main-news","24":"tag-mainnews","25":"tag-news","26":"tag-otsikot","27":"tag-paauutiset","28":"tag-perhe","29":"tag-suomi","30":"tag-top-stories","31":"tag-topstories","32":"tag-uutiset"},"share_on_mastodon":{"url":"https:\/\/pubeurope.com\/@fi\/115713961076002072","error":""},"_links":{"self":[{"href":"https:\/\/www.europesays.com\/fi\/wp-json\/wp\/v2\/posts\/115582","targetHints":{"allow":["GET"]}}],"collection":[{"href":"https:\/\/www.europesays.com\/fi\/wp-json\/wp\/v2\/posts"}],"about":[{"href":"https:\/\/www.europesays.com\/fi\/wp-json\/wp\/v2\/types\/post"}],"author":[{"embeddable":true,"href":"https:\/\/www.europesays.com\/fi\/wp-json\/wp\/v2\/users\/2"}],"replies":[{"embeddable":true,"href":"https:\/\/www.europesays.com\/fi\/wp-json\/wp\/v2\/comments?post=115582"}],"version-history":[{"count":0,"href":"https:\/\/www.europesays.com\/fi\/wp-json\/wp\/v2\/posts\/115582\/revisions"}],"wp:featuredmedia":[{"embeddable":true,"href":"https:\/\/www.europesays.com\/fi\/wp-json\/wp\/v2\/media\/115583"}],"wp:attachment":[{"href":"https:\/\/www.europesays.com\/fi\/wp-json\/wp\/v2\/media?parent=115582"}],"wp:term":[{"taxonomy":"category","embeddable":true,"href":"https:\/\/www.europesays.com\/fi\/wp-json\/wp\/v2\/categories?post=115582"},{"taxonomy":"post_tag","embeddable":true,"href":"https:\/\/www.europesays.com\/fi\/wp-json\/wp\/v2\/tags?post=115582"}],"curies":[{"name":"wp","href":"https:\/\/api.w.org\/{rel}","templated":true}]}}