{"id":115584,"date":"2025-12-13T19:54:23","date_gmt":"2025-12-13T19:54:23","guid":{"rendered":"https:\/\/www.europesays.com\/fi\/115584\/"},"modified":"2025-12-13T19:54:23","modified_gmt":"2025-12-13T19:54:23","slug":"johannes-klabolta-toykeaa-kaytosta-kulisseissa-mitta-tayttyi-pahasti","status":"publish","type":"post","link":"https:\/\/www.europesays.com\/fi\/115584\/","title":{"rendered":"Johannes Kl\u00e4bolta t\u00f6yke\u00e4\u00e4 k\u00e4yt\u00f6st\u00e4 kulisseissa \u2013 mitta t\u00e4yttyi pahasti"},"content":{"rendered":"<p>Kl\u00e4bon sprinttip\u00e4iv\u00e4 loppui lyhyeen.<\/p>\n<p class=\"article-body mb-nof-24 px-nof-16\">Norjan hiihtosankarin <a class=\"article-personlink\" href=\"https:\/\/www.is.fi\/haku\/?query=Johannes%20H%C3%B6sflot%20Kl%C3%A4bon\" rel=\"nofollow noopener\" target=\"_blank\">Johannes H\u00f6sflot Kl\u00e4bon<\/a> sprinttip\u00e4iv\u00e4 Davosissa sujui yll\u00e4tt\u00e4v\u00e4n huonosti.<\/p>\n<p class=\"article-body mb-nof-24 px-nof-16\">Kl\u00e4bo, 29, tippui ulos vapaan sprintist\u00e4 jo puoliv\u00e4lieriss\u00e4. Norjalainen oli lopulta sprinttikilpailun 17:s. Se on h\u00e4nen huonoin sijoituksensa koskaan, kun otetaan huomioon maailmancup, olympialaiset ja MM-kisat.<\/p>\n<p class=\"article-body mb-nof-24 px-nof-16\">Kl\u00e4bo k\u00e4vi kuumana Davosissa ep\u00e4onnistuneen hiihtonsa j\u00e4lkeen.<\/p>\n<p class=\"article-body mb-nof-24 px-nof-16\">Muun muassa ruotsalainen <a class=\"article-genericlink\" href=\"https:\/\/www.expressen.se\/sport\/langdskidor\/klabo-flyr-fran-arenan-forbannad\/\" rel=\"nofollow noopener\" target=\"_blank\">Expressen <\/a>kertoo, ett\u00e4 Kl\u00e4bo heitteli sauvojaan ja repi numerolappunsa ennen kuin karkasi areenalta, vaikka h\u00e4nell\u00e4 oli viel\u00e4 mahdollisuus p\u00e4\u00e4st\u00e4 jatkoon aikavertailusta.<\/p>\n<p class=\"article-body mb-nof-24 px-nof-16\">Norjalaisen <a class=\"article-genericlink\" href=\"https:\/\/www.vg.no\/sport\/i\/q6nd8w\/sjokk-exit-for-johannes-hoesflot-klaebo-i-davos\" rel=\"nofollow noopener\" target=\"_blank\">VG<\/a>:n mukaan Kl\u00e4bo poistui areenalta k\u00e4ym\u00e4tt\u00e4 median haastateltavana. Mediatietojen mukaan h\u00e4n ei muutoinkaan ollut puheliaalla tuulella ja jutteli vain maajoukkuevalmentaja <a class=\"article-personlink\" href=\"https:\/\/www.is.fi\/haku\/?query=Arild%20Monsenille\" rel=\"nofollow noopener\" target=\"_blank\">Arild Monsenille<\/a>.<\/p>\n<p class=\"article-body mb-nof-24 px-nof-16\">Kansainv\u00e4lisen hiihtoliiton Fisin s\u00e4\u00e4nt\u00f6jen mukaan kilpailijoiden on k\u00e4yt\u00e4v\u00e4 median edess\u00e4 kisap\u00e4iv\u00e4n p\u00e4\u00e4ttymisen j\u00e4lkeen.<\/p>\n<p class=\"article-body mb-nof-24 px-nof-16\">\u2013 H\u00e4n on varmaan jo hotellihuoneessaan, totesi Monsen suojatistaan viel\u00e4, kun sprintit olivat k\u00e4ynniss\u00e4.<\/p>\n<p class=\"article-body mb-nof-24 px-nof-16\">\u2013 H\u00e4n oli todella vihainen poistuessaan maalialueelta, ja h\u00e4n on hyvin \u00e4rtynyt itselleen, sanoi <a class=\"article-genericlink\" href=\"https:\/\/www.nrk.no\/sport\/sprint-langrenn_-klaebo-rok-sensasjonelt-ut-av-sprinten_-_-han-er-sint-som-en-fele-1.17691392\" rel=\"nofollow noopener\" target=\"_blank\">NRK<\/a>:n kommentaattori <a class=\"article-personlink\" href=\"https:\/\/www.is.fi\/haku\/?query=Jann%20Post\" rel=\"nofollow noopener\" target=\"_blank\">Jann Post<\/a>.<\/p>\n<p class=\"article-body mb-nof-24 px-nof-16\">Kl\u00e4bo tuli Davosissa alkuer\u00e4ns\u00e4 nelj\u00e4nneksi eik\u00e4 p\u00e4\u00e4ssyt aikavertailusta jatkoon.<\/p>\n<p class=\"article-body mb-nof-24 px-nof-16\">Norjalainen kompuroi mutkassa ja joutui ottamaan tukea maasta, mik\u00e4 s\u00f6i h\u00e4nelt\u00e4 paljon aikaa. Kl\u00e4bo joutui ongelmiin samassa mutkassa my\u00f6s toisella kierroksella.<\/p>\n<p class=\"article-body mb-nof-24 px-nof-16\">Siit\u00e4 on l\u00e4hes kymmenen vuotta, kun Kl\u00e4bo j\u00e4i viimeksi maailmancupissa sprintin puoliv\u00e4lier\u00e4\u00e4n. Edellisen kerran niin tapahtui helmikuussa 2016.<\/p>\n<p class=\"article-body mb-nof-24 px-nof-16\">Miesten sprinttikisan Davosissa voitti lopulta Ranskan <a class=\"article-personlink\" href=\"https:\/\/www.is.fi\/haku\/?query=Lucas%20Chanavat\" rel=\"nofollow noopener\" target=\"_blank\">Lucas Chanavat<\/a>. Toiseksi tuli italialainen <a class=\"article-personlink\" href=\"https:\/\/www.is.fi\/haku\/?query=Federico%20Pellegrino\" rel=\"nofollow noopener\" target=\"_blank\">Federico Pellegrino<\/a> ja kolmanneksi Norjan <a class=\"article-personlink\" href=\"https:\/\/www.is.fi\/haku\/?query=Oskar%20Opstad%20Vike\" rel=\"nofollow noopener\" target=\"_blank\">Oskar Opstad Vike<\/a>.<\/p>\n","protected":false},"excerpt":{"rendered":"Kl\u00e4bon sprinttip\u00e4iv\u00e4 loppui lyhyeen. Norjan hiihtosankarin Johannes H\u00f6sflot Kl\u00e4bon sprinttip\u00e4iv\u00e4 Davosissa sujui yll\u00e4tt\u00e4v\u00e4n huonosti. Kl\u00e4bo, 29, tippui ulos&hellip;\n","protected":false},"author":2,"featured_media":115585,"comment_status":"","ping_status":"","sticky":false,"template":"","format":"standard","meta":{"footnotes":""},"categories":[136],"tags":[407,137,33,31,30,34,408,32,109],"class_list":{"0":"post-115584","1":"post","2":"type-post","3":"status-publish","4":"format-standard","5":"has-post-thumbnail","7":"category-julkkikset","8":"tag-celebrities","9":"tag-entertainment","10":"tag-fi","11":"tag-finland","12":"tag-finnish","13":"tag-ilta-sanomat","14":"tag-julkkikset","15":"tag-suomi","16":"tag-viihde"},"share_on_mastodon":{"url":"https:\/\/pubeurope.com\/@fi\/115714016107508925","error":""},"_links":{"self":[{"href":"https:\/\/www.europesays.com\/fi\/wp-json\/wp\/v2\/posts\/115584","targetHints":{"allow":["GET"]}}],"collection":[{"href":"https:\/\/www.europesays.com\/fi\/wp-json\/wp\/v2\/posts"}],"about":[{"href":"https:\/\/www.europesays.com\/fi\/wp-json\/wp\/v2\/types\/post"}],"author":[{"embeddable":true,"href":"https:\/\/www.europesays.com\/fi\/wp-json\/wp\/v2\/users\/2"}],"replies":[{"embeddable":true,"href":"https:\/\/www.europesays.com\/fi\/wp-json\/wp\/v2\/comments?post=115584"}],"version-history":[{"count":0,"href":"https:\/\/www.europesays.com\/fi\/wp-json\/wp\/v2\/posts\/115584\/revisions"}],"wp:featuredmedia":[{"embeddable":true,"href":"https:\/\/www.europesays.com\/fi\/wp-json\/wp\/v2\/media\/115585"}],"wp:attachment":[{"href":"https:\/\/www.europesays.com\/fi\/wp-json\/wp\/v2\/media?parent=115584"}],"wp:term":[{"taxonomy":"category","embeddable":true,"href":"https:\/\/www.europesays.com\/fi\/wp-json\/wp\/v2\/categories?post=115584"},{"taxonomy":"post_tag","embeddable":true,"href":"https:\/\/www.europesays.com\/fi\/wp-json\/wp\/v2\/tags?post=115584"}],"curies":[{"name":"wp","href":"https:\/\/api.w.org\/{rel}","templated":true}]}}