{"id":115586,"date":"2025-12-13T19:58:17","date_gmt":"2025-12-13T19:58:17","guid":{"rendered":"https:\/\/www.europesays.com\/fi\/115586\/"},"modified":"2025-12-13T19:58:17","modified_gmt":"2025-12-13T19:58:17","slug":"historiallinen-kaanne-amazing-race-suomi-ohjelmassa-nina-ja-elsa-putosivat-kilpailusta","status":"publish","type":"post","link":"https:\/\/www.europesays.com\/fi\/115586\/","title":{"rendered":"Historiallinen k\u00e4\u00e4nne Amazing Race Suomi -ohjelmassa: Nina ja Elsa putosivat kilpailusta"},"content":{"rendered":"<p>\n            Amazing Race Suomi, 3. kausi, 2025.<br \/>\n            Sanoma\n        <\/p>\n<p class=\"subtitle \">Yksi pari joutui j\u00e4tt\u00e4m\u00e4\u00e4n j\u00e4lleen Amazing Race Suomi -ohjelman kesken.<\/p>\n<p class=\"article-content article-content-width !bg-background\">Amazing Race Suomi -ohjelman viidenness\u00e4 jaksossa kilpailijat olivat edenneet junalla Sri Lankalle Colomboon.\u00a0<\/p>\n<p class=\"font-weight-bold m-font-weight-bold article-content article-content-width !bg-background\">Video: Amazing Race: haastattelussa Nina ja Elsa.\u00a0<\/p>\n<p class=\"article-content article-content-width !bg-background\">Junamatka on poikennut kosolti suomalaisesta versiosta eik\u00e4 hygienia-asiat ole t\u00e4ytt\u00e4neet siell\u00e4 standardeja.<\/p>\n<p>        <a itemprop=\"url\" href=\"https:\/\/www.seiska.fi\/katso\/ulostekohu-amazing-racessa-nyt-kommentoi-tuotanto\/2018374\" rel=\"nofollow noopener\" target=\"_blank\"><\/p>\n<p>\nUlostekohu Amazing Racessa\n<\/p>\n<p class=\"section-date\">\n        <strong class=\"article-section\" data-section=\"katso\"><br \/>\n            katso<br \/>\n        <\/strong><br \/>\n        12.12. 05:15\n    <\/p>\n<p>Ulostekohu Amazing Racessa \u2013 nyt kommentoi tuotanto\n    <\/p>\n<p itemprop=\"description\" class=\"subtitle \">\n    Amazing Race Suomi -ohjelman vastaava tuottaja Petra Martikainen kommentoi asiaa Katsolle.\n<\/p>\n<p>        <\/a><\/p>\n<p>Heikko olo\u00a0<\/p>\n<p class=\"article-content article-content-width !bg-background\">Laulaja  ja h\u00e4nen k\u00e4til\u00f6n\u00e4 ty\u00f6skentelev\u00e4 tytt\u00e4rens\u00e4  ovat desinfioineet junan pintoja suihkeella. \u00c4iti\u00e4 ja tyt\u00e4rt\u00e4 ovat ahdistaneet junassa n\u00e4kyv\u00e4 lika, bakteerit ja lattialla vipelt\u00e4v\u00e4t muurahaiset.<\/p>\n<p class=\"article-content article-content-width !bg-background\">P\u00e4\u00e4sty\u00e4\u00e4n m\u00e4\u00e4r\u00e4np\u00e4\u00e4h\u00e4n junamatka alkaa vaatia veronsa. Ensimm\u00e4isen teht\u00e4v\u00e4n suoritettuaan Ninan olo on heikko. H\u00e4n melkein py\u00f6rtyi.\u00a0<\/p>\n<p class=\"article-content article-content-width !bg-background\"> \u2013 Ei varattu junamatkalle kauheasti vett\u00e4. Siell\u00e4 junassa oli my\u00f6s niin likaista, niin ei huvittanut juoda. Nyt piti ottaa breikki ja pyyt\u00e4\u00e4 l\u00e4\u00e4k\u00e4ri k\u00e4ym\u00e4\u00e4n, Elsa kertoo kameralle.<\/p>\n<p class=\"article-content article-content-width !bg-background\">Nina saa ker\u00e4tty\u00e4 itsens\u00e4 ja kisa jatkuu.\u00a0<\/p>\n<p>                <img decoding=\"async\" src=\"https:\/\/www.europesays.com\/fi\/wp-content\/uploads\/2025\/12\/2019733.webp\" width=\"576\" height=\"274\" alt=\"Olosuhteet vaativat veronsa Nina Tapiolla.\" loading=\"lazy\" \/>            <\/p>\n<p>\n            Olosuhteet vaativat veronsa Nina Tapiolla.<br \/>\n            Sanoma\n        <\/p>\n<p>Historiallinen tilanne<\/p>\n<p class=\"article-content article-content-width !bg-background\">Nina ja Elsa ovat loistaneet k\u00e4rjess\u00e4, mutta edellisen teht\u00e4v\u00e4n ja huonon olon seurauksena kaksikko on tippunut jonon h\u00e4nnille.<\/p>\n<p class=\"article-content article-content-width !bg-background\">\u00c4iti ja tyt\u00e4r p\u00e4\u00e4sev\u00e4t lopulta maaliviivalle suoritettuaan kaksi teht\u00e4v\u00e4\u00e4. Ninan vointi on huono, eik\u00e4 h\u00e4nell\u00e4 riit\u00e4 voimia juoksemiseen.<\/p>\n<p>        <a itemprop=\"url\" href=\"https:\/\/www.seiska.fi\/katso\/amazing-racen-kummallinen-ulostetehtava-jarkyttaa-katsojia\/2017234\" rel=\"nofollow noopener\" target=\"_blank\"><\/p>\n<p>\nAmazing Race Suomi:\n<\/p>\n<p class=\"section-date\">\n        <strong class=\"article-section\" data-section=\"katso\"><br \/>\n            katso<br \/>\n        <\/strong><br \/>\n        11.12. 08:15\n    <\/p>\n<p>Amazing Racen kummallinen ulosteteht\u00e4v\u00e4 j\u00e4rkytt\u00e4\u00e4 katsojia\n    <\/p>\n<p itemprop=\"description\" class=\"subtitle \">\n    Amazing Race Suomi -ohjelman lauantaina n\u00e4ht\u00e4v\u00e4ss\u00e4 jaksossa joudutaan haisevan teht\u00e4v\u00e4n eteen.\n<\/p>\n<p>        <\/a><\/p>\n<p class=\"article-content article-content-width !bg-background\">Ohjelman juontaja  on kerrottavaa. Ninan ja Elsan kohtalo selvi\u00e4\u00e4 vasta sitten, kun viimeinen pari on p\u00e4\u00e4ssyt maaliviivalle.<\/p>\n<p class=\"article-content article-content-width !bg-background\">Pian sinne rient\u00e4\u00e4 n\u00e4yttelij\u00e4  ja h\u00e4nen poikansa .<\/p>\n<p class=\"article-content article-content-width !bg-background\"> \u2013 Tilanne on tosi poikkeuksellinen Amazing Race Suomi -ohjelman historiassa. T\u00e4llaista ei ole tapahtunut koskaan kertaakaan, mutta tietoomme on tullut, ett\u00e4 viimeisen teht\u00e4v\u00e4n yksi opettajista on tehnyt niin ison virheen, ett\u00e4 ilman sit\u00e4 virhett\u00e4 olisitte ehtineet matolle ennen Ninaa ja Elsaa, Heikki toteaa Marille ja Joelille.<\/p>\n<p class=\"article-content article-content-width !bg-background\">Heikki viitannee teht\u00e4v\u00e4\u00e4n, jossa kilpailaijoille opetettiin tanssiaskeleita. Mari ja Joel saivat v\u00e4\u00e4r\u00e4t opit.<\/p>\n<p class=\"article-content article-content-width !bg-background\">Tapahtuman seurauksena Amazing Race Suomi -ohjelmassa jatkavat Joel ja Mari. Nina ja Elsa joutuvat kotiin.\u00a0<\/p>\n<p class=\"article-content article-content-width !bg-background\">Nelikko halaa toisiaan maaliviivalla.<\/p>\n<p>&#8221;Ei voi juhlia&#8221;<\/p>\n<p class=\"article-content article-content-width !bg-background\">Joel on harmissaan tilanteesta.<\/p>\n<p class=\"article-content article-content-width !bg-background\"> \u2013 Ei t\u00e4t\u00e4 voi oikein juhlia, kun tuli niin paha mieli Ninan ja Elsan puolesta. Toisaalta, mit\u00e4 pidemm\u00e4lle p\u00e4\u00e4see, niin sit\u00e4 mielett\u00f6m\u00e4mpi t\u00e4m\u00e4 tarina on, Joel toteaa.<\/p>\n<p class=\"article-content article-content-width !bg-background\">Ninalla ja Elsalla ei ole katkeruutta tilanteeseen. \u00c4idin ja tytt\u00e4ren mielest\u00e4 Mari ja Joel ansaitsevat jatkaa.<\/p>\n<p class=\"article-content article-content-width !bg-background\"> \u2013 T\u00e4m\u00e4 oli just se mit\u00e4 haettiin, yhteisi\u00e4 seikkailuja ja muuta. Meille j\u00e4i tosi hyv\u00e4 fiilis t\u00e4st\u00e4, Nina toteaa tyytyv\u00e4isen\u00e4.<\/p>\n<p class=\"italic m-italic article-content article-content-width !bg-background\">Amazing Race Suomi lauantaisin Nelosella ja Ruudussa.\u00a0<\/p>\n<p>        <a itemprop=\"url\" href=\"https:\/\/www.seiska.fi\/katso\/podcast-kia-lehmuskoski-jakoi-sangyn-toisen-miehen-kanssa-nain-puoliso-reagoi\/2016811\" rel=\"nofollow noopener\" target=\"_blank\"><\/p>\n<p>\nKia Lehmuskoski podcastissa:\n<\/p>\n<p class=\"section-date\">\n        <strong class=\"article-section\" data-section=\"katso\"><br \/>\n            katso<br \/>\n        <\/strong><br \/>\n        12.12. 06:15\n    <\/p>\n<p>Podcast: Kia Lehmuskoski jakoi s\u00e4ngyn toisen miehen kanssa \u2013 n\u00e4in puoliso reagoi\n    <\/p>\n<p itemprop=\"description\" class=\"subtitle \">\n    Tanssii t\u00e4htien kanssa -ohjelmasta tuttu tanssinopettaja Kia Lehmuskoski tekee tunnustuksen Gogin kantabaarissa.\n<\/p>\n<p>        <\/a><\/p>\n","protected":false},"excerpt":{"rendered":"Amazing Race Suomi, 3. kausi, 2025. Sanoma Yksi pari joutui j\u00e4tt\u00e4m\u00e4\u00e4n j\u00e4lleen Amazing Race Suomi -ohjelman kesken. Amazing&hellip;\n","protected":false},"author":2,"featured_media":115587,"comment_status":"","ping_status":"","sticky":false,"template":"","format":"standard","meta":{"footnotes":""},"categories":[133],"tags":[3177,21152,137,33,31,30,3565,8472,4889,1758,8156,12433,2158,32,206,156,109,2213],"class_list":{"0":"post-115586","1":"post","2":"type-post","3":"status-publish","4":"format-standard","5":"has-post-thumbnail","7":"category-televisiot","8":"tag-amazing-race-suomi","9":"tag-elsa","10":"tag-entertainment","11":"tag-fi","12":"tag-finland","13":"tag-finnish","14":"tag-heikki-paasonen","15":"tag-mari-perankoski","16":"tag-matkailuohjelma","17":"tag-nelonen","18":"tag-nina-tapio","19":"tag-pudotus","20":"tag-ruutu","21":"tag-suomi","22":"tag-televisiot","23":"tag-tv","24":"tag-viihde","25":"tag-viihdeohjelma"},"share_on_mastodon":{"url":"https:\/\/pubeurope.com\/@fi\/115714033109103084","error":""},"_links":{"self":[{"href":"https:\/\/www.europesays.com\/fi\/wp-json\/wp\/v2\/posts\/115586","targetHints":{"allow":["GET"]}}],"collection":[{"href":"https:\/\/www.europesays.com\/fi\/wp-json\/wp\/v2\/posts"}],"about":[{"href":"https:\/\/www.europesays.com\/fi\/wp-json\/wp\/v2\/types\/post"}],"author":[{"embeddable":true,"href":"https:\/\/www.europesays.com\/fi\/wp-json\/wp\/v2\/users\/2"}],"replies":[{"embeddable":true,"href":"https:\/\/www.europesays.com\/fi\/wp-json\/wp\/v2\/comments?post=115586"}],"version-history":[{"count":0,"href":"https:\/\/www.europesays.com\/fi\/wp-json\/wp\/v2\/posts\/115586\/revisions"}],"wp:featuredmedia":[{"embeddable":true,"href":"https:\/\/www.europesays.com\/fi\/wp-json\/wp\/v2\/media\/115587"}],"wp:attachment":[{"href":"https:\/\/www.europesays.com\/fi\/wp-json\/wp\/v2\/media?parent=115586"}],"wp:term":[{"taxonomy":"category","embeddable":true,"href":"https:\/\/www.europesays.com\/fi\/wp-json\/wp\/v2\/categories?post=115586"},{"taxonomy":"post_tag","embeddable":true,"href":"https:\/\/www.europesays.com\/fi\/wp-json\/wp\/v2\/tags?post=115586"}],"curies":[{"name":"wp","href":"https:\/\/api.w.org\/{rel}","templated":true}]}}