{"id":115592,"date":"2025-12-13T20:06:19","date_gmt":"2025-12-13T20:06:19","guid":{"rendered":"https:\/\/www.europesays.com\/fi\/115592\/"},"modified":"2025-12-13T20:06:19","modified_gmt":"2025-12-13T20:06:19","slug":"imetys-on-ihanaa-auri-kananen-kertoo-vauva-arjesta-ja-sanoo-pitavansa-vaipanvaihdosta","status":"publish","type":"post","link":"https:\/\/www.europesays.com\/fi\/115592\/","title":{"rendered":"&#8221;Imetys on ihanaa!&#8221; \u2013 Auri Kananen kertoo vauva-arjesta ja sanoo pit\u00e4v\u00e4ns\u00e4 vaipanvaihdosta"},"content":{"rendered":"<p>Yritt\u00e4j\u00e4 ja somevaikuttaja <strong>Auri Kananen<\/strong> sai puolisonsa <strong>Sami Salmisen<\/strong> kanssa lapsen marraskuussa.<\/p>\n<p>Kananen julkaisi rankasta synnytyskokemuksestaan videosarjan, jonka <a href=\"https:\/\/www.voice.fi\/viihde\/onneksi-en-tiennyt-mita-on-tulossa-auri-kananen-julkaisi-synnytysvideon\" target=\"_blank\" rel=\"noreferrer noopener nofollow\">ensimm\u00e4isess\u00e4 osassa<\/a> synnytys k\u00e4ynnistyi ja matka vei sairaalaan, ja <a href=\"https:\/\/www.voice.fi\/viihde\/tassa-konkurssissa-se-ei-enaa-tuntunut-miltaan-auri-kanasen-rankan-synnytyksen-toinen-video-julki\" target=\"_blank\" rel=\"noreferrer noopener nofollow\">toisessa<\/a> raskaan rupeaman p\u00e4\u00e4tteeksi pariskunta sai syliins\u00e4 Dallaspullaksi hell\u00e4sti kutsumansa pienokaisen.<\/p>\n<p>Lue my\u00f6s: <a href=\"https:\/\/www.voice.fi\/viihde\/onneksi-en-tiennyt-mita-on-tulossa-auri-kananen-julkaisi-synnytysvideon\" title=\"\u201dOnneksi en tiennyt, mit\u00e4 on tulossa\u201d \u2013 Auri Kananen julkaisi synnytysvideon\" class=\"underline-custom !font-montserrat !font-bold !underline-offset-4 !decoration-4 !decoration-tilt-light !text-md\" rel=\"nofollow noopener\" target=\"_blank\">\u201dOnneksi en tiennyt, mit\u00e4 on tulossa\u201d \u2013 Auri Kananen julkaisi synnytysvideon<\/a><\/p>\n<p>Lue my\u00f6s: <a href=\"https:\/\/www.voice.fi\/viihde\/tassa-konkurssissa-se-ei-enaa-tuntunut-miltaan-auri-kanasen-rankan-synnytyksen-toinen-video-julki\" title=\"\u201dT\u00e4ss\u00e4 konkurssissa se ei en\u00e4\u00e4 tuntunut milt\u00e4\u00e4n\u201d \u2013 Auri Kanasen rankan synnytyksen toinen video julki\" class=\"underline-custom !font-montserrat !font-bold !underline-offset-4 !decoration-4 !decoration-tilt-light !text-md\" rel=\"nofollow noopener\" target=\"_blank\">\u201dT\u00e4ss\u00e4 konkurssissa se ei en\u00e4\u00e4 tuntunut milt\u00e4\u00e4n\u201d \u2013 Auri Kanasen rankan synnytyksen toinen video julki<\/a><\/p>\n<p>Joulukuun alussa suloinen vauva <a href=\"https:\/\/www.voice.fi\/viihde\/tassa-on-auri-kanasen-vauva\" target=\"_blank\" rel=\"noreferrer noopener nofollow\">esiteltiin<\/a> Kanasen someseuraajille, ja nyt on uusien kuulumisten aika.<\/p>\n<p>Kananen kertoo \u201cDalluriinin\u201d ensimm\u00e4isest\u00e4 kuukaudesta ja aloittaa viestins\u00e4 kertomalla olleensa ihminen, joka ei halunnut lapsia.<\/p>\n<p>H\u00e4n sanoo kaikenlaisen tyhjyyden ja tylsyyden kadonneen el\u00e4m\u00e4st\u00e4 uuden tulokkaan my\u00f6t\u00e4. H\u00e4n kertoo, ett\u00e4 on upeaa n\u00e4hd\u00e4 lapsen kasvavan ja kehittyv\u00e4n kaiken aikaa.<\/p>\n<p>H\u00e4n sanoo my\u00f6s el\u00e4m\u00e4n olevan samaan aikaan rauhallista ja kiireist\u00e4, sill\u00e4 vauvan kanssa puuhaa on koko ajan kodin seinien sis\u00e4puolellakin.<\/p>\n<p>\u2013 Se tuntuu niin ihanalta!<\/p>\n<p>Kananen kertoo tavanneensa yst\u00e4vi\u00e4\u00e4n ja liikkuneensa samaan tapaan kuin ennenkin. Vauva on my\u00f6s l\u00e4hent\u00e4nyt heit\u00e4 perheenj\u00e4senten kanssa, kun pariskunnan vanhempia tulee tavattua aiempaa enemm\u00e4n.<\/p>\n<p>Pari aikoo antaa tilaa lapsensa kasvulle:<\/p>\n<p>\u2013 Haluan et Dalluriinista kasvaa sellainen kuin kasvaa. Me annetaan vaan alku el\u00e4m\u00e4\u00e4n.<\/p>\n<p>Vauvan harmituskaan ei tuoreita vanhempia lannista, vaan Kananen ottaa sen mielenkiintoisena teht\u00e4v\u00e4n\u00e4:<\/p>\n<p>\u2013 Kun vauvalla joku huonosti, m\u00e4 tykk\u00e4\u00e4n kokeilla ja selvitt\u00e4\u00e4 et mik\u00e4 se olis!<\/p>\n<p>Lue my\u00f6s: <a href=\"https:\/\/www.voice.fi\/viihde\/tassa-on-auri-kanasen-vauva\" title=\"T\u00e4ss\u00e4 on Auri Kanasen vauva\" class=\"underline-custom !font-montserrat !font-bold !underline-offset-4 !decoration-4 !decoration-tilt-light !text-md\" rel=\"nofollow noopener\" target=\"_blank\">T\u00e4ss\u00e4 on Auri Kanasen vauva<\/a><\/p>\n<p>Lue my\u00f6s: <a href=\"https:\/\/www.voice.fi\/koti\/a-213722\" title=\"MTV: Siivousguru Auri Kananen jakaa ikkunanpesuvinkkins\u00e4 \u2013 tiskiaineen kanssa oltava varovainen\" class=\"underline-custom !font-montserrat !font-bold !underline-offset-4 !decoration-4 !decoration-tilt-light !text-md\" rel=\"nofollow noopener\" target=\"_blank\">MTV: Siivousguru Auri Kananen jakaa ikkunanpesuvinkkins\u00e4 \u2013 tiskiaineen kanssa oltava varovainen<\/a><\/p>\n<p>Imetyksest\u00e4 h\u00e4n kertoo tulevansa onnelliseksi:<\/p>\n<p>\u2013 Imetys on ihanaa, vauvaa on ihana tuijotella ja saada itkekin jotain hyv\u00e4nolonhormonia.<\/p>\n<p>Siivousguruna tunnettu Kananen syleilee my\u00f6s vauvan my\u00f6t\u00e4 lis\u00e4\u00e4ntynytt\u00e4 puhdistuksen ja siivouksen tarvetta:<\/p>\n<p>\u2013 Oon kova vaihtaan vaippaa eik\u00e4 mua yht\u00e4\u00e4n haittaa se, p\u00e4invastoin. Siin\u00e4 on jotain siivouksenomaista.<\/p>\n<p>\u2013 Lis\u00e4\u00e4ntynyt pyykkim\u00e4\u00e4r\u00e4 on huumaavaa.<\/p>\n<p>Fanit ihastelevat Kanasen mukana:<\/p>\n<p>\u2013 Onpas virkist\u00e4v\u00e4\u00e4 lukea vaihteeksi positiivisia mainintoja vauva-arjesta! Ihan liian usein se keskustelu tai p\u00e4ivitykset ajautuvat siihen, kuinka hirve\u00e4n haastavaa\/kuormittavaa\/raskasta\/v\u00e4sytt\u00e4v\u00e4\u00e4 jne kaikki on\u2026 Ihan varmasti n\u00e4it\u00e4 kaikkia v\u00e4lill\u00e4, mutta on silti paljolti asenteesta kiinni, miten asioihin suhtautuu.<\/p>\n<p>\u2013 Ihanaa lukea sun kokemuksia \u00e4itiydest\u00e4.<\/p>\n<p>\u2013 Toi vauva-aika on niin parasta!<\/p>\n<p>\u2013 Ihana kuulla \u00e4itiydest\u00e4 ja vastasyntyneen kanssa olemisesta puhuttavan positiiviseen s\u00e4vyyn! Mulla on sama kokemus, ett\u00e4 vauvojen kanssa oli p\u00e4\u00e4osin helppoa ja kivaa.<\/p>\n<p>\u2013 \u00c4itiys on parasta.<\/p>\n<p>\u2013 Todellakin lapsen saaminen poistaa el\u00e4m\u00e4st\u00e4 tyhjyyden ja tylsyyden, ja mahdollisen merkityksett\u00f6myyden tunteen.<\/p>\n<p>\u2013 Oot kyll\u00e4 super\u00e4iti.<\/p>\n","protected":false},"excerpt":{"rendered":"Yritt\u00e4j\u00e4 ja somevaikuttaja Auri Kananen sai puolisonsa Sami Salmisen kanssa lapsen marraskuussa. Kananen julkaisi rankasta synnytyskokemuksestaan videosarjan, jonka&hellip;\n","protected":false},"author":2,"featured_media":115593,"comment_status":"","ping_status":"","sticky":false,"template":"","format":"standard","meta":{"footnotes":""},"categories":[130],"tags":[137,33,31,30,3340,32,21153,5003,109],"class_list":{"0":"post-115592","1":"post","2":"type-post","3":"status-publish","4":"format-standard","5":"has-post-thumbnail","7":"category-viihde","8":"tag-entertainment","9":"tag-fi","10":"tag-finland","11":"tag-finnish","12":"tag-imetys","13":"tag-suomi","14":"tag-vaipanvaihto","15":"tag-vauva-arki","16":"tag-viihde"},"share_on_mastodon":{"url":"https:\/\/pubeurope.com\/@fi\/115714063270853765","error":""},"_links":{"self":[{"href":"https:\/\/www.europesays.com\/fi\/wp-json\/wp\/v2\/posts\/115592","targetHints":{"allow":["GET"]}}],"collection":[{"href":"https:\/\/www.europesays.com\/fi\/wp-json\/wp\/v2\/posts"}],"about":[{"href":"https:\/\/www.europesays.com\/fi\/wp-json\/wp\/v2\/types\/post"}],"author":[{"embeddable":true,"href":"https:\/\/www.europesays.com\/fi\/wp-json\/wp\/v2\/users\/2"}],"replies":[{"embeddable":true,"href":"https:\/\/www.europesays.com\/fi\/wp-json\/wp\/v2\/comments?post=115592"}],"version-history":[{"count":0,"href":"https:\/\/www.europesays.com\/fi\/wp-json\/wp\/v2\/posts\/115592\/revisions"}],"wp:featuredmedia":[{"embeddable":true,"href":"https:\/\/www.europesays.com\/fi\/wp-json\/wp\/v2\/media\/115593"}],"wp:attachment":[{"href":"https:\/\/www.europesays.com\/fi\/wp-json\/wp\/v2\/media?parent=115592"}],"wp:term":[{"taxonomy":"category","embeddable":true,"href":"https:\/\/www.europesays.com\/fi\/wp-json\/wp\/v2\/categories?post=115592"},{"taxonomy":"post_tag","embeddable":true,"href":"https:\/\/www.europesays.com\/fi\/wp-json\/wp\/v2\/tags?post=115592"}],"curies":[{"name":"wp","href":"https:\/\/api.w.org\/{rel}","templated":true}]}}